{"id":17258,"date":"2021-07-19T23:06:33","date_gmt":"2021-07-19T23:06:33","guid":{"rendered":"https:\/\/visionciudadana.com.mx\/chio\/2021\/07\/19\/alcalde-lic-jesus-estrada-ferreiro-informa-nuevas-medidas-sanitarias-contra-covid-19\/"},"modified":"2025-06-25T00:11:53","modified_gmt":"2025-06-25T00:11:53","slug":"alcalde-lic-jesus-estrada-ferreiro-informa-nuevas-medidas-sanitarias-contra-covid-19","status":"publish","type":"post","link":"https:\/\/visionciudadana.com.mx\/oficial\/2021\/07\/19\/alcalde-lic-jesus-estrada-ferreiro-informa-nuevas-medidas-sanitarias-contra-covid-19\/","title":{"rendered":"Alcalde Lic. Jes\u00fas Estrada Ferreiro, informa nuevas medidas sanitarias contra COVID-19"},"content":{"rendered":"<p>&nbsp;<\/p>\n<p><img fetchpriority=\"high\" decoding=\"async\" src=\"images\/2021\/julio21\/medidas.jpg\" alt=\"medidas\" width=\"720\" height=\"480\" style=\"display: block; margin: 20px auto;\" \/><\/p>\n<p class=\"x_MsoNormal\" style=\"text-align: justify;\"><span style=\"font-size: 14pt; font-family: arial, helvetica, sans-serif;\">Derivado de las condiciones de salud originadas por la pandemia de COVID-19 el alcalde Lic. Jes\u00fas Estrada Ferreiro, inform\u00f3 que es primordial reforzar las medidas para evitar nuevos casos, es por ello que inform\u00f3 que se a\u00f1aden nuevas disposiciones a las ya implementadas en el municipio.<\/span><\/p>\n<p style=\"text-align: justify;\">&nbsp;<\/p>\n<p class=\"x_MsoNormal\" style=\"text-align: justify;\"><span style=\"font-size: 14pt; font-family: arial, helvetica, sans-serif;\">Al participar en reuni\u00f3n del Consejo Estatal de Seguridad en Salud, el presidente municipal recalc\u00f3 que el Ayuntamiento ha hecho lo necesario para combatir la contingencia sanitaria, sin embargo en este momento es indispensable no relajarse y reforzar las medidas emitidas por el Sector Salud.<\/span><\/p>\n<p style=\"text-align: justify;\">&nbsp;<\/p>\n<p class=\"x_MsoNormal\" style=\"text-align: justify;\"><span style=\"font-size: 14pt; font-family: arial, helvetica, sans-serif;\">\u201cA partir de ma\u00f1ana se van a cerrar los tianguis y los gimnasios tambi\u00e9n, porque no es posible que un gimnasio est\u00e9 libre de contagio cuando est\u00e1n tocando los aparatos, uno y otro cliente\u201d, dijo.<\/span><\/p>\n<p style=\"text-align: justify;\">&nbsp;<\/p>\n<p class=\"x_MsoNormal\" style=\"text-align: justify;\"><span style=\"font-size: 14pt; font-family: arial, helvetica, sans-serif;\">Precis\u00f3 que en el caso de parques continuar\u00e1n abiertos porque son lugares que fomentan el sano esparcimiento y la actividad f\u00edsica, pero se limitar\u00e1 el uso de ejercitadores.<\/span><\/p>\n<p style=\"text-align: justify;\">&nbsp;<\/p>\n<p class=\"x_MsoNormal\" style=\"text-align: justify;\"><span style=\"font-size: 14pt; font-family: arial, helvetica, sans-serif;\">Los deportes de contacto como futbol, sotfbol y boxeo quedan suspendidos.<\/span><\/p>\n<p style=\"text-align: justify;\">&nbsp;<\/p>\n<p class=\"x_MsoNormal\" style=\"text-align: justify;\"><span style=\"font-size: 14pt; font-family: arial, helvetica, sans-serif;\">En el caso de los tianguis especific\u00f3 que se permitir\u00e1 que funcionen ma\u00f1ana martes para que los comerciantes puedan vender la mercanc\u00eda perecedera con la que ya cuentan, pero a partir del mi\u00e9rcoles 21 de julio ser\u00e1n cerrados.<\/span><\/p>\n<p style=\"text-align: justify;\">&nbsp;<\/p>\n<p class=\"x_MsoNormal\" style=\"text-align: justify;\"><span style=\"font-size: 14pt; font-family: arial, helvetica, sans-serif;\">En tanto que los gimnasios a partir de ma\u00f1ana martes 20 de julio no podr\u00e1n operar, todo ello hasta nuevo aviso y en tanto las condiciones del Sem\u00e1foro de Riesgo Epidemiol\u00f3gico que en este momento est\u00e1 en rojo, lo permitan.<\/span><\/p>\n<p style=\"text-align: justify;\">&nbsp;<\/p>\n<p class=\"x_MsoNormal\" style=\"text-align: justify;\"><span style=\"font-size: 14pt; font-family: arial, helvetica, sans-serif;\">Los centros nocturnos que no cuentan con servicio de restaurante contin\u00faan cerrados y aquellos que s\u00ed lo tienen deben seguir operando hasta la 1:00 a.m.<\/span><\/p>\n<p style=\"text-align: justify;\">&nbsp;<\/p>\n<p class=\"x_MsoNormal\" style=\"text-align: justify;\"><span style=\"font-size: 14pt; font-family: arial, helvetica, sans-serif;\">El primer edil agreg\u00f3 que choferes y usuarios de transporte p\u00fablico deben seguir con uso de cubrebocas, es por ello que los operativos de revisi\u00f3n por parte de la Secretar\u00eda de Seguridad P\u00fablica y Tr\u00e1nsito Municipal, continuar\u00e1n para verificar que se cumpla puntualmente con la disposici\u00f3n.<\/span><\/p>\n<p style=\"text-align: justify;\">&nbsp;<\/p>\n<p class=\"x_MsoNormal\" style=\"text-align: justify;\"><span style=\"font-size: 14pt; font-family: arial, helvetica, sans-serif;\">Los restaurantes y establecimientos de comida, deben mantener aforo reducido al 50 por ciento, solo dos comensales por mesa individual, en caso de unir mesas no deber\u00e1 haber comensales en las cabeceras para guardar sana distancia; asimismo, sillas y mesas que no ser\u00e1n utilizadas tambi\u00e9n deben ser retiradas.<\/span><\/p>\n<p style=\"text-align: justify;\">&nbsp;<\/p>\n<p class=\"x_MsoNormal\" style=\"text-align: justify;\"><span style=\"font-size: 14pt; font-family: arial, helvetica, sans-serif;\">Indic\u00f3 que la sanitizaci\u00f3n de mesas debe ser con papel desechable, no utilizar manteles y no usar guantes ya que son factor de contagio.<\/span><\/p>\n<p style=\"text-align: justify;\">&nbsp;<\/p>\n<p class=\"x_MsoNormal\" style=\"text-align: justify;\"><span style=\"font-size: 14pt; font-family: arial, helvetica, sans-serif;\">Reiter\u00f3 que los menores de 12 a\u00f1os no deben ingresar a establecimientos comerciales, supermercados y restaurantes, debido a que recientemente los casos de COVID-19 en ni\u00f1as y ni\u00f1os han aumentado.<\/span><\/p>\n<p style=\"text-align: justify;\">&nbsp;<\/p>\n<p class=\"x_MsoNormal\" style=\"text-align: justify;\"><span style=\"font-size: 14pt; font-family: arial, helvetica, sans-serif;\">Estrada Ferreiro asever\u00f3 que su objetivo principal como presidente municipal, es proteger la salud de la poblaci\u00f3n a quien llam\u00f3 nuevamente a colaborar con el acato de las medidas sanitarias y no relajarse durante el actual periodo vacacional, usar cubrebocas, guardar sana distancia, sanitizar sus manos pero sobre todo a no salir de casa si no es necesario para lograr detener la contingencia sanitaria.<\/span><\/p>\n<p style=\"text-align: justify;\">&nbsp;<\/p>\n<p style=\"text-align: justify;\">&nbsp;<\/p>\n<p style=\"text-align: justify;\"><span style=\"font-size: 14pt; font-family: arial, helvetica, sans-serif;\">REDACCI\u00d3N\/VISI\u00d3N CIUDADANA.<\/span><\/p>\n","protected":false},"excerpt":{"rendered":"<p>&nbsp; Derivado de las condiciones de salud originadas por la pandemia de COVID-19 el alcalde Lic. Jes\u00fas Estrada Ferreiro, inform\u00f3 que es primordial reforzar las medidas para evitar nuevos casos, es por ello que inform\u00f3 que se a\u00f1aden nuevas disposiciones a las ya implementadas en el municipio. &nbsp; Al participar en reuni\u00f3n del Consejo Estatal [&hellip;]<\/p>\n","protected":false},"author":1,"featured_media":1203,"comment_status":"closed","ping_status":"closed","sticky":false,"template":"","format":"standard","meta":{"footnotes":""},"categories":[24],"tags":[],"ppma_author":[31],"class_list":["post-17258","post","type-post","status-publish","format-standard","has-post-thumbnail","hentry","category-relevantes"],"aioseo_notices":[],"authors":[{"term_id":31,"user_id":1,"is_guest":0,"slug":"ivan3vino","display_name":"Iv\u00e1n Trevi\u00f1o","avatar_url":{"url":"https:\/\/visionciudadana.com.mx\/oficial\/wp-content\/uploads\/2025\/09\/columna-ivan-Trevino.png","url2x":"https:\/\/visionciudadana.com.mx\/oficial\/wp-content\/uploads\/2025\/09\/columna-ivan-Trevino.png"},"0":null,"1":"","2":"","3":"","4":"","5":"","6":"","7":"","8":""}],"_links":{"self":[{"href":"https:\/\/visionciudadana.com.mx\/oficial\/wp-json\/wp\/v2\/posts\/17258","targetHints":{"allow":["GET"]}}],"collection":[{"href":"https:\/\/visionciudadana.com.mx\/oficial\/wp-json\/wp\/v2\/posts"}],"about":[{"href":"https:\/\/visionciudadana.com.mx\/oficial\/wp-json\/wp\/v2\/types\/post"}],"author":[{"embeddable":true,"href":"https:\/\/visionciudadana.com.mx\/oficial\/wp-json\/wp\/v2\/users\/1"}],"replies":[{"embeddable":true,"href":"https:\/\/visionciudadana.com.mx\/oficial\/wp-json\/wp\/v2\/comments?post=17258"}],"version-history":[{"count":1,"href":"https:\/\/visionciudadana.com.mx\/oficial\/wp-json\/wp\/v2\/posts\/17258\/revisions"}],"predecessor-version":[{"id":30812,"href":"https:\/\/visionciudadana.com.mx\/oficial\/wp-json\/wp\/v2\/posts\/17258\/revisions\/30812"}],"wp:featuredmedia":[{"embeddable":true,"href":"https:\/\/visionciudadana.com.mx\/oficial\/wp-json\/wp\/v2\/posts\/1203"}],"wp:attachment":[{"href":"https:\/\/visionciudadana.com.mx\/oficial\/wp-json\/wp\/v2\/media?parent=17258"}],"wp:term":[{"taxonomy":"category","embeddable":true,"href":"https:\/\/visionciudadana.com.mx\/oficial\/wp-json\/wp\/v2\/categories?post=17258"},{"taxonomy":"post_tag","embeddable":true,"href":"https:\/\/visionciudadana.com.mx\/oficial\/wp-json\/wp\/v2\/tags?post=17258"},{"taxonomy":"author","embeddable":true,"href":"https:\/\/visionciudadana.com.mx\/oficial\/wp-json\/wp\/v2\/ppma_author?post=17258"}],"curies":[{"name":"wp","href":"https:\/\/api.w.org\/{rel}","templated":true}]}}