{"id":17253,"date":"2021-07-15T19:44:42","date_gmt":"2021-07-15T19:44:42","guid":{"rendered":"https:\/\/visionciudadana.com.mx\/chio\/2021\/07\/15\/el-gobernador-del-estado-apoyara-a-la-uas-en-el-mejoramiento-de-la-infraestructura-para-el-inicio-de-clases\/"},"modified":"2025-06-25T00:11:53","modified_gmt":"2025-06-25T00:11:53","slug":"el-gobernador-del-estado-apoyara-a-la-uas-en-el-mejoramiento-de-la-infraestructura-para-el-inicio-de-clases","status":"publish","type":"post","link":"https:\/\/visionciudadana.com.mx\/oficial\/2021\/07\/15\/el-gobernador-del-estado-apoyara-a-la-uas-en-el-mejoramiento-de-la-infraestructura-para-el-inicio-de-clases\/","title":{"rendered":"El Gobernador del Estado apoyar\u00e1 a la UAS en el mejoramiento de la infraestructura para el inicio de clases"},"content":{"rendered":"<p class=\"x_MsoNormal\"><span lang=\"ES\">&nbsp;<img fetchpriority=\"high\" decoding=\"async\" src=\"images\/2021\/julio21\/apoyo.jpg\" alt=\"apoyo\" width=\"720\" height=\"480\" style=\"display: block; margin: 20px auto;\" \/><\/span><\/p>\n<p class=\"x_MsoNormal\" style=\"text-align: justify;\"><span style=\"font-size: 14pt; font-family: arial, helvetica, sans-serif;\">El Rector de la Universidad Aut\u00f3noma de Sinaloa (UAS), doctor Jes\u00fas Madue\u00f1a Molina, sostuvo una reuni\u00f3n de trabajo con el Gobernador del Estado, licenciado Quirino Ordaz Coppel, donde el mandatario estatal se comprometi\u00f3 a generar las condiciones necesarias para el mejoramiento de la infraestructura universitaria ante el posible inicio de clases presenciales.<\/span><\/p>\n<p style=\"text-align: justify;\">&nbsp;<\/p>\n<p class=\"x_MsoNormal\" style=\"text-align: justify;\"><span style=\"font-size: 14pt; font-family: arial, helvetica, sans-serif;\">La reuni\u00f3n de los dirigentes se realiz\u00f3 en la Torre de Rector\u00eda del Campus Buelna, donde el Gobernador reiter\u00f3 su apoyo a la Universidad.<\/span><\/p>\n<p style=\"text-align: justify;\">&nbsp;<\/p>\n<p class=\"x_MsoNormal\" style=\"text-align: justify;\"><span style=\"font-size: 14pt; font-family: arial, helvetica, sans-serif;\">\u201cEstoy muy contento y complacido con lo que el se\u00f1or Gobernador se ha comprometido con nosotros para seguirnos apoyando hasta el \u00faltimo d\u00eda de su mandato. Le plante\u00e9 la rehabilitaci\u00f3n de espacios y ah\u00ed nos ayudar\u00e1 para salir adelante. Yo le dec\u00eda que tenemos durante el tiempo de la pandemia un abandono en los espacios y para poder rehabilitarlos y trabajar en el regreso a clases presenciales se requiere una gran inversi\u00f3n\u201d, detall\u00f3 el Rector.<\/span><\/p>\n<p style=\"text-align: justify;\">&nbsp;<\/p>\n<p class=\"x_MsoNormal\" style=\"text-align: justify;\"><span style=\"font-size: 14pt; font-family: arial, helvetica, sans-serif;\">Madue\u00f1a Molina comparti\u00f3 su benepl\u00e1cito por la visita del Gobernador, reuni\u00f3n que calific\u00f3 de amena y de confianza, y en la que abordaron diversos temas.<\/span><\/p>\n<p style=\"text-align: justify;\">&nbsp;<\/p>\n<p class=\"x_MsoNormal\" style=\"text-align: justify;\"><span style=\"font-size: 14pt; font-family: arial, helvetica, sans-serif;\">\u201cNosotros estamos con un compromiso muy grande con el Gobierno del Estado y con la Federaci\u00f3n, lo que la Universidad pueda hacer para seguir apoyando en esta estrategia de vacunaci\u00f3n lo coment\u00e9 con el se\u00f1or Gobernador, estamos muy comprometidos y seguiremos trabajando\u201d, manifest\u00f3.<\/span><\/p>\n<p style=\"text-align: justify;\">&nbsp;<\/p>\n<p class=\"x_MsoNormal\" style=\"text-align: justify;\"><span style=\"font-size: 14pt; font-family: arial, helvetica, sans-serif;\">Por su parte el Gobernador del estado enfatiz\u00f3 que la Universidad Aut\u00f3noma de Sinaloa es parte esencial de la estabilidad y gobernabilidad en la entidad.<\/span><\/p>\n<p style=\"text-align: justify;\">&nbsp;<\/p>\n<p class=\"x_MsoNormal\" style=\"text-align: justify;\"><span style=\"font-size: 14pt; font-family: arial, helvetica, sans-serif;\">\u201cTraemos tareas pendientes, sobre todo apoyar en el tema de infraestructura, ahorita los recursos son muy limitados y no podemos seguir permitiendo que se sigan deteriorando muchas \u00e1reas e instalaciones, por eso los fondos que hay para esas obras es importante que se agilicen, y en el caso de Gobierno del Estado vamos a empujar para que en lo que resta de la administraci\u00f3n puedan disponer de estos fondos prioritarios para que empujen estas obras\u201d, expres\u00f3 Ordaz Coppel.<\/span><\/p>\n<p style=\"text-align: justify;\">&nbsp;<\/p>\n<p class=\"x_MsoNormal\" style=\"text-align: justify;\"><span style=\"font-size: 14pt; font-family: arial, helvetica, sans-serif;\">Tambi\u00e9n indic\u00f3 que la esencia de la reuni\u00f3n fue para continuar apoyando a la Universidad.<\/span><\/p>\n<p style=\"text-align: justify;\">&nbsp;<\/p>\n<p class=\"x_MsoNormal\" style=\"text-align: justify;\"><span style=\"font-size: 14pt; font-family: arial, helvetica, sans-serif;\">\u201cPara m\u00ed es fundamental, le tengo mucho reconocimiento a mi amigo Jes\u00fas Madue\u00f1a, va a ser un gran Rector, va a hacer un extraordinario trabajo al frente de la Universidad\u201d, dijo el Gobernador al t\u00e9rmino del encuentro.<\/span><\/p>\n<p style=\"text-align: justify;\">&nbsp;<\/p>\n<p class=\"x_MsoNormal\" style=\"text-align: justify;\"><span style=\"font-size: 14pt; font-family: arial, helvetica, sans-serif;\">El mandatario estatal expuso que dejar\u00e1 la responsabilidad de su cargo en medio de la elaboraci\u00f3n del presupuesto para el 2022, pero que \u201cempujar\u00e1\u201d y ayudar\u00e1 para que los pendientes m\u00e1s urgentes y prioritarios de la Universidad se contemplen y las obras se concreten.<\/span><\/p>\n<p style=\"text-align: justify;\">&nbsp;<\/p>\n<p class=\"x_MsoNormal\" style=\"text-align: justify;\"><span style=\"font-size: 14pt; font-family: arial, helvetica, sans-serif;\">\u201cDesde un principio consider\u00e9 que parte estrat\u00e9gica de mi Gobierno era ser aliado y amigo de la Universidad, lo quise demostrar con hechos, no con rollos ni promesas ni discursos; los primeros meses hicimos la donaci\u00f3n de siete hect\u00e1reas aqu\u00ed (aleda\u00f1as) en Rector\u00eda, era algo que anhelaba mucho la Universidad y no se hab\u00eda concretado, y creo que fue un acto de dar muestra que Sinaloa necesita una Universidad que cada vez est\u00e9 m\u00e1s s\u00f3lida y que le da tanto prestigio al estado a nivel nacional e internacional\u201d, enfatiz\u00f3.<\/span><\/p>\n<p style=\"text-align: justify;\">&nbsp;<\/p>\n<p class=\"x_MsoNormal\" style=\"text-align: justify;\"><span style=\"font-size: 14pt; font-family: arial, helvetica, sans-serif;\">Ordaz Coppel record\u00f3 el apoyo otorgado por su gobierno a la UAS en cada fin de a\u00f1o, mediante pr\u00e9stamos o adelantos de recursos, adem\u00e1s de que constantemente acompa\u00f1\u00f3 al Rector ante la Secretar\u00eda de Educaci\u00f3n P\u00fablica para la gesti\u00f3n de recursos, demostrando la relaci\u00f3n arm\u00f3nica entre ambas instituciones.<\/span><\/p>\n<p style=\"text-align: justify;\">&nbsp;<\/p>\n<p style=\"text-align: justify;\">&nbsp;<\/p>\n<p style=\"text-align: justify;\"><span style=\"font-size: 14pt; font-family: arial, helvetica, sans-serif;\">REDACCI\u00d3N\/VISI\u00d3N CIUDADANA.<\/span><\/p>\n","protected":false},"excerpt":{"rendered":"<p>&nbsp; El Rector de la Universidad Aut\u00f3noma de Sinaloa (UAS), doctor Jes\u00fas Madue\u00f1a Molina, sostuvo una reuni\u00f3n de trabajo con el Gobernador del Estado, licenciado Quirino Ordaz Coppel, donde el mandatario estatal se comprometi\u00f3 a generar las condiciones necesarias para el mejoramiento de la infraestructura universitaria ante el posible inicio de clases presenciales. &nbsp; La [&hellip;]<\/p>\n","protected":false},"author":1,"featured_media":1196,"comment_status":"closed","ping_status":"closed","sticky":false,"template":"","format":"standard","meta":{"footnotes":""},"categories":[13],"tags":[],"ppma_author":[31],"class_list":["post-17253","post","type-post","status-publish","format-standard","has-post-thumbnail","hentry","category-locales"],"aioseo_notices":[],"authors":[{"term_id":31,"user_id":1,"is_guest":0,"slug":"ivan3vino","display_name":"Iv\u00e1n Trevi\u00f1o","avatar_url":{"url":"https:\/\/visionciudadana.com.mx\/oficial\/wp-content\/uploads\/2025\/09\/columna-ivan-Trevino.png","url2x":"https:\/\/visionciudadana.com.mx\/oficial\/wp-content\/uploads\/2025\/09\/columna-ivan-Trevino.png"},"0":null,"1":"","2":"","3":"","4":"","5":"","6":"","7":"","8":""}],"_links":{"self":[{"href":"https:\/\/visionciudadana.com.mx\/oficial\/wp-json\/wp\/v2\/posts\/17253","targetHints":{"allow":["GET"]}}],"collection":[{"href":"https:\/\/visionciudadana.com.mx\/oficial\/wp-json\/wp\/v2\/posts"}],"about":[{"href":"https:\/\/visionciudadana.com.mx\/oficial\/wp-json\/wp\/v2\/types\/post"}],"author":[{"embeddable":true,"href":"https:\/\/visionciudadana.com.mx\/oficial\/wp-json\/wp\/v2\/users\/1"}],"replies":[{"embeddable":true,"href":"https:\/\/visionciudadana.com.mx\/oficial\/wp-json\/wp\/v2\/comments?post=17253"}],"version-history":[{"count":1,"href":"https:\/\/visionciudadana.com.mx\/oficial\/wp-json\/wp\/v2\/posts\/17253\/revisions"}],"predecessor-version":[{"id":30814,"href":"https:\/\/visionciudadana.com.mx\/oficial\/wp-json\/wp\/v2\/posts\/17253\/revisions\/30814"}],"wp:featuredmedia":[{"embeddable":true,"href":"https:\/\/visionciudadana.com.mx\/oficial\/wp-json\/wp\/v2\/media\/1196"}],"wp:attachment":[{"href":"https:\/\/visionciudadana.com.mx\/oficial\/wp-json\/wp\/v2\/media?parent=17253"}],"wp:term":[{"taxonomy":"category","embeddable":true,"href":"https:\/\/visionciudadana.com.mx\/oficial\/wp-json\/wp\/v2\/categories?post=17253"},{"taxonomy":"post_tag","embeddable":true,"href":"https:\/\/visionciudadana.com.mx\/oficial\/wp-json\/wp\/v2\/tags?post=17253"},{"taxonomy":"author","embeddable":true,"href":"https:\/\/visionciudadana.com.mx\/oficial\/wp-json\/wp\/v2\/ppma_author?post=17253"}],"curies":[{"name":"wp","href":"https:\/\/api.w.org\/{rel}","templated":true}]}}