{"id":17252,"date":"2021-07-15T19:33:50","date_gmt":"2021-07-15T19:33:50","guid":{"rendered":"https:\/\/visionciudadana.com.mx\/chio\/2021\/07\/15\/continua-la-sspytm-labores-de-concientizacion-en-el-transporte-publico\/"},"modified":"2025-06-25T00:11:53","modified_gmt":"2025-06-25T00:11:53","slug":"continua-la-sspytm-labores-de-concientizacion-en-el-transporte-publico","status":"publish","type":"post","link":"https:\/\/visionciudadana.com.mx\/oficial\/2021\/07\/15\/continua-la-sspytm-labores-de-concientizacion-en-el-transporte-publico\/","title":{"rendered":"Contin\u00faa la SSPyTM labores de concientizaci\u00f3n en el transporte p\u00fablico \u00a0"},"content":{"rendered":"<div><img fetchpriority=\"high\" decoding=\"async\" src=\"images\/2021\/julio21\/concientizan.jpg\" alt=\"concientizan\" width=\"720\" height=\"480\" style=\"display: block; margin: 20px auto;\" \/><\/div>\n<div>&nbsp;<\/div>\n<div style=\"text-align: justify;\"><span style=\"font-size: 14pt; font-family: arial, helvetica, sans-serif;\">En apego a los acuerdos alcanzados con concesionarios del Transporte Urbano, el Gobierno de Culiac\u00e1n a trav\u00e9s de la Secretar\u00eda de Seguridad P\u00fablica y Tr\u00e1nsito Municipal, mantiene las medidas implementadas en el Operativo Cubrebocas.&nbsp;<\/span><\/div>\n<div style=\"text-align: justify;\">&nbsp;<\/div>\n<div style=\"text-align: justify;\"><span style=\"font-size: 14pt; font-family: arial, helvetica, sans-serif;\"><\/span><\/div>\n<div style=\"text-align: justify;\"><span style=\"font-size: 14pt; font-family: arial, helvetica, sans-serif;\">Esto con la finalidad de reforzar las acciones de prevenci\u00f3n tras la ola de contagios por Covid-19, los cuales han ido en aumento en las \u00faltimas semanas en la capital sinaloense.<\/span><\/div>\n<div style=\"text-align: justify;\">&nbsp;<\/div>\n<div style=\"text-align: justify;\"><span style=\"font-size: 14pt; font-family: arial, helvetica, sans-serif;\"><\/span><\/div>\n<div style=\"text-align: justify;\"><span style=\"font-size: 14pt; font-family: arial, helvetica, sans-serif;\">El objetivo de este ejercicio realizado tanto en la ciudad como en sindicaturas, es concientizar y recordar tanto a conductores de camiones urbanos, como a usuarios, la importancia del uso correcto del cubrebocas, aunado al acato de la sana distancia y la sanitizaci\u00f3n frecuente de manos, factores de suma importancia para inhibir los contagios.&nbsp;<\/span><\/div>\n<div style=\"text-align: justify;\"><span style=\"font-size: 14pt; font-family: arial, helvetica, sans-serif;\"><\/span><\/div>\n<div style=\"text-align: justify;\">&nbsp;<\/div>\n<div style=\"text-align: justify;\"><span style=\"font-size: 14pt; font-family: arial, helvetica, sans-serif;\">En caso de no atender el llamado, los oficiales de Vialidad est\u00e1n facultados para solicitar la intervenci\u00f3n de la polic\u00eda municipal, esto para lograr que se cumplan las disposiciones del Sector Salud.<\/span><\/div>\n<div style=\"text-align: justify;\">&nbsp;<\/div>\n<div style=\"text-align: justify;\"><span style=\"font-size: 14pt; font-family: arial, helvetica, sans-serif;\"><\/span><\/div>\n<div style=\"text-align: justify;\"><span style=\"font-size: 14pt; font-family: arial, helvetica, sans-serif;\">La pandemia todav\u00eda no termina, es por ello que el Gobierno de Culiac\u00e1n solicita la colaboraci\u00f3n de la ciudadan\u00eda y el acato de las medidas sanitarias, ya que de esa manera se lograr\u00e1 disminuir los contagios en la ciudad y salvaguardar la salud de los Culiacanenses.<\/span><\/div>\n<div style=\"text-align: justify;\">&nbsp;<\/div>\n<div style=\"text-align: justify;\">&nbsp;<\/div>\n<div style=\"text-align: justify;\">&nbsp;<\/div>\n<div style=\"text-align: justify;\"><span style=\"font-size: 14pt; font-family: arial, helvetica, sans-serif;\">REDACCI\u00d3N\/VISI\u00d3N CIUDADANA.<\/span><\/div>\n","protected":false},"excerpt":{"rendered":"<p>&nbsp; En apego a los acuerdos alcanzados con concesionarios del Transporte Urbano, el Gobierno de Culiac\u00e1n a trav\u00e9s de la Secretar\u00eda de Seguridad P\u00fablica y Tr\u00e1nsito Municipal, mantiene las medidas implementadas en el Operativo Cubrebocas.&nbsp; &nbsp; Esto con la finalidad de reforzar las acciones de prevenci\u00f3n tras la ola de contagios por Covid-19, los cuales [&hellip;]<\/p>\n","protected":false},"author":1,"featured_media":1194,"comment_status":"closed","ping_status":"closed","sticky":false,"template":"","format":"standard","meta":{"footnotes":""},"categories":[24],"tags":[],"ppma_author":[31],"class_list":["post-17252","post","type-post","status-publish","format-standard","has-post-thumbnail","hentry","category-relevantes"],"aioseo_notices":[],"authors":[{"term_id":31,"user_id":1,"is_guest":0,"slug":"ivan3vino","display_name":"Iv\u00e1n Trevi\u00f1o","avatar_url":{"url":"https:\/\/visionciudadana.com.mx\/oficial\/wp-content\/uploads\/2025\/09\/columna-ivan-Trevino.png","url2x":"https:\/\/visionciudadana.com.mx\/oficial\/wp-content\/uploads\/2025\/09\/columna-ivan-Trevino.png"},"0":null,"1":"","2":"","3":"","4":"","5":"","6":"","7":"","8":""}],"_links":{"self":[{"href":"https:\/\/visionciudadana.com.mx\/oficial\/wp-json\/wp\/v2\/posts\/17252","targetHints":{"allow":["GET"]}}],"collection":[{"href":"https:\/\/visionciudadana.com.mx\/oficial\/wp-json\/wp\/v2\/posts"}],"about":[{"href":"https:\/\/visionciudadana.com.mx\/oficial\/wp-json\/wp\/v2\/types\/post"}],"author":[{"embeddable":true,"href":"https:\/\/visionciudadana.com.mx\/oficial\/wp-json\/wp\/v2\/users\/1"}],"replies":[{"embeddable":true,"href":"https:\/\/visionciudadana.com.mx\/oficial\/wp-json\/wp\/v2\/comments?post=17252"}],"version-history":[{"count":1,"href":"https:\/\/visionciudadana.com.mx\/oficial\/wp-json\/wp\/v2\/posts\/17252\/revisions"}],"predecessor-version":[{"id":30815,"href":"https:\/\/visionciudadana.com.mx\/oficial\/wp-json\/wp\/v2\/posts\/17252\/revisions\/30815"}],"wp:featuredmedia":[{"embeddable":true,"href":"https:\/\/visionciudadana.com.mx\/oficial\/wp-json\/wp\/v2\/media\/1194"}],"wp:attachment":[{"href":"https:\/\/visionciudadana.com.mx\/oficial\/wp-json\/wp\/v2\/media?parent=17252"}],"wp:term":[{"taxonomy":"category","embeddable":true,"href":"https:\/\/visionciudadana.com.mx\/oficial\/wp-json\/wp\/v2\/categories?post=17252"},{"taxonomy":"post_tag","embeddable":true,"href":"https:\/\/visionciudadana.com.mx\/oficial\/wp-json\/wp\/v2\/tags?post=17252"},{"taxonomy":"author","embeddable":true,"href":"https:\/\/visionciudadana.com.mx\/oficial\/wp-json\/wp\/v2\/ppma_author?post=17252"}],"curies":[{"name":"wp","href":"https:\/\/api.w.org\/{rel}","templated":true}]}}