{"id":17251,"date":"2021-07-15T19:30:57","date_gmt":"2021-07-15T19:30:57","guid":{"rendered":"https:\/\/visionciudadana.com.mx\/chio\/2021\/07\/15\/sinaloa-solicita-a-la-federacion-vacuna-para-poblacion-de-18-en-adelante\/"},"modified":"2025-06-25T00:11:54","modified_gmt":"2025-06-25T00:11:54","slug":"sinaloa-solicita-a-la-federacion-vacuna-para-poblacion-de-18-en-adelante","status":"publish","type":"post","link":"https:\/\/visionciudadana.com.mx\/oficial\/2021\/07\/15\/sinaloa-solicita-a-la-federacion-vacuna-para-poblacion-de-18-en-adelante\/","title":{"rendered":"Sinaloa solicita a la Federaci\u00f3n Vacuna para poblaci\u00f3n de 18 en adelante"},"content":{"rendered":"<div><img fetchpriority=\"high\" decoding=\"async\" src=\"images\/2021\/julio21\/solicita.jpg\" alt=\"solicita\" width=\"720\" height=\"480\" style=\"display: block; margin: 20px auto;\" \/><\/div>\n<div>&nbsp;<\/div>\n<div style=\"text-align: justify;\"><span style=\"font-size: 14pt; font-family: arial, helvetica, sans-serif;\">A m\u00e1s de un a\u00f1o de vivir en pandemia se ha demostrado que una de las medidas m\u00e1s efectivas para combatir el Covid 19 han sido el uso de cubre boca, lavado de manos y sana distancia principalmente. Sin embargo, se ha logrado demostrar que la vacunaci\u00f3n es de real importancia para proteger a la poblaci\u00f3n contra este virus, inform\u00f3 el Dr. Efr\u00e9n Encinas Torres, Secretario de Salud de Sinaloa.&nbsp;<\/span><\/div>\n<div style=\"text-align: justify;\">&nbsp;<\/div>\n<div style=\"text-align: justify;\">&nbsp;<\/div>\n<div style=\"text-align: justify;\"><span style=\"font-size: 14pt; font-family: arial, helvetica, sans-serif;\">El responsable de la Salud en el Estado, afirm\u00f3 que ante la efectividad que han demostrado las vacunas contra el Covid \u2013 19 para evitar que los casos positivos sean graves, el Gobierno de Sinaloa solicit\u00f3 ante la federaci\u00f3n que se agilice la campa\u00f1a de vacunaci\u00f3n en nuestro estado, a fin de que se garantice la vacunaci\u00f3n para poblaci\u00f3n joven de 18 a\u00f1os en adelante.<\/span><\/div>\n<div style=\"text-align: justify;\">&nbsp;<\/div>\n<div style=\"text-align: justify;\"><span style=\"font-size: 14pt; font-family: arial, helvetica, sans-serif;\"><\/span><\/div>\n<div style=\"text-align: justify;\"><span style=\"font-size: 14pt; font-family: arial, helvetica, sans-serif;\">\u201cSi observamos la mayor parte de los contagios ahorita han sido personas j\u00f3venes, de 18 a cuarenta y tantos a\u00f1os de edad y por ello si logramos vacunar a la poblaci\u00f3n de este rango de edad una vez vacunados por ejemplo que ya empezamos pues termina esta semana dos semanas despu\u00e9s ya tendr\u00edan te\u00f3ricamente la generaci\u00f3n de anti cuerpos y eso ayudar\u00eda para poder hacer una proyecci\u00f3n muy deseada desde luego de que disminuyeran los casos, probablemente para el mes de agosto mediados de agosto, ante ello tambi\u00e9n estamos en la espera de una posibilidad de una remesa importante que el propio Gobernador Quirino Ordaz ha hecho al Presidente de la Rep\u00fablica una cantidad fuerte para cubrir el rango de edades todav\u00eda a persona m\u00e1s j\u00f3venes que permitir\u00eda cubrir este n\u00famero de personas que l\u00f3gicamente est\u00e1 siendo m\u00e1s afectado porque no son vacunados\u201d, se\u00f1al\u00f3.<\/span><\/div>\n<div style=\"text-align: justify;\">&nbsp;<\/div>\n<div style=\"text-align: justify;\"><span style=\"font-size: 14pt; font-family: arial, helvetica, sans-serif;\"><\/span><\/div>\n<div style=\"text-align: justify;\"><span style=\"font-size: 14pt; font-family: arial, helvetica, sans-serif;\">El tambi\u00e9n Director General de los Servicios de Salud, detall\u00f3 que, actualmente el 80 por ciento de los pacientes hospitalizados no cuentan con ninguna dosis de vacuna, mientras que el 17 por ciento restante cuenta con esquema de una sola dosis y el 3% de los pacientes con el esquema completo, de ah\u00ed que se comprueba que la poblaci\u00f3n vulnerable es la poblaci\u00f3n no vacunada.<\/span><\/div>\n<div style=\"text-align: justify;\">&nbsp;<\/div>\n<div style=\"text-align: justify;\"><span style=\"font-size: 14pt; font-family: arial, helvetica, sans-serif;\"><\/span><\/div>\n<div style=\"text-align: justify;\"><span style=\"font-size: 14pt; font-family: arial, helvetica, sans-serif;\">Inform\u00f3 que, si bien la federaci\u00f3n podr\u00eda estar enviando a nuestro estado una remesa importante para la vacunaci\u00f3n de poblaci\u00f3n joven, es vital que en general nos empoderemos de nuestra propia salud con el auto cuidado, evitando espacios aglomerados, no salir de casa si no es necesario, y sobre todo continuar con las medidas de sanidad ya conocidas, para proteger as\u00ed nuestra salud y la de nuestros seres queridos.<\/span><\/div>\n<div style=\"text-align: justify;\">&nbsp;<\/div>\n<div style=\"text-align: justify;\">&nbsp;<\/div>\n<div style=\"text-align: justify;\"><span style=\"font-size: 14pt; font-family: arial, helvetica, sans-serif;\">En Sinaloa ya se han vacunado a 1 mill\u00f3n 173 mil 661 personas contra Covid 19 en los 18 municipios llegando a un 56.2% de la poblaci\u00f3n a vacunar. Cabe destacar que a pesar de que hasta el momento la aplicaci\u00f3n de vacunas es para mayores de 30 a\u00f1os en Sinaloa, se autoriz\u00f3 aplicar dosis \u00fanicas a personas mayores de 18 a\u00f1os en los municipios de Badiraguato y Choix, por su geograf\u00eda serrana de dif\u00edcil acceso.<\/span><\/div>\n<div style=\"text-align: justify;\">&nbsp;<\/div>\n<div style=\"text-align: justify;\">&nbsp;<\/div>\n<div style=\"text-align: justify;\">&nbsp;<\/div>\n<div style=\"text-align: justify;\"><span style=\"font-size: 14pt; font-family: arial, helvetica, sans-serif;\">REDACCI\u00d3N\/VISI\u00d3N CIUDADANA.<\/span><\/div>\n","protected":false},"excerpt":{"rendered":"<p>&nbsp; A m\u00e1s de un a\u00f1o de vivir en pandemia se ha demostrado que una de las medidas m\u00e1s efectivas para combatir el Covid 19 han sido el uso de cubre boca, lavado de manos y sana distancia principalmente. Sin embargo, se ha logrado demostrar que la vacunaci\u00f3n es de real importancia para proteger a [&hellip;]<\/p>\n","protected":false},"author":1,"featured_media":1192,"comment_status":"closed","ping_status":"closed","sticky":false,"template":"","format":"standard","meta":{"footnotes":""},"categories":[24],"tags":[],"ppma_author":[31],"class_list":["post-17251","post","type-post","status-publish","format-standard","has-post-thumbnail","hentry","category-relevantes"],"aioseo_notices":[],"authors":[{"term_id":31,"user_id":1,"is_guest":0,"slug":"ivan3vino","display_name":"Iv\u00e1n Trevi\u00f1o","avatar_url":{"url":"https:\/\/visionciudadana.com.mx\/oficial\/wp-content\/uploads\/2025\/09\/columna-ivan-Trevino.png","url2x":"https:\/\/visionciudadana.com.mx\/oficial\/wp-content\/uploads\/2025\/09\/columna-ivan-Trevino.png"},"0":null,"1":"","2":"","3":"","4":"","5":"","6":"","7":"","8":""}],"_links":{"self":[{"href":"https:\/\/visionciudadana.com.mx\/oficial\/wp-json\/wp\/v2\/posts\/17251","targetHints":{"allow":["GET"]}}],"collection":[{"href":"https:\/\/visionciudadana.com.mx\/oficial\/wp-json\/wp\/v2\/posts"}],"about":[{"href":"https:\/\/visionciudadana.com.mx\/oficial\/wp-json\/wp\/v2\/types\/post"}],"author":[{"embeddable":true,"href":"https:\/\/visionciudadana.com.mx\/oficial\/wp-json\/wp\/v2\/users\/1"}],"replies":[{"embeddable":true,"href":"https:\/\/visionciudadana.com.mx\/oficial\/wp-json\/wp\/v2\/comments?post=17251"}],"version-history":[{"count":1,"href":"https:\/\/visionciudadana.com.mx\/oficial\/wp-json\/wp\/v2\/posts\/17251\/revisions"}],"predecessor-version":[{"id":30816,"href":"https:\/\/visionciudadana.com.mx\/oficial\/wp-json\/wp\/v2\/posts\/17251\/revisions\/30816"}],"wp:featuredmedia":[{"embeddable":true,"href":"https:\/\/visionciudadana.com.mx\/oficial\/wp-json\/wp\/v2\/media\/1192"}],"wp:attachment":[{"href":"https:\/\/visionciudadana.com.mx\/oficial\/wp-json\/wp\/v2\/media?parent=17251"}],"wp:term":[{"taxonomy":"category","embeddable":true,"href":"https:\/\/visionciudadana.com.mx\/oficial\/wp-json\/wp\/v2\/categories?post=17251"},{"taxonomy":"post_tag","embeddable":true,"href":"https:\/\/visionciudadana.com.mx\/oficial\/wp-json\/wp\/v2\/tags?post=17251"},{"taxonomy":"author","embeddable":true,"href":"https:\/\/visionciudadana.com.mx\/oficial\/wp-json\/wp\/v2\/ppma_author?post=17251"}],"curies":[{"name":"wp","href":"https:\/\/api.w.org\/{rel}","templated":true}]}}