{"id":17249,"date":"2021-07-15T19:14:46","date_gmt":"2021-07-15T19:14:46","guid":{"rendered":"https:\/\/visionciudadana.com.mx\/chio\/2021\/07\/15\/el-partido-sinaloense-continua-con-su-campamento-infantil-hector-melesio-cuen-ojeda\/"},"modified":"2025-06-25T00:11:54","modified_gmt":"2025-06-25T00:11:54","slug":"el-partido-sinaloense-continua-con-su-campamento-infantil-hector-melesio-cuen-ojeda","status":"publish","type":"post","link":"https:\/\/visionciudadana.com.mx\/oficial\/2021\/07\/15\/el-partido-sinaloense-continua-con-su-campamento-infantil-hector-melesio-cuen-ojeda\/","title":{"rendered":"\u201cEl Partido Sinaloense continua con su Campamento Infantil\u201d: H\u00e9ctor Melesio Cu\u00e9n Ojeda."},"content":{"rendered":"<div>&nbsp;<\/div>\n<div style=\"text-align: justify;\"><img fetchpriority=\"high\" decoding=\"async\" src=\"images\/2021\/julio21\/curso.jpg\" alt=\"curso\" width=\"720\" height=\"480\" style=\"display: block; margin: 20px auto;\" \/><\/p>\n<p><span style=\"font-size: 14pt; font-family: arial, helvetica, sans-serif;\">La Glorieta, columna oficial de El Debate de Culiac\u00e1n da a conocer que la Secretar\u00eda de Educaci\u00f3n P\u00fablica y Cultura formaliza la suspensi\u00f3n de los cursos de verano argumentando la pandemia que vivimos, nos interesa como Partido Sinaloense informar a la sociedad de Sinaloa que el Partido Sinaloense contin\u00faa atendiendo el Segundo Verano Virtual dirigido a ni\u00f1as y ni\u00f1os e incluso a sus padres de familia.<\/span><\/div>\n<div style=\"text-align: justify;\">\n<p><span style=\"font-size: 14pt; font-family: arial, helvetica, sans-serif;\">Cu\u00e9n Ojeda reiter\u00f3 \u201cque el objetivo de estos campamentos es difundir la ciencia, la cultura, y lo vamos a seguir haciendo ahora para que los ni\u00f1os tengan la oportunidad a trav\u00e9s de plataforma zoom de poder nutrir sus criterios de conocimiento y crecer mucho dado que ellos como ni\u00f1os asumen todo como esponjas y eso les ayudar\u00e1 mucho en su vida\u201d.<\/span><\/div>\n<div style=\"text-align: justify;\">\n<p><span style=\"font-size: 14pt; font-family: arial, helvetica, sans-serif;\">Afortunadamente es posible seguir trabajando en l\u00ednea, all\u00ed est\u00e1 el ejemplo del Programa el M\u00e9dico en L\u00ednea, lo cual es una maravilla de tal forma que al momento se han realizado m\u00e1s de 40 mil consultas a trav\u00e9s de la p\u00e1gina digital del Partido Sinaloense, y la verdad la gente est\u00e1 muy agradecida, pues ni a nivel gubernamental se tiene este programa, coment\u00f3 Cu\u00e9n Ojeda.<\/span><\/div>\n<div style=\"text-align: justify;\">\n<p><span style=\"font-size: 14pt; font-family: arial, helvetica, sans-serif;\">Con este programa el PAS ha ayudado a mucha gente; consultas m\u00e9dicas, surtir recetas m\u00e9dicas, llevando ox\u00edgeno y ox\u00edmetros a los sectores m\u00e1s vulnerables, en el PAS estamos convencidos que si se difundiera m\u00e1s este programa se multiplicar\u00eda el n\u00famero de personas beneficiadas.<\/span><\/div>\n<div style=\"text-align: justify;\">\n<p><span style=\"font-size: 14pt; font-family: arial, helvetica, sans-serif;\">En otro orden de ideas, Cu\u00e9n Ojeda dej\u00f3 claro que la capacitaci\u00f3n a nuestros candidatos electos; 8 diputados locales, 6 presidentes municipales, 5 s\u00edndicos procuradores y 33 regidores dar\u00e1 inicio del 10 al 15 de agosto teniendo como objetivo el conocimiento pleno del partido, la implementaci\u00f3n de sus programas y la gesti\u00f3n a realizar, y sin duda alguna que conozcan las funciones que van a desarrollar cuando ya ejerzan su responsabilidad y disminuyan el proceso de echar a perder aprendiendo sus tareas.<\/span><\/div>\n<div style=\"text-align: justify;\">&nbsp;<\/div>\n<div style=\"text-align: justify;\">&nbsp;<\/div>\n<div style=\"text-align: justify;\"><span style=\"font-size: 14pt; font-family: arial, helvetica, sans-serif;\">REDACCI\u00d3N\/VISI\u00d3N CIUDADANA.<\/span><\/div>\n","protected":false},"excerpt":{"rendered":"<p>&nbsp; La Glorieta, columna oficial de El Debate de Culiac\u00e1n da a conocer que la Secretar\u00eda de Educaci\u00f3n P\u00fablica y Cultura formaliza la suspensi\u00f3n de los cursos de verano argumentando la pandemia que vivimos, nos interesa como Partido Sinaloense informar a la sociedad de Sinaloa que el Partido Sinaloense contin\u00faa atendiendo el Segundo Verano Virtual [&hellip;]<\/p>\n","protected":false},"author":1,"featured_media":1188,"comment_status":"closed","ping_status":"closed","sticky":false,"template":"","format":"standard","meta":{"footnotes":""},"categories":[24],"tags":[],"ppma_author":[31],"class_list":["post-17249","post","type-post","status-publish","format-standard","has-post-thumbnail","hentry","category-relevantes"],"aioseo_notices":[],"authors":[{"term_id":31,"user_id":1,"is_guest":0,"slug":"ivan3vino","display_name":"Iv\u00e1n Trevi\u00f1o","avatar_url":{"url":"https:\/\/visionciudadana.com.mx\/oficial\/wp-content\/uploads\/2025\/09\/columna-ivan-Trevino.png","url2x":"https:\/\/visionciudadana.com.mx\/oficial\/wp-content\/uploads\/2025\/09\/columna-ivan-Trevino.png"},"0":null,"1":"","2":"","3":"","4":"","5":"","6":"","7":"","8":""}],"_links":{"self":[{"href":"https:\/\/visionciudadana.com.mx\/oficial\/wp-json\/wp\/v2\/posts\/17249","targetHints":{"allow":["GET"]}}],"collection":[{"href":"https:\/\/visionciudadana.com.mx\/oficial\/wp-json\/wp\/v2\/posts"}],"about":[{"href":"https:\/\/visionciudadana.com.mx\/oficial\/wp-json\/wp\/v2\/types\/post"}],"author":[{"embeddable":true,"href":"https:\/\/visionciudadana.com.mx\/oficial\/wp-json\/wp\/v2\/users\/1"}],"replies":[{"embeddable":true,"href":"https:\/\/visionciudadana.com.mx\/oficial\/wp-json\/wp\/v2\/comments?post=17249"}],"version-history":[{"count":1,"href":"https:\/\/visionciudadana.com.mx\/oficial\/wp-json\/wp\/v2\/posts\/17249\/revisions"}],"predecessor-version":[{"id":30818,"href":"https:\/\/visionciudadana.com.mx\/oficial\/wp-json\/wp\/v2\/posts\/17249\/revisions\/30818"}],"wp:featuredmedia":[{"embeddable":true,"href":"https:\/\/visionciudadana.com.mx\/oficial\/wp-json\/wp\/v2\/media\/1188"}],"wp:attachment":[{"href":"https:\/\/visionciudadana.com.mx\/oficial\/wp-json\/wp\/v2\/media?parent=17249"}],"wp:term":[{"taxonomy":"category","embeddable":true,"href":"https:\/\/visionciudadana.com.mx\/oficial\/wp-json\/wp\/v2\/categories?post=17249"},{"taxonomy":"post_tag","embeddable":true,"href":"https:\/\/visionciudadana.com.mx\/oficial\/wp-json\/wp\/v2\/tags?post=17249"},{"taxonomy":"author","embeddable":true,"href":"https:\/\/visionciudadana.com.mx\/oficial\/wp-json\/wp\/v2\/ppma_author?post=17249"}],"curies":[{"name":"wp","href":"https:\/\/api.w.org\/{rel}","templated":true}]}}