{"id":17248,"date":"2021-07-15T19:10:34","date_gmt":"2021-07-15T19:10:34","guid":{"rendered":"https:\/\/visionciudadana.com.mx\/chio\/2021\/07\/15\/firme-el-apoyo-de-la-uas-al-plan-nacional-de-vacunacion-contra-covid-19\/"},"modified":"2025-06-25T00:11:54","modified_gmt":"2025-06-25T00:11:54","slug":"firme-el-apoyo-de-la-uas-al-plan-nacional-de-vacunacion-contra-covid-19","status":"publish","type":"post","link":"https:\/\/visionciudadana.com.mx\/oficial\/2021\/07\/15\/firme-el-apoyo-de-la-uas-al-plan-nacional-de-vacunacion-contra-covid-19\/","title":{"rendered":"Firme el apoyo de la UAS al plan Nacional de Vacunaci\u00f3n contra COVID-19"},"content":{"rendered":"<p>&nbsp;<\/p>\n<p><img fetchpriority=\"high\" decoding=\"async\" src=\"images\/2021\/julio21\/firme.jpg\" alt=\"firme\" width=\"720\" height=\"480\" style=\"display: block; margin: 20px auto;\" \/><\/p>\n<p class=\"x_MsoNormal\" style=\"text-align: justify;\"><span style=\"font-size: 14pt; font-family: arial, helvetica, sans-serif;\">M\u00e1s all\u00e1 de los retos en materia acad\u00e9mica, la contingencia sanitaria provocada por el Covid-19 ha planteado una serie de desaf\u00edos a las Instituciones de Educaci\u00f3n Superior mexicanas, los cuales se han asumido como parte de nuestro compromiso con la sociedad y con su desarrollo en todos los sentidos, como lo es la salud.<\/span><\/p>\n<p style=\"text-align: justify;\">&nbsp;<\/p>\n<p class=\"x_MsoNormal\" style=\"text-align: justify;\"><span style=\"font-size: 14pt; font-family: arial, helvetica, sans-serif;\">En esta tesitura, la Universidad Aut\u00f3noma de Sinaloa ha dedicado importantes esfuerzos humanos y econ\u00f3micos para hacer frente a la situaci\u00f3n que se ha prolongado ya por m\u00e1s de 16 meses, pues en esta casa de estudios se empez\u00f3 a actuar de manera preventiva desde enero de 2020.<\/span><\/p>\n<p style=\"text-align: justify;\">&nbsp;<\/p>\n<p class=\"x_MsoNormal\" style=\"text-align: justify;\"><span style=\"font-size: 14pt; font-family: arial, helvetica, sans-serif;\">De entonces a la fecha, la UAS no solo ha cuidado la salud de su comunidad estudiantil y docente al transitar de las actividades acad\u00e9micas presenciales a la modalidad en l\u00ednea en el mes de marzo de 2020, sino que se ha coordinado al interior y con diferentes autoridades educativas y de salud estatales y federales para apoyar en la prevenci\u00f3n y atenci\u00f3n de la enfermedad causada por el SARS-COV-2.<\/span><\/p>\n<p style=\"text-align: justify;\">&nbsp;<\/p>\n<p class=\"x_MsoNormal\" style=\"text-align: justify;\"><span style=\"font-size: 14pt; font-family: arial, helvetica, sans-serif;\">Con base en el Plan Preventivo y de Acci\u00f3n, elaborado por el Comit\u00e9 de Salud institucional, se pusieron en marcha diversas campa\u00f1as de informaci\u00f3n en todo el estado, a trav\u00e9s de diferentes medios. Asimismo, en la Facultad de Ciencias Qu\u00edmico Biol\u00f3gicas se reconvirtieron sus laboratorios para elaborar gel alcoholado, registrando una producci\u00f3n de 82,560 litros, mismos que se distribuyeron entre la comunidad universitaria y se don\u00f3 a diversas instituciones en la entidad.<\/span><\/p>\n<p style=\"text-align: justify;\">&nbsp;<\/p>\n<p class=\"x_MsoNormal\" style=\"text-align: justify;\"><span style=\"font-size: 14pt; font-family: arial, helvetica, sans-serif;\">Por su parte, el Parque de Innovaci\u00f3n Tecnol\u00f3gica desarroll\u00f3 diferentes proyectos para contar con un prototipo de auxiliar respiratorio, del cual se produjeron y donaron 36 equipos. De igual manera, se produjeron 20 videolaringoscopios digitales, cajas de acr\u00edlico, 50,025 caretas m\u00e9dicas y se habilitaron dos unidades m\u00f3viles de la Secretar\u00eda de Salud estatal como laboratorios.<\/span><\/p>\n<p style=\"text-align: justify;\">&nbsp;<\/p>\n<p class=\"x_MsoNormal\" style=\"text-align: justify;\"><span style=\"font-size: 14pt; font-family: arial, helvetica, sans-serif;\">Otro gran aporte de la UAS fue en materia de capacitaci\u00f3n al personal de salud de toda la entidad, toda vez que en el Centro de Simulaci\u00f3n Cl\u00ednica de la Facultad de Medicina se dise\u00f1\u00f3 e imparti\u00f3 el curso \u201cAtenci\u00f3n Integral al Paciente con Covid-19\u201d, el cual benefici\u00f3 a 3,475 profesionales de la salud de muy diversas \u00e1reas, adscritos a 32 centros hospitalarios.<\/span><\/p>\n<p style=\"text-align: justify;\">&nbsp;<\/p>\n<p class=\"x_MsoNormal\" style=\"text-align: justify;\"><span style=\"font-size: 14pt; font-family: arial, helvetica, sans-serif;\">Igualmente, el Hospital Civil de Culiac\u00e1n fue reconvertido a hospital Covid, atendiendo a 1,157 pacientes, de los cuales 884 tuvieron resultados positivos a la enfermedad. A este centro hospitalario la Universidad le dono 5 Ventiladores Autom\u00e1ticos y diversos equipos de protecci\u00f3n y atenci\u00f3n.<\/span><\/p>\n<p style=\"text-align: justify;\">&nbsp;<\/p>\n<p class=\"x_MsoNormal\" style=\"text-align: justify;\"><span style=\"font-size: 14pt; font-family: arial, helvetica, sans-serif;\">Atendiendo el llamado del Presidente de M\u00e9xico el Lic. Andr\u00e9s Manuel&nbsp; L\u00f3pez Obrador, la UAS hizo patente su inter\u00e9s en apoyar el Plan Nacional de Vacunaci\u00f3n contra Covid-19, poniendo a disposici\u00f3n de las autoridades 30 refrigeradores de ultracongelaci\u00f3n para el resguardo y conservaci\u00f3n de las vacunas de la farmac\u00e9utica Pfizer.<\/span><\/p>\n<p style=\"text-align: justify;\">&nbsp;<\/p>\n<p class=\"x_MsoNormal\" style=\"text-align: justify;\"><span style=\"font-size: 14pt; font-family: arial, helvetica, sans-serif;\">De manera adicional, se dispuso de 8 espacios universitarios en diferentes localidades de la entidad, mismos que, desde el mes de febrero, est\u00e1n fungiendo como Centros de Vacunaci\u00f3n. Para apoyar en esta tarea, y ante la convocatoria de la Secretar\u00eda del Bienestar federal, m\u00e1s de 3 mil j\u00f3venes de 13 carreras del \u00e1rea de la salud se registraron como brigadistas voluntarios.<\/span><\/p>\n<p style=\"text-align: justify;\">&nbsp;<\/p>\n<p class=\"x_MsoNormal\" style=\"text-align: justify;\"><span style=\"font-size: 14pt; font-family: arial, helvetica, sans-serif;\">Ante la estrategia de vacunaci\u00f3n al personal del sector educativo, la UAS aport\u00f3 4 Centros de Vacunaci\u00f3n para aplicar el biol\u00f3gico Cansino a todos los trabajadores del Nivel Superior en el estado. Para ello asign\u00f3 390 brigadistas para aplicar la vacuna en estos puntos, as\u00ed como en las instalaciones militares que operaron en la entidad.<\/span><\/p>\n<p style=\"text-align: justify;\">&nbsp;<\/p>\n<p class=\"x_MsoNormal\" style=\"text-align: justify;\"><span style=\"font-size: 14pt; font-family: arial, helvetica, sans-serif;\">A la fecha, son m\u00e1s de 6,100 los estudiantes que han prestado sus servicios, para lo cual fueron debidamente capacitados por la Facultad de Medicina. En estos 6 meses, estos brigadistas universitarios se han trasladado a los diferentes municipios y localidades de Sinaloa para aplicar los diferentes biol\u00f3gicos, para lo cual la Universidad brinda el transporte y les apoya con la alimentaci\u00f3n.<\/span><\/p>\n<p style=\"text-align: justify;\">&nbsp;<\/p>\n<p class=\"x_MsoNormal\" style=\"text-align: justify;\"><span style=\"font-size: 14pt; font-family: arial, helvetica, sans-serif;\">Otra forma de colaborar con las autoridades estatales y federales es a trav\u00e9s del Comando Estatal de Vacunaci\u00f3n, donde la UAS colabora junto al Delegado de Programas Sociales en la entidad, la Secretar\u00eda de Salud del Estado de Sinaloa, el Instituto Mexicano del Seguro Social, el Instituto de Seguridad y Servicios Sociales para los Trabajadores del Estado y las Fuerzas Armadas.<\/span><\/p>\n<p style=\"text-align: justify;\">&nbsp;<\/p>\n<p class=\"x_MsoNormal\" style=\"text-align: justify;\"><span style=\"font-size: 14pt; font-family: arial, helvetica, sans-serif;\">Esta serie de acciones emprendidas de enero de 2020 a julio de 2021 han representado una inversi\u00f3n superior a los &nbsp;21 millones de pesos, recurso que se destina a estas labores plenamente convencidos de su pertinencia e impacto en la salud de las familias sinaloenses, asumiendo este compromiso como parte de nuestra misi\u00f3n sustantiva de regresar a la poblaci\u00f3n parte de lo que nos da, pero sobre todo, su confianza en nuestra instituci\u00f3n.<\/span><\/p>\n<p style=\"text-align: justify;\">&nbsp;<\/p>\n<p style=\"text-align: justify;\">&nbsp;<\/p>\n<p style=\"text-align: justify;\"><span style=\"font-size: 14pt; font-family: arial, helvetica, sans-serif;\">REDACCI\u00d3N\/VISI\u00d3N CIUDADANA.<\/span><\/p>\n<div style=\"text-align: justify;\"><span style=\"font-size: 14pt; font-family: arial, helvetica, sans-serif;\"><\/span><\/div>\n","protected":false},"excerpt":{"rendered":"<p>&nbsp; M\u00e1s all\u00e1 de los retos en materia acad\u00e9mica, la contingencia sanitaria provocada por el Covid-19 ha planteado una serie de desaf\u00edos a las Instituciones de Educaci\u00f3n Superior mexicanas, los cuales se han asumido como parte de nuestro compromiso con la sociedad y con su desarrollo en todos los sentidos, como lo es la salud. [&hellip;]<\/p>\n","protected":false},"author":1,"featured_media":1186,"comment_status":"closed","ping_status":"closed","sticky":false,"template":"","format":"standard","meta":{"footnotes":""},"categories":[24],"tags":[],"ppma_author":[31],"class_list":["post-17248","post","type-post","status-publish","format-standard","has-post-thumbnail","hentry","category-relevantes"],"aioseo_notices":[],"authors":[{"term_id":31,"user_id":1,"is_guest":0,"slug":"ivan3vino","display_name":"Iv\u00e1n Trevi\u00f1o","avatar_url":{"url":"https:\/\/visionciudadana.com.mx\/oficial\/wp-content\/uploads\/2025\/09\/columna-ivan-Trevino.png","url2x":"https:\/\/visionciudadana.com.mx\/oficial\/wp-content\/uploads\/2025\/09\/columna-ivan-Trevino.png"},"0":null,"1":"","2":"","3":"","4":"","5":"","6":"","7":"","8":""}],"_links":{"self":[{"href":"https:\/\/visionciudadana.com.mx\/oficial\/wp-json\/wp\/v2\/posts\/17248","targetHints":{"allow":["GET"]}}],"collection":[{"href":"https:\/\/visionciudadana.com.mx\/oficial\/wp-json\/wp\/v2\/posts"}],"about":[{"href":"https:\/\/visionciudadana.com.mx\/oficial\/wp-json\/wp\/v2\/types\/post"}],"author":[{"embeddable":true,"href":"https:\/\/visionciudadana.com.mx\/oficial\/wp-json\/wp\/v2\/users\/1"}],"replies":[{"embeddable":true,"href":"https:\/\/visionciudadana.com.mx\/oficial\/wp-json\/wp\/v2\/comments?post=17248"}],"version-history":[{"count":1,"href":"https:\/\/visionciudadana.com.mx\/oficial\/wp-json\/wp\/v2\/posts\/17248\/revisions"}],"predecessor-version":[{"id":30819,"href":"https:\/\/visionciudadana.com.mx\/oficial\/wp-json\/wp\/v2\/posts\/17248\/revisions\/30819"}],"wp:featuredmedia":[{"embeddable":true,"href":"https:\/\/visionciudadana.com.mx\/oficial\/wp-json\/wp\/v2\/posts\/1186"}],"wp:attachment":[{"href":"https:\/\/visionciudadana.com.mx\/oficial\/wp-json\/wp\/v2\/media?parent=17248"}],"wp:term":[{"taxonomy":"category","embeddable":true,"href":"https:\/\/visionciudadana.com.mx\/oficial\/wp-json\/wp\/v2\/categories?post=17248"},{"taxonomy":"post_tag","embeddable":true,"href":"https:\/\/visionciudadana.com.mx\/oficial\/wp-json\/wp\/v2\/tags?post=17248"},{"taxonomy":"author","embeddable":true,"href":"https:\/\/visionciudadana.com.mx\/oficial\/wp-json\/wp\/v2\/ppma_author?post=17248"}],"curies":[{"name":"wp","href":"https:\/\/api.w.org\/{rel}","templated":true}]}}