{"id":17238,"date":"2021-07-14T01:22:08","date_gmt":"2021-07-14T01:22:08","guid":{"rendered":"https:\/\/visionciudadana.com.mx\/chio\/2021\/07\/14\/estudiante-de-la-uas-participara-en-olimpiada-internacional-de-biologia\/"},"modified":"2025-06-25T00:11:54","modified_gmt":"2025-06-25T00:11:54","slug":"estudiante-de-la-uas-participara-en-olimpiada-internacional-de-biologia","status":"publish","type":"post","link":"https:\/\/visionciudadana.com.mx\/oficial\/2021\/07\/14\/estudiante-de-la-uas-participara-en-olimpiada-internacional-de-biologia\/","title":{"rendered":"Estudiante de la UAS participar\u00e1 en Olimpiada Internacional de Biolog\u00eda"},"content":{"rendered":"<p>&nbsp;<\/p>\n<p><img fetchpriority=\"high\" decoding=\"async\" src=\"images\/2021\/julio21\/biologi\u0301a.jpg\" alt=\"biologi\u0301a\" width=\"720\" height=\"480\" style=\"display: block; margin: 20px auto;\" \/><\/p>\n<p class=\"x_MsoNormal\" style=\"text-align: justify;\"><span style=\"font-size: 14pt; font-family: arial, helvetica, sans-serif;\">Para estudiantes como Cruz Francisco Osuna Aguirre, del bachillerato de la Universidad Aut\u00f3noma de Sinaloa (UAS), no existen l\u00edmites cuando se trata de alcanzar metas, y es por eso que este joven tiene un objetivo preciso: lograr una medalla de oro en la pr\u00f3xima Olimpiada Internacional de Biolog\u00eda, evento virtual que se celebrar\u00e1 del 19 al 23 de julio pr\u00f3ximo, en Portugal.<\/span><\/p>\n<p style=\"text-align: justify;\">&nbsp;<\/p>\n<p class=\"x_MsoNormal\" style=\"text-align: justify;\"><span style=\"font-size: 14pt; font-family: arial, helvetica, sans-serif;\">El alumno de la Preparatoria Heraclio Bernal, ubicada en el municipio de Cosal\u00e1, se\u00f1al\u00f3 que venci\u00f3 varios obst\u00e1culos para formar parte de la selecci\u00f3n que representar\u00e1 a M\u00e9xico en la justa acad\u00e9mica internacional, hecho que lo motiva y anima para continuar por el camino de la excelencia.<\/span><\/p>\n<p style=\"text-align: justify;\">&nbsp;<\/p>\n<p class=\"x_MsoNormal\" style=\"text-align: justify;\"><span style=\"font-size: 14pt; font-family: arial, helvetica, sans-serif;\">\u201cLo considero un logro muy importante y al que le he dedicado mucho esfuerzo para poder conseguirlo. Me produce mucha felicidad el poder llegar a este punto\u201d, reconoci\u00f3.<\/span><\/p>\n<p style=\"text-align: justify;\">&nbsp;<\/p>\n<p class=\"x_MsoNormal\" style=\"text-align: justify;\"><span style=\"font-size: 14pt; font-family: arial, helvetica, sans-serif;\">Con 18 a\u00f1os de edad Cruz Francisco es el primer sinaloense que participa en esta justa mundial.<\/span><\/p>\n<p style=\"text-align: justify;\">&nbsp;<\/p>\n<p class=\"x_MsoNormal\" style=\"text-align: justify;\"><span style=\"font-size: 14pt; font-family: arial, helvetica, sans-serif;\">\u201cEs un orgullo poder representar al pa\u00eds en esta olimpiada, por eso estoy esforz\u00e1ndome mucho para tener buenos resultados cuando llegue el momento\u201d, enfatiz\u00f3.<\/span><\/p>\n<p style=\"text-align: justify;\">&nbsp;<\/p>\n<p class=\"x_MsoNormal\" style=\"text-align: justify;\"><span style=\"font-size: 14pt; font-family: arial, helvetica, sans-serif;\">El joven cosalteco expres\u00f3 que para lograr sus metas cuenta con el respaldo de su asesor, el profesor Hugo Alfredo Santos Ballardo; adem\u00e1s, coment\u00f3 que la UAS lo apoya, y ahora que los concursos se realizan v\u00eda remota debido a la pandemia, la Instituci\u00f3n le facilita equipo para que tenga un mejor desempe\u00f1o, por lo que se muestra agradecido.<\/span><\/p>\n<p style=\"text-align: justify;\">&nbsp;<\/p>\n<p class=\"x_MsoNormal\" style=\"text-align: justify;\"><span style=\"font-size: 14pt; font-family: arial, helvetica, sans-serif;\">Por su parte Hugo Alfredo Santos Ballardo, quien tambi\u00e9n es director de la Preparatoria Heraclio Bernal, manifest\u00f3 que conoce a Cruz desde la secundaria, y desde entonces observ\u00f3 su talento, es por eso que desde que el joven ingres\u00f3 a la preparatoria de la UAS lo formaron para que desarrollara su potencial.<\/span><\/p>\n<p style=\"text-align: justify;\">&nbsp;<\/p>\n<p class=\"x_MsoNormal\" style=\"text-align: justify;\"><span style=\"font-size: 14pt; font-family: arial, helvetica, sans-serif;\">\u201cHa sido un trabajo de mucho tiempo. Es un ni\u00f1o prodigio, que sobresale. En cuanto hicimos los selectivos para las Olimpiadas de DGEP de la UAS, \u00e9l obviamente destac\u00f3 en las preparaciones, gan\u00f3 cada una de las eliminatorias donde fue concursando\u201d, puntualiz\u00f3.<\/span><\/p>\n<p style=\"text-align: justify;\">&nbsp;<\/p>\n<p class=\"x_MsoNormal\" style=\"text-align: justify;\"><span style=\"font-size: 14pt; font-family: arial, helvetica, sans-serif;\">Cruz Francisco ha obtenido medallas de oro y plata en ediciones anteriores de la Olimpiada Nacional de Biolog\u00eda, y esta ocasi\u00f3n ser\u00e1 su primera justa internacional.<\/span><\/p>\n<p style=\"text-align: justify;\">&nbsp;<\/p>\n<p class=\"x_MsoNormal\" style=\"text-align: justify;\"><span style=\"font-size: 14pt; font-family: arial, helvetica, sans-serif;\">\u201cLa Universidad siempre mostr\u00f3 el apoyo, desde que \u00e9l gan\u00f3 los primeros filtros, desde el concurso anterior est\u00e1 becado por parte de la Universidad y le han dado reconocimientos; el doctor Madue\u00f1a era Secretario General de la Universidad cuando se dieron los logros de Cruz y siempre estuvo al pendiente, y hoy que es Rector, con esa humildad que lo caracteriza nos sentimos cobijados, protegidos y reconocidos\u201d, concluy\u00f3 Santos Ballardo<\/span><\/p>\n<p style=\"text-align: justify;\">&nbsp;<\/p>\n<p style=\"text-align: justify;\">&nbsp;<\/p>\n<p style=\"text-align: justify;\"><span style=\"font-size: 14pt; font-family: arial, helvetica, sans-serif;\">REDACCI\u00d3N\/VISI\u00d3N CIUDADANA.<\/span><\/p>\n","protected":false},"excerpt":{"rendered":"<p>&nbsp; Para estudiantes como Cruz Francisco Osuna Aguirre, del bachillerato de la Universidad Aut\u00f3noma de Sinaloa (UAS), no existen l\u00edmites cuando se trata de alcanzar metas, y es por eso que este joven tiene un objetivo preciso: lograr una medalla de oro en la pr\u00f3xima Olimpiada Internacional de Biolog\u00eda, evento virtual que se celebrar\u00e1 del [&hellip;]<\/p>\n","protected":false},"author":1,"featured_media":1050,"comment_status":"closed","ping_status":"closed","sticky":false,"template":"","format":"standard","meta":{"footnotes":""},"categories":[13],"tags":[],"ppma_author":[31],"class_list":["post-17238","post","type-post","status-publish","format-standard","has-post-thumbnail","hentry","category-locales"],"aioseo_notices":[],"authors":[{"term_id":31,"user_id":1,"is_guest":0,"slug":"ivan3vino","display_name":"Iv\u00e1n Trevi\u00f1o","avatar_url":{"url":"https:\/\/visionciudadana.com.mx\/oficial\/wp-content\/uploads\/2025\/09\/columna-ivan-Trevino.png","url2x":"https:\/\/visionciudadana.com.mx\/oficial\/wp-content\/uploads\/2025\/09\/columna-ivan-Trevino.png"},"0":null,"1":"","2":"","3":"","4":"","5":"","6":"","7":"","8":""}],"_links":{"self":[{"href":"https:\/\/visionciudadana.com.mx\/oficial\/wp-json\/wp\/v2\/posts\/17238","targetHints":{"allow":["GET"]}}],"collection":[{"href":"https:\/\/visionciudadana.com.mx\/oficial\/wp-json\/wp\/v2\/posts"}],"about":[{"href":"https:\/\/visionciudadana.com.mx\/oficial\/wp-json\/wp\/v2\/types\/post"}],"author":[{"embeddable":true,"href":"https:\/\/visionciudadana.com.mx\/oficial\/wp-json\/wp\/v2\/users\/1"}],"replies":[{"embeddable":true,"href":"https:\/\/visionciudadana.com.mx\/oficial\/wp-json\/wp\/v2\/comments?post=17238"}],"version-history":[{"count":1,"href":"https:\/\/visionciudadana.com.mx\/oficial\/wp-json\/wp\/v2\/posts\/17238\/revisions"}],"predecessor-version":[{"id":30820,"href":"https:\/\/visionciudadana.com.mx\/oficial\/wp-json\/wp\/v2\/posts\/17238\/revisions\/30820"}],"wp:featuredmedia":[{"embeddable":true,"href":"https:\/\/visionciudadana.com.mx\/oficial\/wp-json\/wp\/v2\/media\/1050"}],"wp:attachment":[{"href":"https:\/\/visionciudadana.com.mx\/oficial\/wp-json\/wp\/v2\/media?parent=17238"}],"wp:term":[{"taxonomy":"category","embeddable":true,"href":"https:\/\/visionciudadana.com.mx\/oficial\/wp-json\/wp\/v2\/categories?post=17238"},{"taxonomy":"post_tag","embeddable":true,"href":"https:\/\/visionciudadana.com.mx\/oficial\/wp-json\/wp\/v2\/tags?post=17238"},{"taxonomy":"author","embeddable":true,"href":"https:\/\/visionciudadana.com.mx\/oficial\/wp-json\/wp\/v2\/ppma_author?post=17238"}],"curies":[{"name":"wp","href":"https:\/\/api.w.org\/{rel}","templated":true}]}}