{"id":17237,"date":"2021-07-14T01:16:36","date_gmt":"2021-07-14T01:16:36","guid":{"rendered":"https:\/\/visionciudadana.com.mx\/chio\/2021\/07\/14\/proteccion-civil-municipal-ha-brindado-atencion-puntual-y-cursos-a-senderistas-para-evitar-situaciones-de-riesgo\/"},"modified":"2025-06-25T00:11:54","modified_gmt":"2025-06-25T00:11:54","slug":"proteccion-civil-municipal-ha-brindado-atencion-puntual-y-cursos-a-senderistas-para-evitar-situaciones-de-riesgo","status":"publish","type":"post","link":"https:\/\/visionciudadana.com.mx\/oficial\/2021\/07\/14\/proteccion-civil-municipal-ha-brindado-atencion-puntual-y-cursos-a-senderistas-para-evitar-situaciones-de-riesgo\/","title":{"rendered":"Protecci\u00f3n Civil Municipal ha brindado atenci\u00f3n puntual y cursos a senderistas para evitar situaciones de riesgo"},"content":{"rendered":"<p class=\"x_MsoNormal\" style=\"text-align: justify;\"><span style=\"font-size: 14pt; font-family: arial, helvetica, sans-serif;\"><b>&nbsp;<img fetchpriority=\"high\" decoding=\"async\" src=\"images\/2021\/julio21\/proteccio\u0301n.jpg\" alt=\"proteccio\u0301n\" width=\"720\" height=\"480\" style=\"display: block; margin: 20px auto;\" \/><\/b><\/span><\/p>\n<p class=\"x_MsoNormal\" style=\"text-align: justify;\"><span style=\"font-size: 14pt; font-family: arial, helvetica, sans-serif;\">El Gobierno de Culiac\u00e1n a trav\u00e9s de la Coordinaci\u00f3n Municipal de Protecci\u00f3n Civil, ha brindado atenci\u00f3n a deportistas que realizan la pr\u00e1ctica de senderismo, as\u00ed como a p\u00fablico en general que gusta de esta actividad; asimismo, contin\u00faa apoyando a quienes lo han requerido, tal es el caso de ciudadanos que el pasado lunes 12 de julio quedaron atrapados en el Cerro del H\u00edpico al perder el camino.<\/span><\/p>\n<p style=\"text-align: justify;\">&nbsp;<\/p>\n<p class=\"x_MsoNormal\" style=\"text-align: justify;\"><span style=\"font-size: 14pt; font-family: arial, helvetica, sans-serif;\">El titular de dicha Coordinaci\u00f3n Marco Antonio Mart\u00ednez de Alba, explic\u00f3 que tras recibir el reporte y arribar al lugar de los hechos, se constat\u00f3 la presencia de personal de diferentes \u00e1reas de rescate, as\u00ed como familiares de las personas que estaban extraviadas en el cerro.<\/span><\/p>\n<p style=\"text-align: justify;\">&nbsp;<\/p>\n<p class=\"x_MsoNormal\" style=\"text-align: justify;\"><span style=\"font-size: 14pt; font-family: arial, helvetica, sans-serif;\">Resalt\u00f3 que se proporcionaron l\u00e1mparas para apoyar en las labores de b\u00fasqueda, adem\u00e1s de que dos integrantes de la Coordinaci\u00f3n se sumaron como voluntarios y al descender las personas extraviadas con los grupos de rescate, se les proporcion\u00f3 agua para su rehidrataci\u00f3n para luego ser trasladados a un lugar seguro, todo ello en colaboraci\u00f3n con elementos de Cruz Roja Culiac\u00e1n.<\/span><\/p>\n<p style=\"text-align: justify;\">&nbsp;<\/p>\n<p class=\"x_MsoNormal\" style=\"text-align: justify;\"><span style=\"font-size: 14pt; font-family: arial, helvetica, sans-serif;\">Mart\u00ednez de Alba, precis\u00f3 que Protecci\u00f3n Civil Municipal, en la b\u00fasqueda de evitar riesgos para quienes practican este deporte, ha impartido a trav\u00e9s de su \u00e1rea de capacitaci\u00f3n, cursos de Primeros Auxilios en senderismo, mediante los cuales se permiten desarrollar capacidades b\u00e1sicas para actuar ante emergencias y prevenir accidentes, adem\u00e1s de conocer a detalle los protocolos de actuaci\u00f3n en caso de que ocurran y ante traumatismos de diversa \u00edndole.<\/span><\/p>\n<p style=\"text-align: justify;\">&nbsp;<\/p>\n<p class=\"x_MsoNormal\" style=\"text-align: justify;\"><span style=\"font-size: 14pt; font-family: arial, helvetica, sans-serif;\">Coment\u00f3 que aunque estos continuar\u00e1n realiz\u00e1ndose, pues son necesarios para evitar peligros, se reitera el llamado a deportistas y ciudadanos en general, a extremar precauciones y evitar aventurarse a realizar esta pr\u00e1ctica sin conocimientos previos para no exponer su integridad f\u00edsica.<\/span><\/p>\n<p style=\"text-align: justify;\">&nbsp;<\/p>\n<p style=\"text-align: justify;\"><span style=\"font-size: 14pt; font-family: arial, helvetica, sans-serif;\">REDACCI\u00d3N\/VISI\u00d3N CIUDADANA.<\/span><\/p>\n","protected":false},"excerpt":{"rendered":"<p>&nbsp; El Gobierno de Culiac\u00e1n a trav\u00e9s de la Coordinaci\u00f3n Municipal de Protecci\u00f3n Civil, ha brindado atenci\u00f3n a deportistas que realizan la pr\u00e1ctica de senderismo, as\u00ed como a p\u00fablico en general que gusta de esta actividad; asimismo, contin\u00faa apoyando a quienes lo han requerido, tal es el caso de ciudadanos que el pasado lunes 12 [&hellip;]<\/p>\n","protected":false},"author":1,"featured_media":1174,"comment_status":"closed","ping_status":"closed","sticky":false,"template":"","format":"standard","meta":{"footnotes":""},"categories":[13],"tags":[],"ppma_author":[31],"class_list":["post-17237","post","type-post","status-publish","format-standard","has-post-thumbnail","hentry","category-locales"],"aioseo_notices":[],"authors":[{"term_id":31,"user_id":1,"is_guest":0,"slug":"ivan3vino","display_name":"Iv\u00e1n Trevi\u00f1o","avatar_url":{"url":"https:\/\/visionciudadana.com.mx\/oficial\/wp-content\/uploads\/2025\/09\/columna-ivan-Trevino.png","url2x":"https:\/\/visionciudadana.com.mx\/oficial\/wp-content\/uploads\/2025\/09\/columna-ivan-Trevino.png"},"0":null,"1":"","2":"","3":"","4":"","5":"","6":"","7":"","8":""}],"_links":{"self":[{"href":"https:\/\/visionciudadana.com.mx\/oficial\/wp-json\/wp\/v2\/posts\/17237","targetHints":{"allow":["GET"]}}],"collection":[{"href":"https:\/\/visionciudadana.com.mx\/oficial\/wp-json\/wp\/v2\/posts"}],"about":[{"href":"https:\/\/visionciudadana.com.mx\/oficial\/wp-json\/wp\/v2\/types\/post"}],"author":[{"embeddable":true,"href":"https:\/\/visionciudadana.com.mx\/oficial\/wp-json\/wp\/v2\/users\/1"}],"replies":[{"embeddable":true,"href":"https:\/\/visionciudadana.com.mx\/oficial\/wp-json\/wp\/v2\/comments?post=17237"}],"version-history":[{"count":1,"href":"https:\/\/visionciudadana.com.mx\/oficial\/wp-json\/wp\/v2\/posts\/17237\/revisions"}],"predecessor-version":[{"id":30821,"href":"https:\/\/visionciudadana.com.mx\/oficial\/wp-json\/wp\/v2\/posts\/17237\/revisions\/30821"}],"wp:featuredmedia":[{"embeddable":true,"href":"https:\/\/visionciudadana.com.mx\/oficial\/wp-json\/wp\/v2\/posts\/1174"}],"wp:attachment":[{"href":"https:\/\/visionciudadana.com.mx\/oficial\/wp-json\/wp\/v2\/media?parent=17237"}],"wp:term":[{"taxonomy":"category","embeddable":true,"href":"https:\/\/visionciudadana.com.mx\/oficial\/wp-json\/wp\/v2\/categories?post=17237"},{"taxonomy":"post_tag","embeddable":true,"href":"https:\/\/visionciudadana.com.mx\/oficial\/wp-json\/wp\/v2\/tags?post=17237"},{"taxonomy":"author","embeddable":true,"href":"https:\/\/visionciudadana.com.mx\/oficial\/wp-json\/wp\/v2\/ppma_author?post=17237"}],"curies":[{"name":"wp","href":"https:\/\/api.w.org\/{rel}","templated":true}]}}