{"id":17236,"date":"2021-07-14T01:11:49","date_gmt":"2021-07-14T01:11:49","guid":{"rendered":"https:\/\/visionciudadana.com.mx\/chio\/2021\/07\/14\/gobierno-de-culiacan-mantendra-guardias-en-periodo-vacacional-para-pago-de-impuestos\/"},"modified":"2025-06-25T00:11:54","modified_gmt":"2025-06-25T00:11:54","slug":"gobierno-de-culiacan-mantendra-guardias-en-periodo-vacacional-para-pago-de-impuestos","status":"publish","type":"post","link":"https:\/\/visionciudadana.com.mx\/oficial\/2021\/07\/14\/gobierno-de-culiacan-mantendra-guardias-en-periodo-vacacional-para-pago-de-impuestos\/","title":{"rendered":"Gobierno de Culiac\u00e1n mantendr\u00e1 guardias en periodo vacacional para pago de impuestos"},"content":{"rendered":"<p class=\"x_MsoNormal\"><b>&nbsp;<\/b><\/p>\n<p>&nbsp;<\/p>\n<p><img fetchpriority=\"high\" decoding=\"async\" src=\"images\/2021\/julio21\/guardia.jpg\" alt=\"guardia\" width=\"720\" height=\"480\" style=\"display: block; margin: 20px auto;\" \/><\/p>\n<p class=\"x_MsoNormal\" style=\"text-align: justify;\"><span style=\"font-size: 14pt; font-family: arial, helvetica, sans-serif;\">De cara al pr\u00f3ximo periodo vacacional a efectuarse del 19 al 30 de julio, el Gobierno de Culiac\u00e1n informa que mantendr\u00e1 guardias en su \u00e1rea de cajas para que los ciudadanos que lo requieran, puedan realizar el pago de sus impuestos municipales.<\/span><\/p>\n<p style=\"text-align: justify;\">&nbsp;<\/p>\n<p class=\"x_MsoNormal\" style=\"text-align: justify;\"><span style=\"font-size: 14pt; font-family: arial, helvetica, sans-serif;\">Todos los tr\u00e1mites que correspondan a dicho efecto, as\u00ed como a Tesorer\u00eda, podr\u00e1n hacerse, ya sea en las oficinas del Ayuntamiento, o bien, en las cajas ubicadas en el Centro de Negocios localizado por la av. \u00c1lvaro Obreg\u00f3n.<\/span><\/p>\n<p style=\"text-align: justify;\">&nbsp;<\/p>\n<p class=\"x_MsoNormal\" style=\"text-align: justify;\"><span style=\"font-size: 14pt; font-family: arial, helvetica, sans-serif;\">Asimismo, la tesorera municipal Issel Guillermina Soto Gonz\u00e1lez, se\u00f1al\u00f3 que dichas actividades estar\u00e1n disponibles en un horario de 9 de la ma\u00f1ana a 2 de la tarde, esto para quienes quieran regularizar su situaci\u00f3n tributaria.<\/span><\/p>\n<p style=\"text-align: justify;\">&nbsp;<\/p>\n<p class=\"x_MsoNormal\" style=\"text-align: justify;\"><span style=\"font-size: 14pt; font-family: arial, helvetica, sans-serif;\">En este sentido, se exhorta a todas las personas a ser ciudadanos responsables y cumplir con sus obligaciones fiscales, pues con ello se garantiza el mejoramiento de los servicios p\u00fablicos, as\u00ed como las condiciones de bienestar para todos los habitantes de la Ciudad Capital.<\/span><\/p>\n<p style=\"text-align: justify;\">&nbsp;<\/p>\n<p style=\"text-align: justify;\">&nbsp;<\/p>\n<p style=\"text-align: justify;\"><span style=\"font-size: 14pt; font-family: arial, helvetica, sans-serif;\">REDACI\u00d3N\/VISI\u00d3N CIUDADANA.<\/span><\/p>\n","protected":false},"excerpt":{"rendered":"<p>&nbsp; &nbsp; De cara al pr\u00f3ximo periodo vacacional a efectuarse del 19 al 30 de julio, el Gobierno de Culiac\u00e1n informa que mantendr\u00e1 guardias en su \u00e1rea de cajas para que los ciudadanos que lo requieran, puedan realizar el pago de sus impuestos municipales. &nbsp; Todos los tr\u00e1mites que correspondan a dicho efecto, as\u00ed como [&hellip;]<\/p>\n","protected":false},"author":1,"featured_media":1172,"comment_status":"closed","ping_status":"closed","sticky":false,"template":"","format":"standard","meta":{"footnotes":""},"categories":[24],"tags":[],"ppma_author":[31],"class_list":["post-17236","post","type-post","status-publish","format-standard","has-post-thumbnail","hentry","category-relevantes"],"aioseo_notices":[],"authors":[{"term_id":31,"user_id":1,"is_guest":0,"slug":"ivan3vino","display_name":"Iv\u00e1n Trevi\u00f1o","avatar_url":{"url":"https:\/\/visionciudadana.com.mx\/oficial\/wp-content\/uploads\/2025\/09\/columna-ivan-Trevino.png","url2x":"https:\/\/visionciudadana.com.mx\/oficial\/wp-content\/uploads\/2025\/09\/columna-ivan-Trevino.png"},"0":null,"1":"","2":"","3":"","4":"","5":"","6":"","7":"","8":""}],"_links":{"self":[{"href":"https:\/\/visionciudadana.com.mx\/oficial\/wp-json\/wp\/v2\/posts\/17236","targetHints":{"allow":["GET"]}}],"collection":[{"href":"https:\/\/visionciudadana.com.mx\/oficial\/wp-json\/wp\/v2\/posts"}],"about":[{"href":"https:\/\/visionciudadana.com.mx\/oficial\/wp-json\/wp\/v2\/types\/post"}],"author":[{"embeddable":true,"href":"https:\/\/visionciudadana.com.mx\/oficial\/wp-json\/wp\/v2\/users\/1"}],"replies":[{"embeddable":true,"href":"https:\/\/visionciudadana.com.mx\/oficial\/wp-json\/wp\/v2\/comments?post=17236"}],"version-history":[{"count":1,"href":"https:\/\/visionciudadana.com.mx\/oficial\/wp-json\/wp\/v2\/posts\/17236\/revisions"}],"predecessor-version":[{"id":30822,"href":"https:\/\/visionciudadana.com.mx\/oficial\/wp-json\/wp\/v2\/posts\/17236\/revisions\/30822"}],"wp:featuredmedia":[{"embeddable":true,"href":"https:\/\/visionciudadana.com.mx\/oficial\/wp-json\/wp\/v2\/posts\/1172"}],"wp:attachment":[{"href":"https:\/\/visionciudadana.com.mx\/oficial\/wp-json\/wp\/v2\/media?parent=17236"}],"wp:term":[{"taxonomy":"category","embeddable":true,"href":"https:\/\/visionciudadana.com.mx\/oficial\/wp-json\/wp\/v2\/categories?post=17236"},{"taxonomy":"post_tag","embeddable":true,"href":"https:\/\/visionciudadana.com.mx\/oficial\/wp-json\/wp\/v2\/tags?post=17236"},{"taxonomy":"author","embeddable":true,"href":"https:\/\/visionciudadana.com.mx\/oficial\/wp-json\/wp\/v2\/ppma_author?post=17236"}],"curies":[{"name":"wp","href":"https:\/\/api.w.org\/{rel}","templated":true}]}}