{"id":17235,"date":"2021-07-14T01:07:58","date_gmt":"2021-07-14T01:07:58","guid":{"rendered":"https:\/\/visionciudadana.com.mx\/chio\/2021\/07\/14\/el-contagio-del-covid-se-da-por-las-gotas-de-saliva-que-arrojamos-es-importante-una-barrera-fisica-cubrebocas-y-guardar-sana-distancia-cuen-ojeda\/"},"modified":"2025-06-25T00:11:55","modified_gmt":"2025-06-25T00:11:55","slug":"el-contagio-del-covid-se-da-por-las-gotas-de-saliva-que-arrojamos-es-importante-una-barrera-fisica-cubrebocas-y-guardar-sana-distancia-cuen-ojeda","status":"publish","type":"post","link":"https:\/\/visionciudadana.com.mx\/oficial\/2021\/07\/14\/el-contagio-del-covid-se-da-por-las-gotas-de-saliva-que-arrojamos-es-importante-una-barrera-fisica-cubrebocas-y-guardar-sana-distancia-cuen-ojeda\/","title":{"rendered":"\u201cEl contagio del COVID se da por las gotas de saliva que arrojamos, es importante una barrera f\u00edsica, cubrebocas y guardar sana distancia\u201d: Cu\u00e9n Ojeda."},"content":{"rendered":"<div style=\"text-align: justify;\"><img fetchpriority=\"high\" decoding=\"async\" src=\"images\/2021\/julio21\/pas_covids.jpg\" alt=\"pas covids\" width=\"720\" height=\"480\" style=\"display: block; margin: 20px auto;\" \/><br \/><span style=\"font-size: 14pt; font-family: arial, helvetica, sans-serif;\"><\/span><span style=\"font-size: 14pt; font-family: arial, helvetica, sans-serif;\">Hace un a\u00f1o la diputada Ang\u00e9lica D\u00edaz present\u00f3 una iniciativa donde hay cambios en la Ley de Salud para que cuando haya una emergencia sanitaria en donde el contagio se lleve a cabo a trav\u00e9s de la got\u00edcula de saliva sea obligatorio el uso del cubrebocas, \u00fanicamente cuando haya emergencia sanitaria y esto lo marca el Consejo Nacional de Salud que est\u00e1 en la Constituci\u00f3n General de la Rep\u00fablica, se\u00f1al\u00f3 el presidente del Partido Sinaloense H\u00e9ctor Melesio Cu\u00e9n Ojeda.<\/span><\/p>\n<\/div>\n<div style=\"text-align: justify;\">&nbsp;<\/div>\n<div style=\"text-align: justify;\"><span style=\"font-size: 14pt; font-family: arial, helvetica, sans-serif;\">Recordemos que el contagio del COVID se da principalmente por las got\u00edculas de saliva que expulsamos al hablar o estornudar, y por lo tanto es elemental que esto se combate a trav\u00e9s de una barrera f\u00edsica llamada cubrebocas, lo cual se asegura m\u00e1s guardando una sana distancia entre las personas.<\/span><\/div>\n<div style=\"text-align: justify;\">&nbsp;<\/div>\n<div style=\"text-align: justify;\">&nbsp;<\/div>\n<div style=\"text-align: justify;\"><span style=\"font-size: 14pt; font-family: arial, helvetica, sans-serif;\">\u201cPor ello es sumamente importante el uso permanente del cubrebocas porque estamos en el pico alto de contagio comunitario, hay que tener mucho cuidado en este momento y sobre todo la gente que no est\u00e1 vacunada, que son los j\u00f3venes, los adultos j\u00f3venes y los ni\u00f1os que antes no los cont\u00e1bamos, hoy se est\u00e1n contagiando miles y miles de ni\u00f1os, porque por los cambios que hubo en la antigenicidad de lo que es el virus y la transmisibilidad ha aumentado mucho y tambi\u00e9n la virulencia ha aumentado y los casos de hospitalizaci\u00f3n han aumentado, y la gente se pregunta por qu\u00e9 ahora los j\u00f3venes, pues porque no est\u00e1n vacunados y por qu\u00e9 los adultos menos, porque ya estamos vacunados\u201d, as\u00ed lo explic\u00f3 Cu\u00e9n Ojeda.<\/span><\/p>\n<\/div>\n<div style=\"text-align: justify;\">&nbsp;<\/div>\n<div style=\"text-align: justify;\"><span style=\"font-size: 14pt; font-family: arial, helvetica, sans-serif;\">Para la gente que no se quiera vacunar yo les digo con mucho respeto que no sean ego\u00edstas, no sean pichicatos y disc\u00falpenme que se los diga no sean ignorantes, lo digo con todo respeto pero lo tengo que decir as\u00ed, porqu\u00e9 cuando tenemos nuestros ni\u00f1os bien que los vacunamos contra poliomielitis, la tuberculosis, contra la difteria, el sarampi\u00f3n, contra la rub\u00e9ola, y ahora resulta que muchos adultos no quieren arriesgarse con la vacuna del COVID cuando el riesgo es m\u00ednimo como cuando alguien se toma un antibi\u00f3tico.<\/span><\/div>\n<div style=\"text-align: justify;\">\n<p><span style=\"font-size: 14pt; font-family: arial, helvetica, sans-serif;\">Finalmente, Cu\u00e9n Ojeda afirm\u00f3 que es necesario vacunarse porque se necesita que la gente est\u00e9 vacunada para romper la cadena de contagios, para romper el contagio comunitario, porque ninguna vacuna tiene el 100 % de eficacia, hay vacunas que tienen el 65, 70, 75, 80, 85, 90 o 95 %, pero el resto se da cuando hay una inmunidad colectiva.<\/span><\/div>\n<div style=\"text-align: justify;\">\n<p><span style=\"font-size: 14pt; font-family: arial, helvetica, sans-serif;\">Los contagios est\u00e1n muy altos, de 35 tomograf\u00edas que hicimos la mayor parte ten\u00edan problemas en el pulm\u00f3n y ahorita de cada 10 pruebas que hacemos 8 est\u00e1n dando positivo, lo que significa que el contagio comunitario est\u00e1 muy agresivo.<\/span><\/div>\n<div style=\"text-align: justify;\">&nbsp;<\/div>\n<div style=\"text-align: justify;\">&nbsp;<\/div>\n<div style=\"text-align: justify;\">&nbsp;<\/div>\n<div style=\"text-align: justify;\"><span style=\"font-size: 14pt; font-family: arial, helvetica, sans-serif;\">REDACCI\u00d3N\/VISI\u00d3N CIUDADANA.<\/span><\/div>\n","protected":false},"excerpt":{"rendered":"<p>Hace un a\u00f1o la diputada Ang\u00e9lica D\u00edaz present\u00f3 una iniciativa donde hay cambios en la Ley de Salud para que cuando haya una emergencia sanitaria en donde el contagio se lleve a cabo a trav\u00e9s de la got\u00edcula de saliva sea obligatorio el uso del cubrebocas, \u00fanicamente cuando haya emergencia sanitaria y esto lo marca [&hellip;]<\/p>\n","protected":false},"author":1,"featured_media":1170,"comment_status":"closed","ping_status":"closed","sticky":false,"template":"","format":"standard","meta":{"footnotes":""},"categories":[24],"tags":[],"ppma_author":[31],"class_list":["post-17235","post","type-post","status-publish","format-standard","has-post-thumbnail","hentry","category-relevantes"],"aioseo_notices":[],"authors":[{"term_id":31,"user_id":1,"is_guest":0,"slug":"ivan3vino","display_name":"Iv\u00e1n Trevi\u00f1o","avatar_url":{"url":"https:\/\/visionciudadana.com.mx\/oficial\/wp-content\/uploads\/2025\/09\/columna-ivan-Trevino.png","url2x":"https:\/\/visionciudadana.com.mx\/oficial\/wp-content\/uploads\/2025\/09\/columna-ivan-Trevino.png"},"0":null,"1":"","2":"","3":"","4":"","5":"","6":"","7":"","8":""}],"_links":{"self":[{"href":"https:\/\/visionciudadana.com.mx\/oficial\/wp-json\/wp\/v2\/posts\/17235","targetHints":{"allow":["GET"]}}],"collection":[{"href":"https:\/\/visionciudadana.com.mx\/oficial\/wp-json\/wp\/v2\/posts"}],"about":[{"href":"https:\/\/visionciudadana.com.mx\/oficial\/wp-json\/wp\/v2\/types\/post"}],"author":[{"embeddable":true,"href":"https:\/\/visionciudadana.com.mx\/oficial\/wp-json\/wp\/v2\/users\/1"}],"replies":[{"embeddable":true,"href":"https:\/\/visionciudadana.com.mx\/oficial\/wp-json\/wp\/v2\/comments?post=17235"}],"version-history":[{"count":1,"href":"https:\/\/visionciudadana.com.mx\/oficial\/wp-json\/wp\/v2\/posts\/17235\/revisions"}],"predecessor-version":[{"id":30823,"href":"https:\/\/visionciudadana.com.mx\/oficial\/wp-json\/wp\/v2\/posts\/17235\/revisions\/30823"}],"wp:featuredmedia":[{"embeddable":true,"href":"https:\/\/visionciudadana.com.mx\/oficial\/wp-json\/wp\/v2\/posts\/1170"}],"wp:attachment":[{"href":"https:\/\/visionciudadana.com.mx\/oficial\/wp-json\/wp\/v2\/media?parent=17235"}],"wp:term":[{"taxonomy":"category","embeddable":true,"href":"https:\/\/visionciudadana.com.mx\/oficial\/wp-json\/wp\/v2\/categories?post=17235"},{"taxonomy":"post_tag","embeddable":true,"href":"https:\/\/visionciudadana.com.mx\/oficial\/wp-json\/wp\/v2\/tags?post=17235"},{"taxonomy":"author","embeddable":true,"href":"https:\/\/visionciudadana.com.mx\/oficial\/wp-json\/wp\/v2\/ppma_author?post=17235"}],"curies":[{"name":"wp","href":"https:\/\/api.w.org\/{rel}","templated":true}]}}