{"id":17233,"date":"2021-07-13T19:04:22","date_gmt":"2021-07-13T19:04:22","guid":{"rendered":"https:\/\/visionciudadana.com.mx\/chio\/2021\/07\/13\/mas-de-tres-toneladas-de-basura-fueron-recolectadas-durante-lluvias-de-este-lunes\/"},"modified":"2025-06-25T00:11:55","modified_gmt":"2025-06-25T00:11:55","slug":"mas-de-tres-toneladas-de-basura-fueron-recolectadas-durante-lluvias-de-este-lunes","status":"publish","type":"post","link":"https:\/\/visionciudadana.com.mx\/oficial\/2021\/07\/13\/mas-de-tres-toneladas-de-basura-fueron-recolectadas-durante-lluvias-de-este-lunes\/","title":{"rendered":"M\u00e1s de tres toneladas de basura fueron recolectadas durante lluvias de este lunes"},"content":{"rendered":"<p class=\"x_MsoNormal\"><b><span lang=\"ES\">&nbsp;<img fetchpriority=\"high\" decoding=\"async\" src=\"images\/2021\/julio21\/mas_de_tres.jpg\" alt=\"mas de tres\" width=\"720\" height=\"480\" style=\"display: block; margin: 20px auto;\" \/><\/span><\/b><\/p>\n<p class=\"x_MsoNormal\" style=\"text-align: justify;\"><span lang=\"ES\" style=\"font-size: 14pt; font-family: arial, helvetica, sans-serif;\">Alrededor de tres toneladas y media de desechos fueron los que se recolectaron tras las lluvias de ayer lunes en la ciudad, los cuales se acumularon principalmente en las rejillas y fueron recogidos por el personal de Servicios P\u00fablicos del Gobierno de Culiac\u00e1n.<\/span><\/p>\n<p class=\"x_MsoNormal\" style=\"text-align: justify;\"><span lang=\"ES\" style=\"font-size: 14pt; font-family: arial, helvetica, sans-serif;\"><\/span><\/p>\n<p class=\"x_MsoNormal\" style=\"text-align: justify;\"><span lang=\"ES\" style=\"font-size: 14pt; font-family: arial, helvetica, sans-serif;\">Aunque en esta ocasi\u00f3n la cantidad de basura se redujo, esta sigue llegando a la infraestructura pluvial de la ciudad, dijo el titular de dicha Direcci\u00f3n, Rodolfo Audelo Avilez, quien reiter\u00f3 el llamado a la ciudadan\u00eda a no arrojar desechos en la v\u00eda p\u00fablica.<\/span><\/p>\n<p class=\"x_MsoNormal\" style=\"text-align: justify;\"><span lang=\"ES\" style=\"font-size: 14pt; font-family: arial, helvetica, sans-serif;\"><\/span><\/p>\n<p class=\"x_MsoNormal\" style=\"text-align: justify;\"><span lang=\"ES\" style=\"font-size: 14pt; font-family: arial, helvetica, sans-serif;\">Precis\u00f3 que las labores de limpieza no se detienen ante la actual temporada de lluvias, pues la instrucci\u00f3n del alcalde Lic. Jes\u00fas Estrada Ferreiro es evitar inundaciones y riesgos para la poblaci\u00f3n, no obstante, es indispensable que esta a su vez colabore manteniendo la ciudad limpia y ordenada.<\/span><\/p>\n<p class=\"x_MsoNormal\" style=\"text-align: justify;\"><span lang=\"ES\" style=\"font-size: 14pt; font-family: arial, helvetica, sans-serif;\"><\/span><\/p>\n<p class=\"x_MsoNormal\" style=\"text-align: justify;\"><span lang=\"ES\" style=\"font-size: 14pt; font-family: arial, helvetica, sans-serif;\">Asimismo, indic\u00f3 que se atendi\u00f3 el reporte de una palmera ca\u00edda en el bulevar Ciudades Hermanas entre avenida Jes\u00fas G. Andrade en la colonia Guadalupe.<\/span><\/p>\n<p class=\"x_MsoNormal\" style=\"text-align: justify;\"><span lang=\"ES\" style=\"font-size: 14pt; font-family: arial, helvetica, sans-serif;\"><\/span><\/p>\n<p class=\"x_MsoNormal\" style=\"text-align: justify;\"><span lang=\"ES\" style=\"font-size: 14pt; font-family: arial, helvetica, sans-serif;\">Por parte de la Coordinaci\u00f3n Municipal de Protecci\u00f3n Civil, se inform\u00f3 que durante las precipitaciones de este lunes, no se registraron mayores incidencias, solo encharcamientos en algunas zonas, adem\u00e1s que durante el recorrido realizado desde el primer momento en coordinaci\u00f3n con la Secretar\u00eda de Seguridad P\u00fablica y Tr\u00e1nsito Municipal, no se detectaron desbordamientos de arroyos y canales.<\/span><\/p>\n<p style=\"text-align: justify;\">&nbsp;<\/p>\n<p style=\"text-align: justify;\">&nbsp;<\/p>\n<p style=\"text-align: justify;\"><span style=\"font-size: 14pt; font-family: arial, helvetica, sans-serif;\">REDACCI\u00d3N\/VISI\u00d3N CIUDADANA.<\/span><\/p>\n<p class=\"x_MsoNormal\" style=\"text-align: justify;\"><span lang=\"ES\" style=\"font-size: 14pt; font-family: arial, helvetica, sans-serif;\"><\/span><\/p>\n","protected":false},"excerpt":{"rendered":"<p>&nbsp; Alrededor de tres toneladas y media de desechos fueron los que se recolectaron tras las lluvias de ayer lunes en la ciudad, los cuales se acumularon principalmente en las rejillas y fueron recogidos por el personal de Servicios P\u00fablicos del Gobierno de Culiac\u00e1n. Aunque en esta ocasi\u00f3n la cantidad de basura se redujo, esta [&hellip;]<\/p>\n","protected":false},"author":1,"featured_media":1167,"comment_status":"closed","ping_status":"closed","sticky":false,"template":"","format":"standard","meta":{"footnotes":""},"categories":[13],"tags":[],"ppma_author":[31],"class_list":["post-17233","post","type-post","status-publish","format-standard","has-post-thumbnail","hentry","category-locales"],"aioseo_notices":[],"authors":[{"term_id":31,"user_id":1,"is_guest":0,"slug":"ivan3vino","display_name":"Iv\u00e1n Trevi\u00f1o","avatar_url":{"url":"https:\/\/visionciudadana.com.mx\/oficial\/wp-content\/uploads\/2025\/09\/columna-ivan-Trevino.png","url2x":"https:\/\/visionciudadana.com.mx\/oficial\/wp-content\/uploads\/2025\/09\/columna-ivan-Trevino.png"},"0":null,"1":"","2":"","3":"","4":"","5":"","6":"","7":"","8":""}],"_links":{"self":[{"href":"https:\/\/visionciudadana.com.mx\/oficial\/wp-json\/wp\/v2\/posts\/17233","targetHints":{"allow":["GET"]}}],"collection":[{"href":"https:\/\/visionciudadana.com.mx\/oficial\/wp-json\/wp\/v2\/posts"}],"about":[{"href":"https:\/\/visionciudadana.com.mx\/oficial\/wp-json\/wp\/v2\/types\/post"}],"author":[{"embeddable":true,"href":"https:\/\/visionciudadana.com.mx\/oficial\/wp-json\/wp\/v2\/users\/1"}],"replies":[{"embeddable":true,"href":"https:\/\/visionciudadana.com.mx\/oficial\/wp-json\/wp\/v2\/comments?post=17233"}],"version-history":[{"count":1,"href":"https:\/\/visionciudadana.com.mx\/oficial\/wp-json\/wp\/v2\/posts\/17233\/revisions"}],"predecessor-version":[{"id":30824,"href":"https:\/\/visionciudadana.com.mx\/oficial\/wp-json\/wp\/v2\/posts\/17233\/revisions\/30824"}],"wp:featuredmedia":[{"embeddable":true,"href":"https:\/\/visionciudadana.com.mx\/oficial\/wp-json\/wp\/v2\/posts\/1167"}],"wp:attachment":[{"href":"https:\/\/visionciudadana.com.mx\/oficial\/wp-json\/wp\/v2\/media?parent=17233"}],"wp:term":[{"taxonomy":"category","embeddable":true,"href":"https:\/\/visionciudadana.com.mx\/oficial\/wp-json\/wp\/v2\/categories?post=17233"},{"taxonomy":"post_tag","embeddable":true,"href":"https:\/\/visionciudadana.com.mx\/oficial\/wp-json\/wp\/v2\/tags?post=17233"},{"taxonomy":"author","embeddable":true,"href":"https:\/\/visionciudadana.com.mx\/oficial\/wp-json\/wp\/v2\/ppma_author?post=17233"}],"curies":[{"name":"wp","href":"https:\/\/api.w.org\/{rel}","templated":true}]}}