{"id":17232,"date":"2021-07-13T19:00:31","date_gmt":"2021-07-13T19:00:31","guid":{"rendered":"https:\/\/visionciudadana.com.mx\/chio\/2021\/07\/13\/con-apoyo-de-tatiana-clouthier-potenciaremos-desarrollo-de-sinaloa-ruben-rocha-moya\/"},"modified":"2025-06-25T00:11:55","modified_gmt":"2025-06-25T00:11:55","slug":"con-apoyo-de-tatiana-clouthier-potenciaremos-desarrollo-de-sinaloa-ruben-rocha-moya","status":"publish","type":"post","link":"https:\/\/visionciudadana.com.mx\/oficial\/2021\/07\/13\/con-apoyo-de-tatiana-clouthier-potenciaremos-desarrollo-de-sinaloa-ruben-rocha-moya\/","title":{"rendered":"Con apoyo de Tatiana Clouthier potenciaremos desarrollo de Sinaloa: Rub\u00e9n Rocha Moya"},"content":{"rendered":"<p>&nbsp;<\/p>\n<p><img fetchpriority=\"high\" decoding=\"async\" src=\"images\/2021\/julio21\/rochaz.jpg\" alt=\"rochaz\" width=\"720\" height=\"480\" style=\"display: block; margin: 20px auto;\" \/><\/p>\n<p class=\"x_MsoNormal\" style=\"text-align: justify;\"><span style=\"font-size: 14pt; font-family: arial, helvetica, sans-serif;\">Al salir de una reuni\u00f3n de trabajo con la secretaria de Econom\u00eda, Tatiana Clouthier Carrillo, el gobernador electo Rub\u00e9n Rocha Moya afirm\u00f3 que la funcionaria federal le manifest\u00f3 su disposici\u00f3n para apoyar temas claves del desarrollo de Sinaloa, como son el financiamiento a las peque\u00f1as y medianas empresas, y la resoluci\u00f3n de los problemas que enfrentan los productores de tomate de exportaci\u00f3n y los acuacultores.<\/span><\/p>\n<p style=\"text-align: justify;\">&nbsp;<\/p>\n<p class=\"x_MsoNormal\" style=\"text-align: justify;\"><span style=\"font-size: 14pt; font-family: arial, helvetica, sans-serif;\">\u201cSostuve una reuni\u00f3n con la secretaria de Econom\u00eda, Tatiana Clouthier Carrillo, muy amena, de mucho paisanaje, estuvimos platicando de temas que interesan a Sinaloa en materia de desarrollo, y vamos a poder coordinarnos en cuestiones que tienen que ver con el apoyo a las Mipymes; vamos a ver y darle un seguimiento puntual al problema del tomate de exportaci\u00f3n, que ella lo trae en la mesa\u201d, comparti\u00f3.<\/span><\/p>\n<p style=\"text-align: justify;\">&nbsp;<\/p>\n<p class=\"x_MsoNormal\" style=\"text-align: justify;\"><span style=\"font-size: 14pt; font-family: arial, helvetica, sans-serif;\">Quien a partir del 1 de noviembre gobernar\u00e1 Sinaloa, se\u00f1al\u00f3 que en el caso de las micros, peque\u00f1as y medianas empresas (Mipymes) coincidieron en que es necesario fortalecer el fondo de financiamiento Red Fosin, pues es muy importante incentivar la inversi\u00f3n con el objetivo de generar las condiciones econ\u00f3micas que permitan el bienestar com\u00fan.<\/span><\/p>\n<p style=\"text-align: justify;\">&nbsp;<\/p>\n<p class=\"x_MsoNormal\" style=\"text-align: justify;\"><span style=\"font-size: 14pt; font-family: arial, helvetica, sans-serif;\">\u201cVamos a tratar de ponernos de acuerdo con los horticultores, con los productores de tomate, para que juntos la secretaria y un servidor, nos reunamos en la tercera semana de agosto; importa mucho estar interactuando con los productores para saber de los temas con mayor precisi\u00f3n\u201d, coment\u00f3.<\/span><\/p>\n<p style=\"text-align: justify;\">&nbsp;<\/p>\n<p class=\"x_MsoNormal\" style=\"text-align: justify;\"><span style=\"font-size: 14pt; font-family: arial, helvetica, sans-serif;\">Sobre el problema comercial que enfrentan los productores de camar\u00f3n de granja por la importaci\u00f3n del crust\u00e1ceo de Ecuador, vinculado al Tratado de Libre Comercio con ese pa\u00eds, destac\u00f3 que los acuacultores sinaloenses deben estar tranquilos, ya que a la secretaria y a \u00e9l les queda cada claro que tienen que proteger los intereses de los empresarios mexicanos.<\/span><\/p>\n<p style=\"text-align: justify;\">&nbsp;<\/p>\n<p class=\"x_MsoNormal\" style=\"text-align: justify;\"><span style=\"font-size: 14pt; font-family: arial, helvetica, sans-serif;\">Rub\u00e9n Rocha Moya agreg\u00f3 que otro de los temas tratados en la reuni\u00f3n es el conflicto laboral que mantiene cerrada la mina San Rafael en Cosal\u00e1, situaci\u00f3n que platicar\u00e1n con el senador Napole\u00f3n G\u00f3mez Urrutia, presidente de la Comisi\u00f3n del Trabajo y Previsi\u00f3n Social del Senado, para encauzar la resoluci\u00f3n del problema, dada la importancia econ\u00f3mica que tiene esta fuente de empleo para la regi\u00f3n.<\/span><\/p>\n<p style=\"text-align: justify;\">&nbsp;<\/p>\n<p style=\"text-align: justify;\">&nbsp;<\/p>\n<p style=\"text-align: justify;\"><span style=\"font-size: 14pt; font-family: arial, helvetica, sans-serif;\">REDACCI\u00d3N\/VISI\u00d3N CIUDADANA.<\/span><\/p>\n","protected":false},"excerpt":{"rendered":"<p>&nbsp; Al salir de una reuni\u00f3n de trabajo con la secretaria de Econom\u00eda, Tatiana Clouthier Carrillo, el gobernador electo Rub\u00e9n Rocha Moya afirm\u00f3 que la funcionaria federal le manifest\u00f3 su disposici\u00f3n para apoyar temas claves del desarrollo de Sinaloa, como son el financiamiento a las peque\u00f1as y medianas empresas, y la resoluci\u00f3n de los problemas [&hellip;]<\/p>\n","protected":false},"author":1,"featured_media":1165,"comment_status":"closed","ping_status":"closed","sticky":false,"template":"","format":"standard","meta":{"footnotes":""},"categories":[24],"tags":[],"ppma_author":[31],"class_list":["post-17232","post","type-post","status-publish","format-standard","has-post-thumbnail","hentry","category-relevantes"],"aioseo_notices":[],"authors":[{"term_id":31,"user_id":1,"is_guest":0,"slug":"ivan3vino","display_name":"Iv\u00e1n Trevi\u00f1o","avatar_url":{"url":"https:\/\/visionciudadana.com.mx\/oficial\/wp-content\/uploads\/2025\/09\/columna-ivan-Trevino.png","url2x":"https:\/\/visionciudadana.com.mx\/oficial\/wp-content\/uploads\/2025\/09\/columna-ivan-Trevino.png"},"0":null,"1":"","2":"","3":"","4":"","5":"","6":"","7":"","8":""}],"_links":{"self":[{"href":"https:\/\/visionciudadana.com.mx\/oficial\/wp-json\/wp\/v2\/posts\/17232","targetHints":{"allow":["GET"]}}],"collection":[{"href":"https:\/\/visionciudadana.com.mx\/oficial\/wp-json\/wp\/v2\/posts"}],"about":[{"href":"https:\/\/visionciudadana.com.mx\/oficial\/wp-json\/wp\/v2\/types\/post"}],"author":[{"embeddable":true,"href":"https:\/\/visionciudadana.com.mx\/oficial\/wp-json\/wp\/v2\/users\/1"}],"replies":[{"embeddable":true,"href":"https:\/\/visionciudadana.com.mx\/oficial\/wp-json\/wp\/v2\/comments?post=17232"}],"version-history":[{"count":1,"href":"https:\/\/visionciudadana.com.mx\/oficial\/wp-json\/wp\/v2\/posts\/17232\/revisions"}],"predecessor-version":[{"id":30825,"href":"https:\/\/visionciudadana.com.mx\/oficial\/wp-json\/wp\/v2\/posts\/17232\/revisions\/30825"}],"wp:featuredmedia":[{"embeddable":true,"href":"https:\/\/visionciudadana.com.mx\/oficial\/wp-json\/wp\/v2\/posts\/1165"}],"wp:attachment":[{"href":"https:\/\/visionciudadana.com.mx\/oficial\/wp-json\/wp\/v2\/media?parent=17232"}],"wp:term":[{"taxonomy":"category","embeddable":true,"href":"https:\/\/visionciudadana.com.mx\/oficial\/wp-json\/wp\/v2\/categories?post=17232"},{"taxonomy":"post_tag","embeddable":true,"href":"https:\/\/visionciudadana.com.mx\/oficial\/wp-json\/wp\/v2\/tags?post=17232"},{"taxonomy":"author","embeddable":true,"href":"https:\/\/visionciudadana.com.mx\/oficial\/wp-json\/wp\/v2\/ppma_author?post=17232"}],"curies":[{"name":"wp","href":"https:\/\/api.w.org\/{rel}","templated":true}]}}