{"id":17226,"date":"2021-07-13T18:02:23","date_gmt":"2021-07-13T18:02:23","guid":{"rendered":"https:\/\/visionciudadana.com.mx\/chio\/2021\/07\/13\/retiran-material-de-arrastre-sobre-vialidades-a-raiz-de-las-lluvias\/"},"modified":"2025-06-25T00:11:56","modified_gmt":"2025-06-25T00:11:56","slug":"retiran-material-de-arrastre-sobre-vialidades-a-raiz-de-las-lluvias","status":"publish","type":"post","link":"https:\/\/visionciudadana.com.mx\/oficial\/2021\/07\/13\/retiran-material-de-arrastre-sobre-vialidades-a-raiz-de-las-lluvias\/","title":{"rendered":"Retiran material de arrastre sobre vialidades a ra\u00edz de las lluvias"},"content":{"rendered":"<p style=\"text-align: justify;\"><img fetchpriority=\"high\" decoding=\"async\" src=\"images\/2021\/julio21\/retiran.jpg\" alt=\"retiran\" width=\"720\" height=\"480\" style=\"display: block; margin: 20px auto;\" \/><\/p>\n<p style=\"text-align: justify;\">&nbsp;<\/p>\n<p class=\"x_MsoNormal\" style=\"text-align: justify;\"><span style=\"font-size: 14pt; font-family: arial, helvetica, sans-serif;\">Como parte de la respuesta del Gobierno de Culiac\u00e1n para mantener en condiciones \u00f3ptimas las vialidades y bulevares de la ciudad, posterior a las lluvias registradas ayer domingo, la Secretar\u00eda de Obras y Servicios P\u00fablicos despleg\u00f3 equipos para efectuar el retiro de material, escombro, tierra y piedras que cubrieron algunos tramos de la carpeta asf\u00e1ltica.<\/span><\/p>\n<p style=\"text-align: justify;\">&nbsp;<\/p>\n<p class=\"x_MsoNormal\" style=\"text-align: justify;\"><span style=\"font-size: 14pt; font-family: arial, helvetica, sans-serif;\">Estos trabajos se concentraron en las diversas zonas que registraron reportes y que tambi\u00e9n fueron detectados a trav\u00e9s de los recorridos de vigilancia realizado por el personal de la Comuna, principalmente sobre el bulevar Eulogio Parra y Calzada Heroico Colegio Militar.<\/span><\/p>\n<p style=\"text-align: justify;\">&nbsp;<\/p>\n<p class=\"x_MsoNormal\" style=\"text-align: justify;\"><span style=\"font-size: 14pt; font-family: arial, helvetica, sans-serif;\">Durante el desarrollo de las maniobras de remoci\u00f3n del material, participaron empleados apoyados con maquinaria pesada conformada por una motoniveladora, camiones de volteo, un minicargador y una retroexcavadora.<\/span><\/p>\n<p style=\"text-align: justify;\">&nbsp;<\/p>\n<p class=\"x_MsoNormal\" style=\"text-align: justify;\"><span style=\"font-size: 14pt; font-family: arial, helvetica, sans-serif;\">A trav\u00e9s de las acciones instruidas por el alcalde Lic. Jes\u00fas Estrada Ferreiro, se logr\u00f3 un total de siete camiones de volteo que recolectaron tierra y piedras sobre las vialidades mencionadas, evitando el riesgo de accidentes para los automovilistas del sector.<\/span><\/p>\n<p style=\"text-align: justify;\">&nbsp;<\/p>\n<p class=\"x_MsoNormal\" style=\"text-align: justify;\"><span style=\"font-size: 14pt; font-family: arial, helvetica, sans-serif;\">La Comuna exhorta a la ciudadan\u00eda a acatar las medidas de prevenci\u00f3n durante esta temporada de lluvias, con la finalidad de no sufrir un percance, especialmente al conducir o transitar por zona de arroyos y canales.<\/span><\/p>\n<p style=\"text-align: justify;\">&nbsp;<\/p>\n<p style=\"text-align: justify;\">&nbsp;<\/p>\n<p style=\"text-align: justify;\"><span style=\"font-size: 14pt; font-family: arial, helvetica, sans-serif;\">REDACCI\u00d3N\/VISI\u00d3N CIUDADANA.<\/span><\/p>\n","protected":false},"excerpt":{"rendered":"<p>&nbsp; Como parte de la respuesta del Gobierno de Culiac\u00e1n para mantener en condiciones \u00f3ptimas las vialidades y bulevares de la ciudad, posterior a las lluvias registradas ayer domingo, la Secretar\u00eda de Obras y Servicios P\u00fablicos despleg\u00f3 equipos para efectuar el retiro de material, escombro, tierra y piedras que cubrieron algunos tramos de la carpeta [&hellip;]<\/p>\n","protected":false},"author":1,"featured_media":1153,"comment_status":"closed","ping_status":"closed","sticky":false,"template":"","format":"standard","meta":{"footnotes":""},"categories":[13],"tags":[],"ppma_author":[31],"class_list":["post-17226","post","type-post","status-publish","format-standard","has-post-thumbnail","hentry","category-locales"],"aioseo_notices":[],"authors":[{"term_id":31,"user_id":1,"is_guest":0,"slug":"ivan3vino","display_name":"Iv\u00e1n Trevi\u00f1o","avatar_url":{"url":"https:\/\/visionciudadana.com.mx\/oficial\/wp-content\/uploads\/2025\/09\/columna-ivan-Trevino.png","url2x":"https:\/\/visionciudadana.com.mx\/oficial\/wp-content\/uploads\/2025\/09\/columna-ivan-Trevino.png"},"0":null,"1":"","2":"","3":"","4":"","5":"","6":"","7":"","8":""}],"_links":{"self":[{"href":"https:\/\/visionciudadana.com.mx\/oficial\/wp-json\/wp\/v2\/posts\/17226","targetHints":{"allow":["GET"]}}],"collection":[{"href":"https:\/\/visionciudadana.com.mx\/oficial\/wp-json\/wp\/v2\/posts"}],"about":[{"href":"https:\/\/visionciudadana.com.mx\/oficial\/wp-json\/wp\/v2\/types\/post"}],"author":[{"embeddable":true,"href":"https:\/\/visionciudadana.com.mx\/oficial\/wp-json\/wp\/v2\/users\/1"}],"replies":[{"embeddable":true,"href":"https:\/\/visionciudadana.com.mx\/oficial\/wp-json\/wp\/v2\/comments?post=17226"}],"version-history":[{"count":1,"href":"https:\/\/visionciudadana.com.mx\/oficial\/wp-json\/wp\/v2\/posts\/17226\/revisions"}],"predecessor-version":[{"id":30831,"href":"https:\/\/visionciudadana.com.mx\/oficial\/wp-json\/wp\/v2\/posts\/17226\/revisions\/30831"}],"wp:featuredmedia":[{"embeddable":true,"href":"https:\/\/visionciudadana.com.mx\/oficial\/wp-json\/wp\/v2\/posts\/1153"}],"wp:attachment":[{"href":"https:\/\/visionciudadana.com.mx\/oficial\/wp-json\/wp\/v2\/media?parent=17226"}],"wp:term":[{"taxonomy":"category","embeddable":true,"href":"https:\/\/visionciudadana.com.mx\/oficial\/wp-json\/wp\/v2\/categories?post=17226"},{"taxonomy":"post_tag","embeddable":true,"href":"https:\/\/visionciudadana.com.mx\/oficial\/wp-json\/wp\/v2\/tags?post=17226"},{"taxonomy":"author","embeddable":true,"href":"https:\/\/visionciudadana.com.mx\/oficial\/wp-json\/wp\/v2\/ppma_author?post=17226"}],"curies":[{"name":"wp","href":"https:\/\/api.w.org\/{rel}","templated":true}]}}