{"id":17225,"date":"2021-07-13T17:57:56","date_gmt":"2021-07-13T17:57:56","guid":{"rendered":"https:\/\/visionciudadana.com.mx\/chio\/2021\/07\/13\/efectuan-trabajos-de-bacheo-en-vialidades-principales\/"},"modified":"2025-06-25T00:11:56","modified_gmt":"2025-06-25T00:11:56","slug":"efectuan-trabajos-de-bacheo-en-vialidades-principales","status":"publish","type":"post","link":"https:\/\/visionciudadana.com.mx\/oficial\/2021\/07\/13\/efectuan-trabajos-de-bacheo-en-vialidades-principales\/","title":{"rendered":"Efect\u00faan trabajos de bacheo en vialidades principales"},"content":{"rendered":"<p style=\"text-align: justify;\"><img fetchpriority=\"high\" decoding=\"async\" src=\"images\/2021\/julio21\/bacheo.jpg\" alt=\"bacheo\" width=\"720\" height=\"480\" style=\"display: block; margin: 20px auto;\" \/><span style=\"font-size: 14pt; font-family: arial, helvetica, sans-serif;\">Las acciones de mantenimiento y protecci\u00f3n sobre las principales vialidades de la Capital Sinaloense, se realizan por parte del Gobierno de Culiac\u00e1n, tras presentarse precipitaciones, esto mediante la localizaci\u00f3n de afectaciones sobre la carpeta asf\u00e1ltica y restauraci\u00f3n de la misma.<\/span><\/p>\n<p style=\"text-align: justify;\">&nbsp;<\/p>\n<p class=\"x_MsoNormal\" style=\"text-align: justify;\"><span style=\"font-size: 14pt; font-family: arial, helvetica, sans-serif;\">El esquema de trabajo es implementado por la Unidad de Bacheo de la Secretar\u00eda de Obras y Servicios P\u00fablicos, basado en la estrategia iniciada por el alcalde Lic. Jes\u00fas Estrada Ferreiro, de rehabilitar y mantener en buen estado las calles intervenidas por el municipio.<\/span><\/p>\n<p style=\"text-align: justify;\">&nbsp;<\/p>\n<p class=\"x_MsoNormal\" style=\"text-align: justify;\"><span style=\"font-size: 14pt; font-family: arial, helvetica, sans-serif;\">Para esto, la ciudad ha sido dividida en cuatro sectores, donde se destina una unidad bacheadora encargada de realizar el recorrido para la detecci\u00f3n de baches, y en su caso efectuar la mejora del \u00e1rea.<\/span><\/p>\n<p style=\"text-align: justify;\">&nbsp;<\/p>\n<p class=\"x_MsoNormal\" style=\"text-align: justify;\"><span style=\"font-size: 14pt; font-family: arial, helvetica, sans-serif;\">Este d\u00eda, la maquinaria detect\u00f3 una afectaci\u00f3n sobre el bulevar Maqu\u00edo Clouthier a la altura de la Colonia Buenos Aires y colonia Independencia, la cual fue atendida por medio de la aplicaci\u00f3n de una mezcla asf\u00e1ltica en fr\u00edo especializada para la temperatura ambiente.<\/span><\/p>\n<p style=\"text-align: justify;\">&nbsp;<\/p>\n<p class=\"x_MsoNormal\" style=\"text-align: justify;\"><span style=\"font-size: 14pt; font-family: arial, helvetica, sans-serif;\">Posterior a estos recorridos, se efect\u00faan trayectos por calles secundarias de colonias o las rutas del transporte p\u00fablico y una vez concluido el operativo, la maquinaria y el personal se reincorpora a las actividades de reencarpertado y pavimentaci\u00f3n previamente agendadas en la ciudad.<\/span><\/p>\n<p style=\"text-align: justify;\">&nbsp;<\/p>\n<p class=\"x_MsoNormal\" style=\"text-align: justify;\"><span style=\"font-size: 14pt; font-family: arial, helvetica, sans-serif;\">Para la actual administraci\u00f3n, la infraestructura vial es un tema prioritario que se atiende en tiempo y forma con el objetivo de brindar a los Culiacanenses un desplazamiento seguro y de calidad.<\/span><\/p>\n<p style=\"text-align: justify;\">&nbsp;<\/p>\n<p style=\"text-align: justify;\">&nbsp;<\/p>\n<p style=\"text-align: justify;\"><span style=\"font-size: 14pt; font-family: arial, helvetica, sans-serif;\">REDACCI\u00d3N\/VISI\u00d3N CIUDADANA.<\/span><\/p>\n","protected":false},"excerpt":{"rendered":"<p>Las acciones de mantenimiento y protecci\u00f3n sobre las principales vialidades de la Capital Sinaloense, se realizan por parte del Gobierno de Culiac\u00e1n, tras presentarse precipitaciones, esto mediante la localizaci\u00f3n de afectaciones sobre la carpeta asf\u00e1ltica y restauraci\u00f3n de la misma. &nbsp; El esquema de trabajo es implementado por la Unidad de Bacheo de la Secretar\u00eda [&hellip;]<\/p>\n","protected":false},"author":1,"featured_media":1151,"comment_status":"closed","ping_status":"closed","sticky":false,"template":"","format":"standard","meta":{"footnotes":""},"categories":[13],"tags":[],"ppma_author":[31],"class_list":["post-17225","post","type-post","status-publish","format-standard","has-post-thumbnail","hentry","category-locales"],"aioseo_notices":[],"authors":[{"term_id":31,"user_id":1,"is_guest":0,"slug":"ivan3vino","display_name":"Iv\u00e1n Trevi\u00f1o","avatar_url":{"url":"https:\/\/visionciudadana.com.mx\/oficial\/wp-content\/uploads\/2025\/09\/columna-ivan-Trevino.png","url2x":"https:\/\/visionciudadana.com.mx\/oficial\/wp-content\/uploads\/2025\/09\/columna-ivan-Trevino.png"},"0":null,"1":"","2":"","3":"","4":"","5":"","6":"","7":"","8":""}],"_links":{"self":[{"href":"https:\/\/visionciudadana.com.mx\/oficial\/wp-json\/wp\/v2\/posts\/17225","targetHints":{"allow":["GET"]}}],"collection":[{"href":"https:\/\/visionciudadana.com.mx\/oficial\/wp-json\/wp\/v2\/posts"}],"about":[{"href":"https:\/\/visionciudadana.com.mx\/oficial\/wp-json\/wp\/v2\/types\/post"}],"author":[{"embeddable":true,"href":"https:\/\/visionciudadana.com.mx\/oficial\/wp-json\/wp\/v2\/users\/1"}],"replies":[{"embeddable":true,"href":"https:\/\/visionciudadana.com.mx\/oficial\/wp-json\/wp\/v2\/comments?post=17225"}],"version-history":[{"count":1,"href":"https:\/\/visionciudadana.com.mx\/oficial\/wp-json\/wp\/v2\/posts\/17225\/revisions"}],"predecessor-version":[{"id":30832,"href":"https:\/\/visionciudadana.com.mx\/oficial\/wp-json\/wp\/v2\/posts\/17225\/revisions\/30832"}],"wp:featuredmedia":[{"embeddable":true,"href":"https:\/\/visionciudadana.com.mx\/oficial\/wp-json\/wp\/v2\/posts\/1151"}],"wp:attachment":[{"href":"https:\/\/visionciudadana.com.mx\/oficial\/wp-json\/wp\/v2\/media?parent=17225"}],"wp:term":[{"taxonomy":"category","embeddable":true,"href":"https:\/\/visionciudadana.com.mx\/oficial\/wp-json\/wp\/v2\/categories?post=17225"},{"taxonomy":"post_tag","embeddable":true,"href":"https:\/\/visionciudadana.com.mx\/oficial\/wp-json\/wp\/v2\/tags?post=17225"},{"taxonomy":"author","embeddable":true,"href":"https:\/\/visionciudadana.com.mx\/oficial\/wp-json\/wp\/v2\/ppma_author?post=17225"}],"curies":[{"name":"wp","href":"https:\/\/api.w.org\/{rel}","templated":true}]}}