{"id":17223,"date":"2021-07-13T17:46:30","date_gmt":"2021-07-13T17:46:30","guid":{"rendered":"https:\/\/visionciudadana.com.mx\/chio\/2021\/07\/13\/el-covid-es-de-disciplina-hay-que-preocuparnos-por-cuidarnos\/"},"modified":"2025-06-25T00:11:56","modified_gmt":"2025-06-25T00:11:56","slug":"el-covid-es-de-disciplina-hay-que-preocuparnos-por-cuidarnos","status":"publish","type":"post","link":"https:\/\/visionciudadana.com.mx\/oficial\/2021\/07\/13\/el-covid-es-de-disciplina-hay-que-preocuparnos-por-cuidarnos\/","title":{"rendered":"El Covid es de disciplina, hay que preocuparnos por cuidarnos"},"content":{"rendered":"<div><img fetchpriority=\"high\" decoding=\"async\" src=\"images\/2021\/julio21\/call_covid.jpg\" alt=\"call covid\" width=\"720\" height=\"480\" style=\"display: block; margin: 20px auto;\" \/><\/div>\n<p style=\"text-align: justify;\"><span style=\"font-size: 14pt; font-family: arial, helvetica, sans-serif;\">La Secretar\u00eda de Salud en Sinaloa se encuentra de manera permanente informando a la poblaci\u00f3n de todos los detalles sobre s\u00edntomas, cuidados y tratamiento en cuanto al COVID-19, ya que en algunos casos prevalece el desconocimiento de la sociedad acerca de esta enfermedad a pesar de los ya casi 18 meses de esta pandemia.<\/span><\/p>\n<p style=\"text-align: justify;\">\n<p><span style=\"font-size: 14pt; font-family: arial, helvetica, sans-serif;\">El Dr. Cristhian Aldo Mu\u00f1oz Madrid, director de Prevenci\u00f3n y Promoci\u00f3n de la Salud, ha sido enf\u00e1tico de que hay que ayudar a los sinaloenses para que cuenten con la informaci\u00f3n necesaria para que su recuperaci\u00f3n sea lo m\u00e1s favorecedora posible, pacientes y sociedad en general deben estar conscientes que no todo es COVID.<\/span><\/p>\n<p style=\"text-align: justify;\">\n<p><span style=\"font-size: 14pt; font-family: arial, helvetica, sans-serif;\">\u201cHay que informar a la poblaci\u00f3n, hay mucho desconocimiento de la enfermedad en algunos casos, pero tambi\u00e9n hay mucho miedo que hay que ayudar a la poblaci\u00f3n para que tenga la informaci\u00f3n m\u00e1s b\u00e1sica, necesaria para que se pueda atender a tiempo y tambi\u00e9n que puedan descartar en grado caso que no se a COVID; el mejor amigo del COVID es el miedo, sabemos que es una enfermedad muy contagiosa pero si nos cuidamos, tomamos los medicamentos correctos a las horas adecuadas y con la disciplina, todos los d\u00edas hay que levantarse, dar gracias, tomar medicamentos y seguir las medidas\u201d, apunt\u00f3.<\/span><\/p>\n<p style=\"text-align: justify;\">\n<p><span style=\"font-size: 14pt; font-family: arial, helvetica, sans-serif;\">Recomend\u00f3 hacer uso del Call Center 667 713 00 63 ante cualquier sospecha de poder estar contagiado, presentar s\u00edntomas de alerta o haber tenido contacto con alguna persona que haya salido positiva.<\/span><\/p>\n<p style=\"text-align: justify;\">\n<p><span style=\"font-size: 14pt; font-family: arial, helvetica, sans-serif;\">Asegur\u00f3 que el COVID regres\u00f3 la humanidad que muchos profesionales de la salud hab\u00edan perdido por el transcurso de los a\u00f1os, es importante que se vea esa parte porque la gente que est\u00e1 en su casa aislada y que tal vez habl\u00f3 al call center son las \u00fanicas maneras de mantener la calma gracias a las recomendaciones de los m\u00e9dicos.<\/span><\/p>\n<p style=\"text-align: justify;\">\n<p><span style=\"font-size: 14pt; font-family: arial, helvetica, sans-serif;\">Una persona que ya est\u00e1 contagiada debe quedarse en su casa y no salir para recibir atenci\u00f3n hospitalaria, hay que estar pendientes de la evoluci\u00f3n de los s\u00edntomas, su saturaci\u00f3n de ox\u00edgeno y temperatura, no todos los pacientes son iguales, cada quien tiene su sistema inmunol\u00f3gico diferente, por lo que es importante que nos apoyemos de estrategias como el call center, disponible las 24 horas del d\u00eda, donde recibir\u00e1n atenci\u00f3n por parte de m\u00e9dicos que dar\u00e1n seguimiento a cada caso, declar\u00f3.<\/span><\/p>\n<p style=\"text-align: justify;\">&nbsp;<\/p>\n<p style=\"text-align: justify;\">&nbsp;<\/p>\n<p style=\"text-align: justify;\"><span style=\"font-size: 14pt; font-family: arial, helvetica, sans-serif;\">REDACCI\u00d3N\/VISI\u00d3N CIUDADANA.<\/span><\/p>\n","protected":false},"excerpt":{"rendered":"<p>La Secretar\u00eda de Salud en Sinaloa se encuentra de manera permanente informando a la poblaci\u00f3n de todos los detalles sobre s\u00edntomas, cuidados y tratamiento en cuanto al COVID-19, ya que en algunos casos prevalece el desconocimiento de la sociedad acerca de esta enfermedad a pesar de los ya casi 18 meses de esta pandemia. El [&hellip;]<\/p>\n","protected":false},"author":1,"featured_media":1147,"comment_status":"closed","ping_status":"closed","sticky":false,"template":"","format":"standard","meta":{"footnotes":""},"categories":[24],"tags":[],"ppma_author":[31],"class_list":["post-17223","post","type-post","status-publish","format-standard","has-post-thumbnail","hentry","category-relevantes"],"aioseo_notices":[],"authors":[{"term_id":31,"user_id":1,"is_guest":0,"slug":"ivan3vino","display_name":"Iv\u00e1n Trevi\u00f1o","avatar_url":{"url":"https:\/\/visionciudadana.com.mx\/oficial\/wp-content\/uploads\/2025\/09\/columna-ivan-Trevino.png","url2x":"https:\/\/visionciudadana.com.mx\/oficial\/wp-content\/uploads\/2025\/09\/columna-ivan-Trevino.png"},"0":null,"1":"","2":"","3":"","4":"","5":"","6":"","7":"","8":""}],"_links":{"self":[{"href":"https:\/\/visionciudadana.com.mx\/oficial\/wp-json\/wp\/v2\/posts\/17223","targetHints":{"allow":["GET"]}}],"collection":[{"href":"https:\/\/visionciudadana.com.mx\/oficial\/wp-json\/wp\/v2\/posts"}],"about":[{"href":"https:\/\/visionciudadana.com.mx\/oficial\/wp-json\/wp\/v2\/types\/post"}],"author":[{"embeddable":true,"href":"https:\/\/visionciudadana.com.mx\/oficial\/wp-json\/wp\/v2\/users\/1"}],"replies":[{"embeddable":true,"href":"https:\/\/visionciudadana.com.mx\/oficial\/wp-json\/wp\/v2\/comments?post=17223"}],"version-history":[{"count":1,"href":"https:\/\/visionciudadana.com.mx\/oficial\/wp-json\/wp\/v2\/posts\/17223\/revisions"}],"predecessor-version":[{"id":30834,"href":"https:\/\/visionciudadana.com.mx\/oficial\/wp-json\/wp\/v2\/posts\/17223\/revisions\/30834"}],"wp:featuredmedia":[{"embeddable":true,"href":"https:\/\/visionciudadana.com.mx\/oficial\/wp-json\/wp\/v2\/posts\/1147"}],"wp:attachment":[{"href":"https:\/\/visionciudadana.com.mx\/oficial\/wp-json\/wp\/v2\/media?parent=17223"}],"wp:term":[{"taxonomy":"category","embeddable":true,"href":"https:\/\/visionciudadana.com.mx\/oficial\/wp-json\/wp\/v2\/categories?post=17223"},{"taxonomy":"post_tag","embeddable":true,"href":"https:\/\/visionciudadana.com.mx\/oficial\/wp-json\/wp\/v2\/tags?post=17223"},{"taxonomy":"author","embeddable":true,"href":"https:\/\/visionciudadana.com.mx\/oficial\/wp-json\/wp\/v2\/ppma_author?post=17223"}],"curies":[{"name":"wp","href":"https:\/\/api.w.org\/{rel}","templated":true}]}}