{"id":17222,"date":"2021-07-13T17:42:27","date_gmt":"2021-07-13T17:42:27","guid":{"rendered":"https:\/\/visionciudadana.com.mx\/chio\/2021\/07\/13\/se-aplica-vacuna-100-mil-en-macrocentro-del-ejercito-mexicano\/"},"modified":"2025-06-25T00:11:56","modified_gmt":"2025-06-25T00:11:56","slug":"se-aplica-vacuna-100-mil-en-macrocentro-del-ejercito-mexicano","status":"publish","type":"post","link":"https:\/\/visionciudadana.com.mx\/oficial\/2021\/07\/13\/se-aplica-vacuna-100-mil-en-macrocentro-del-ejercito-mexicano\/","title":{"rendered":"Se aplica vacuna 100 mil en macrocentro del ej\u00e9rcito mexicano"},"content":{"rendered":"<p>&nbsp;<\/p>\n<p><img fetchpriority=\"high\" decoding=\"async\" src=\"images\/2021\/julio21\/aplican_vakuna.jpg\" alt=\"aplican vakuna\" width=\"720\" height=\"480\" style=\"display: block; margin: 20px auto;\" \/><\/p>\n<p class=\"x_MsoNormal\" style=\"text-align: justify;\"><span style=\"font-size: 14pt; font-family: arial, helvetica, sans-serif;\">Durante 19 d\u00edas continuos el macrocentro de vacunaci\u00f3n de la 9na. Zona Militar ha aplicado el reactivo, siendo la se\u00f1ora Alexandra D\u00edaz la afortunada de recibir la dosis n\u00famero 100 mil contra el Covid 19.<\/span><\/p>\n<p style=\"text-align: justify;\">&nbsp;<\/p>\n<p class=\"x_MsoNormal\" style=\"text-align: justify;\"><span style=\"font-size: 14pt; font-family: arial, helvetica, sans-serif;\">Con un peque\u00f1o acto para reconocer el esfuerzo de todos los involucrados, el Ej\u00e9rcito Mexicano reconoci\u00f3 en voz del Teniente Coronel Infanter\u00eda Diplomado de Estado Mayor, Jes\u00fas Alberto Mart\u00ednez Mendoza, Comandante de la 24\/a. Compa\u00f1\u00eda de Infanter\u00eda no Encuadrada, el trabajo que ha realizado el personal de Salud y los voluntarios de la Universidad Aut\u00f3noma de Sinaloa as\u00ed como de Bienestar y el Ayuntamiento de Culiac\u00e1n para que, a pesar de la lluvia o el calor, la vacunaci\u00f3n no pare.<\/span><\/p>\n<p style=\"text-align: justify;\">&nbsp;<\/p>\n<p class=\"x_MsoNormal\" style=\"text-align: justify;\"><span style=\"font-size: 14pt; font-family: arial, helvetica, sans-serif;\">Por su parte el Secretario de Salud del Estado, Dr. Efr\u00e9n Encinas Torres, record\u00f3 que esto no ser\u00eda posible si la poblaci\u00f3n no creyera en la vacuna, por lo que pidi\u00f3 pasar la voz y comentar los beneficios de estar vacunados, porque si bien existe peligro de contagio, la gravedad de los casos si han bajado mucho gracias a la inoculaci\u00f3n.<\/span><\/p>\n<p style=\"text-align: justify;\">&nbsp;<\/p>\n<p class=\"x_MsoNormal\" style=\"text-align: justify;\"><span style=\"font-size: 14pt; font-family: arial, helvetica, sans-serif;\">Presente en el lugar el Dr. Gerardo Alapizco Castro, Secretario General de la UAS se dijo feliz por la aplicaci\u00f3n de la vacuna 100 mil, ya que esto marca que los brigadistas de la UAS han aportado su granito de arena para evitar m\u00e1s p\u00e9rdidas de vidas en esta pandemia.<\/span><\/p>\n<p style=\"text-align: justify;\">&nbsp;<\/p>\n<p class=\"x_MsoNormal\" style=\"text-align: justify;\"><span style=\"font-size: 14pt; font-family: arial, helvetica, sans-serif;\">Durante el peque\u00f1o acto estuvieron presentes el General Vinicio Perea Alcaraz, Jefe de Estado Mayor de la 9na. Zona Militar as\u00ed como Antonio Alar G\u00f3mez, Director Regional de Bienestar, as\u00ed como personal de IMSS, ISSSTE, UAS, Secretar\u00eda de Salud y del Ej\u00e9rcito Mexicano.<\/span><\/p>\n<p style=\"text-align: justify;\">&nbsp;<\/p>\n<p class=\"x_MsoNormal\" style=\"text-align: justify;\"><span style=\"font-size: 14pt; font-family: arial, helvetica, sans-serif;\">En lo que va de la pandemia se han aplicado 1 mill\u00f3n 677 mil 008 dosis de vacuna contra el Covid a m\u00e1s de 1 mill\u00f3n de Sinaloenses, lo que marca un avance de m\u00e1s de 51% de la meta a lograr.<\/span><\/p>\n<p style=\"text-align: justify;\">&nbsp;<\/p>\n<p style=\"text-align: justify;\">&nbsp;<\/p>\n<p style=\"text-align: justify;\"><span style=\"font-size: 14pt; font-family: arial, helvetica, sans-serif;\">REDACCI\u00d3N\/VISI\u00d3N CIUDADANA.<\/span><\/p>\n","protected":false},"excerpt":{"rendered":"<p>&nbsp; Durante 19 d\u00edas continuos el macrocentro de vacunaci\u00f3n de la 9na. Zona Militar ha aplicado el reactivo, siendo la se\u00f1ora Alexandra D\u00edaz la afortunada de recibir la dosis n\u00famero 100 mil contra el Covid 19. &nbsp; Con un peque\u00f1o acto para reconocer el esfuerzo de todos los involucrados, el Ej\u00e9rcito Mexicano reconoci\u00f3 en voz [&hellip;]<\/p>\n","protected":false},"author":1,"featured_media":1145,"comment_status":"closed","ping_status":"closed","sticky":false,"template":"","format":"standard","meta":{"footnotes":""},"categories":[24],"tags":[],"ppma_author":[31],"class_list":["post-17222","post","type-post","status-publish","format-standard","has-post-thumbnail","hentry","category-relevantes"],"aioseo_notices":[],"authors":[{"term_id":31,"user_id":1,"is_guest":0,"slug":"ivan3vino","display_name":"Iv\u00e1n Trevi\u00f1o","avatar_url":{"url":"https:\/\/visionciudadana.com.mx\/oficial\/wp-content\/uploads\/2025\/09\/columna-ivan-Trevino.png","url2x":"https:\/\/visionciudadana.com.mx\/oficial\/wp-content\/uploads\/2025\/09\/columna-ivan-Trevino.png"},"0":null,"1":"","2":"","3":"","4":"","5":"","6":"","7":"","8":""}],"_links":{"self":[{"href":"https:\/\/visionciudadana.com.mx\/oficial\/wp-json\/wp\/v2\/posts\/17222","targetHints":{"allow":["GET"]}}],"collection":[{"href":"https:\/\/visionciudadana.com.mx\/oficial\/wp-json\/wp\/v2\/posts"}],"about":[{"href":"https:\/\/visionciudadana.com.mx\/oficial\/wp-json\/wp\/v2\/types\/post"}],"author":[{"embeddable":true,"href":"https:\/\/visionciudadana.com.mx\/oficial\/wp-json\/wp\/v2\/users\/1"}],"replies":[{"embeddable":true,"href":"https:\/\/visionciudadana.com.mx\/oficial\/wp-json\/wp\/v2\/comments?post=17222"}],"version-history":[{"count":1,"href":"https:\/\/visionciudadana.com.mx\/oficial\/wp-json\/wp\/v2\/posts\/17222\/revisions"}],"predecessor-version":[{"id":30835,"href":"https:\/\/visionciudadana.com.mx\/oficial\/wp-json\/wp\/v2\/posts\/17222\/revisions\/30835"}],"wp:featuredmedia":[{"embeddable":true,"href":"https:\/\/visionciudadana.com.mx\/oficial\/wp-json\/wp\/v2\/posts\/1145"}],"wp:attachment":[{"href":"https:\/\/visionciudadana.com.mx\/oficial\/wp-json\/wp\/v2\/media?parent=17222"}],"wp:term":[{"taxonomy":"category","embeddable":true,"href":"https:\/\/visionciudadana.com.mx\/oficial\/wp-json\/wp\/v2\/categories?post=17222"},{"taxonomy":"post_tag","embeddable":true,"href":"https:\/\/visionciudadana.com.mx\/oficial\/wp-json\/wp\/v2\/tags?post=17222"},{"taxonomy":"author","embeddable":true,"href":"https:\/\/visionciudadana.com.mx\/oficial\/wp-json\/wp\/v2\/ppma_author?post=17222"}],"curies":[{"name":"wp","href":"https:\/\/api.w.org\/{rel}","templated":true}]}}