{"id":17221,"date":"2021-07-13T17:37:45","date_gmt":"2021-07-13T17:37:45","guid":{"rendered":"https:\/\/visionciudadana.com.mx\/chio\/2021\/07\/13\/inspeccion-y-vigilancia-multa-a-establecimientos-por-incumplir-con-protocolos-de-sanidad\/"},"modified":"2025-06-25T00:11:56","modified_gmt":"2025-06-25T00:11:56","slug":"inspeccion-y-vigilancia-multa-a-establecimientos-por-incumplir-con-protocolos-de-sanidad","status":"publish","type":"post","link":"https:\/\/visionciudadana.com.mx\/oficial\/2021\/07\/13\/inspeccion-y-vigilancia-multa-a-establecimientos-por-incumplir-con-protocolos-de-sanidad\/","title":{"rendered":"Inspecci\u00f3n y Vigilancia multa a establecimientos por incumplir con protocolos de sanidad"},"content":{"rendered":"<p><img fetchpriority=\"high\" decoding=\"async\" src=\"images\/2021\/julio21\/inspeccio\u0301n.jpg\" alt=\"inspeccio\u0301n\" width=\"720\" height=\"480\" style=\"display: block; margin: 20px auto;\" \/><\/p>\n<p>&nbsp;<\/p>\n<p class=\"x_MsoNormal\" style=\"text-align: justify;\"><span style=\"font-size: 14pt; font-family: arial, helvetica, sans-serif;\">A ra\u00edz del repunte de casos de contagios de Covid-19 en la capital, el Gobierno de Culiac\u00e1n, a trav\u00e9s de la Coordinaci\u00f3n de Inspecci\u00f3n y Vigilancia, fortaleci\u00f3 los operativos de supervisi\u00f3n y cumplimiento de protocolos de sanidad e higiene en establecimientos comerciales.<\/span><\/p>\n<p style=\"text-align: justify;\">&nbsp;<\/p>\n<p class=\"x_MsoNormal\" style=\"text-align: justify;\"><span style=\"font-size: 14pt; font-family: arial, helvetica, sans-serif;\">Luis Alfonso Meza Espinoza, titular de la Coordinaci\u00f3n, indic\u00f3 que, durante el pasado fin de semana comprendido desde el d\u00eda 08 al 11 de julio, se realizaron 130 visitas a establecimiento de giros negros, entre ellos centros nocturnos, casas de citas, restaurantes con venta de bebidas alcoh\u00f3licas, casinos, sal\u00f3n de fiestas, entre otros.<\/span><\/p>\n<p style=\"text-align: justify;\">&nbsp;<\/p>\n<p class=\"x_MsoNormal\" style=\"text-align: justify;\"><span style=\"font-size: 14pt; font-family: arial, helvetica, sans-serif;\">\u201cEn estos recorridos de inspecci\u00f3n se elaboraron 5 actas, una de ellos dirigida a un sal\u00f3n de fiestas ubicado en la colonia Antonio Toledo Corro, donde recibimos una denuncia que advert\u00eda la realizaci\u00f3n de un evento masivo, el cual fue desactivado antes de que iniciara pues no contaba con los permisos correspondientes\u201d, inform\u00f3.<\/span><\/p>\n<p style=\"text-align: justify;\">&nbsp;<\/p>\n<p class=\"x_MsoNormal\" style=\"text-align: justify;\"><span style=\"font-size: 14pt; font-family: arial, helvetica, sans-serif;\">De manera similar, en el centro de la ciudad se emitieron 2 actas en restaurantes del primer cuadro de la ciudad por el motivo de no cumplir con los protocolos sanitarios como lo son la toma de temperatura al ingreso y los espacios debidamente organizados para generar una sana distancia entre los comensales.<\/span><\/p>\n<p style=\"text-align: justify;\">&nbsp;<\/p>\n<p class=\"x_MsoNormal\" style=\"text-align: justify;\"><span style=\"font-size: 14pt; font-family: arial, helvetica, sans-serif;\">Agreg\u00f3 que durante el d\u00eda s\u00e1bado se acudi\u00f3 a las canchas deportivas de la colonia Pemex para clausurar un evento masivo que no aplicaba los protocolos preventivos y tampoco contaba con los permisos por parte de la autoridad municipal.<\/span><\/p>\n<p style=\"text-align: justify;\">&nbsp;<\/p>\n<p class=\"x_MsoNormal\" style=\"text-align: justify;\"><span style=\"font-size: 14pt; font-family: arial, helvetica, sans-serif;\">Finalmente, Alfonso Meza exhort\u00f3 a la poblaci\u00f3n a no bajar la guardia y seguir cuid\u00e1ndose como lo ha reiterado el alcalde Lic. Jes\u00fas Estrada<\/span><\/p>\n<p style=\"text-align: justify;\">&nbsp;<\/p>\n<p class=\"x_MsoNormal\" style=\"text-align: justify;\"><span style=\"font-size: 14pt; font-family: arial, helvetica, sans-serif;\">Ferreiro, ya que este nuevo rebrote de contagios ha venido afectado a los j\u00f3venes, quienes en su mayor\u00eda se han infectado por salir de sus hogares para acudir a fiestas y reuniones sin las debidas medidas preventivas.<\/span><\/p>\n<p style=\"text-align: justify;\">&nbsp;<\/p>\n<p style=\"text-align: justify;\">&nbsp;<\/p>\n<p style=\"text-align: justify;\"><span style=\"font-size: 14pt; font-family: arial, helvetica, sans-serif;\">REDACCI\u00d3N\/VISI\u00d3N CIUDADANA.<\/span><\/p>\n","protected":false},"excerpt":{"rendered":"<p>&nbsp; A ra\u00edz del repunte de casos de contagios de Covid-19 en la capital, el Gobierno de Culiac\u00e1n, a trav\u00e9s de la Coordinaci\u00f3n de Inspecci\u00f3n y Vigilancia, fortaleci\u00f3 los operativos de supervisi\u00f3n y cumplimiento de protocolos de sanidad e higiene en establecimientos comerciales. &nbsp; Luis Alfonso Meza Espinoza, titular de la Coordinaci\u00f3n, indic\u00f3 que, durante [&hellip;]<\/p>\n","protected":false},"author":1,"featured_media":1143,"comment_status":"closed","ping_status":"closed","sticky":false,"template":"","format":"standard","meta":{"footnotes":""},"categories":[24],"tags":[],"ppma_author":[31],"class_list":["post-17221","post","type-post","status-publish","format-standard","has-post-thumbnail","hentry","category-relevantes"],"aioseo_notices":[],"authors":[{"term_id":31,"user_id":1,"is_guest":0,"slug":"ivan3vino","display_name":"Iv\u00e1n Trevi\u00f1o","avatar_url":{"url":"https:\/\/visionciudadana.com.mx\/oficial\/wp-content\/uploads\/2025\/09\/columna-ivan-Trevino.png","url2x":"https:\/\/visionciudadana.com.mx\/oficial\/wp-content\/uploads\/2025\/09\/columna-ivan-Trevino.png"},"0":null,"1":"","2":"","3":"","4":"","5":"","6":"","7":"","8":""}],"_links":{"self":[{"href":"https:\/\/visionciudadana.com.mx\/oficial\/wp-json\/wp\/v2\/posts\/17221","targetHints":{"allow":["GET"]}}],"collection":[{"href":"https:\/\/visionciudadana.com.mx\/oficial\/wp-json\/wp\/v2\/posts"}],"about":[{"href":"https:\/\/visionciudadana.com.mx\/oficial\/wp-json\/wp\/v2\/types\/post"}],"author":[{"embeddable":true,"href":"https:\/\/visionciudadana.com.mx\/oficial\/wp-json\/wp\/v2\/users\/1"}],"replies":[{"embeddable":true,"href":"https:\/\/visionciudadana.com.mx\/oficial\/wp-json\/wp\/v2\/comments?post=17221"}],"version-history":[{"count":1,"href":"https:\/\/visionciudadana.com.mx\/oficial\/wp-json\/wp\/v2\/posts\/17221\/revisions"}],"predecessor-version":[{"id":30836,"href":"https:\/\/visionciudadana.com.mx\/oficial\/wp-json\/wp\/v2\/posts\/17221\/revisions\/30836"}],"wp:featuredmedia":[{"embeddable":true,"href":"https:\/\/visionciudadana.com.mx\/oficial\/wp-json\/wp\/v2\/posts\/1143"}],"wp:attachment":[{"href":"https:\/\/visionciudadana.com.mx\/oficial\/wp-json\/wp\/v2\/media?parent=17221"}],"wp:term":[{"taxonomy":"category","embeddable":true,"href":"https:\/\/visionciudadana.com.mx\/oficial\/wp-json\/wp\/v2\/categories?post=17221"},{"taxonomy":"post_tag","embeddable":true,"href":"https:\/\/visionciudadana.com.mx\/oficial\/wp-json\/wp\/v2\/tags?post=17221"},{"taxonomy":"author","embeddable":true,"href":"https:\/\/visionciudadana.com.mx\/oficial\/wp-json\/wp\/v2\/ppma_author?post=17221"}],"curies":[{"name":"wp","href":"https:\/\/api.w.org\/{rel}","templated":true}]}}