{"id":17219,"date":"2021-07-13T17:29:22","date_gmt":"2021-07-13T17:29:22","guid":{"rendered":"https:\/\/visionciudadana.com.mx\/chio\/2021\/07\/13\/aprueba-la-sep-calendario-escolar-de-190-dias-para-sinaloa\/"},"modified":"2025-06-25T00:11:57","modified_gmt":"2025-06-25T00:11:57","slug":"aprueba-la-sep-calendario-escolar-de-190-dias-para-sinaloa","status":"publish","type":"post","link":"https:\/\/visionciudadana.com.mx\/oficial\/2021\/07\/13\/aprueba-la-sep-calendario-escolar-de-190-dias-para-sinaloa\/","title":{"rendered":"Aprueba la SEP Calendario Escolar de 190 d\u00edas para Sinaloa\u00a0"},"content":{"rendered":"<p class=\"x_MsoNormal\" style=\"text-align: justify;\" align=\"center\">&nbsp;<\/p>\n<p><img fetchpriority=\"high\" decoding=\"async\" src=\"images\/2021\/julio21\/calendario.jpg\" alt=\"calendario\" width=\"720\" height=\"480\" style=\"display: block; margin: 20px auto;\" \/><\/p>\n<p class=\"x_MsoNormal\" style=\"text-align: justify;\"><span lang=\"ES\" style=\"font-size: 14pt; font-family: arial, helvetica, sans-serif;\">La Secretar\u00eda de Educaci\u00f3n P\u00fablica (SEP) aprob\u00f3 el ajuste al Calendario Escolar para el Ciclo Escolar 2021-2022 propuesto por Sinaloa por instrucciones del gobernador Quirino Ordaz Coppel y ejecutada por el titular de SEPyC, Juan Alfonso Mej\u00eda L\u00f3pez, en consenso entre autoridades, l\u00edderes sindicales, sociedad civil y escuelas de educaci\u00f3n b\u00e1sica de la entidad.<\/span><\/p>\n<p class=\"x_MsoNormal\" style=\"text-align: justify;\"><span lang=\"ES\" style=\"font-size: 14pt; font-family: arial, helvetica, sans-serif;\"><\/span><\/p>\n<p class=\"x_MsoNormal\" style=\"text-align: justify;\"><span lang=\"ES\" style=\"font-size: 14pt; font-family: arial, helvetica, sans-serif;\">El titular de SEPyC inform\u00f3 que la propuesta de Calendario Escolar de 190 d\u00edas para Sinaloa fue aprobada mediante Oficio No. DGPPyEE\/824\/2021, emitido en la Ciudad de M\u00e9xico, y firmado por Alberto Mayorga R\u00edos, titular de la Direcci\u00f3n General de Planeaci\u00f3n, Programaci\u00f3n y Estad\u00edstica Educativa de la SEP. Concluye que \u00abesta Direcci\u00f3n General, en el \u00e1mbito de sus atribuciones, no tiene observaciones o comentarios a la propuesta de ajuste al Calendario Escolar determinado por esta Secretar\u00eda\u201d. Por ello, el pr\u00f3ximo ciclo escolar ser\u00e1 de 190 d\u00edas para Sinaloa,&nbsp;<b>iniciar\u00e1 el 30 de agosto de 2021 y concluir\u00e1 el 14 de julio de 2022<\/b>.<\/span><\/p>\n<p class=\"x_MsoNormal\" style=\"text-align: justify;\"><span lang=\"ES\" style=\"font-size: 14pt; font-family: arial, helvetica, sans-serif;\"><\/span><\/p>\n<p class=\"x_MsoNormal\" style=\"text-align: justify;\"><span lang=\"ES\" style=\"font-size: 14pt; font-family: arial, helvetica, sans-serif;\">La propuesta realizada por la SEPyC a la autoridad federal argumenta que la prolongaci\u00f3n de los d\u00edas y horarios de trabajo generar\u00eda consecuencias negativas en la salud emocional y f\u00edsica de alumnos, as\u00ed como padres de familia y trabajadores en el contexto climatol\u00f3gico, considerando adem\u00e1s la importancia de garantizar el derecho a aprender de las y los ni\u00f1os.<\/span><\/p>\n<p class=\"x_MsoNormal\" style=\"text-align: justify;\"><span lang=\"ES\" style=\"font-size: 14pt; font-family: arial, helvetica, sans-serif;\"><\/span><\/p>\n<p class=\"x_MsoNormal\" style=\"text-align: justify;\"><span lang=\"ES\" style=\"font-size: 14pt; font-family: arial, helvetica, sans-serif;\">A\u00f1ade que la ubicaci\u00f3n geogr\u00e1fica de Sinaloa, durante el verano se registran temperaturas que promedian los 45\u00b0C e incluso los 50 grados en algunas zonas de la entidad, impidiendo pr\u00e1cticamente la realizaci\u00f3n propicia de las actividades escolares por la falta de equipos de aire acondicionado en muchas de nuestras escuelas, as\u00ed como la falta de disponibilidad de agua por la sequ\u00eda que estamos padeciendo en esta zona del pa\u00eds.<\/span><\/p>\n<p class=\"x_MsoNormal\" style=\"text-align: justify;\"><span lang=\"ES\" style=\"font-size: 14pt; font-family: arial, helvetica, sans-serif;\"><\/span><\/p>\n<p class=\"x_MsoNormal\" style=\"text-align: justify;\" align=\"center\"><span style=\"font-size: 14pt; font-family: arial, helvetica, sans-serif;\"><b><span lang=\"ES\">Culmina el ciclo escolar 2020-2021<\/span><\/b><\/span><\/p>\n<p class=\"x_MsoNormal\" style=\"text-align: justify;\"><span lang=\"ES\" style=\"font-size: 14pt; font-family: arial, helvetica, sans-serif;\">El pasado viernes 9 de julio concluy\u00f3 el Ciclo Escolar 2020-2021 para 578 mil 776 alumnos de educaci\u00f3n b\u00e1sica en 5 mil 716 escuelas p\u00fablicas y privadas de la entidad. De ellos, 107 mil 653 alumnos de preescolar; 314 mil 293 de primaria, y 156 mil 830 alumnos de secundaria. Asimismo, concluye el ciclo para 31 mil 473 docentes de escuelas privadas y p\u00fablicas.<\/span><\/p>\n<p class=\"x_MsoNormal\" style=\"text-align: justify;\"><span lang=\"ES\" style=\"font-size: 14pt; font-family: arial, helvetica, sans-serif;\"><\/span><\/p>\n<p class=\"x_MsoNormal\" style=\"text-align: justify;\"><span lang=\"ES\" style=\"font-size: 14pt; font-family: arial, helvetica, sans-serif;\">Durante este Ciclo Escolar, marcado por la contingencia por SARS-CoV-2, Sinaloa fue ejemplo nacional al habilitar y echar a andar 955 Centros Comunitarios de Aprendizaje (CCA) en beneficio de 26 mil 026 alumnos de los niveles de educaci\u00f3n b\u00e1sica, media superior y superior con el prop\u00f3sito de combatir el abandono escolar. La estrategia fue replicada por cinco entidades del pa\u00eds, anunci\u00f3 recientemente la titular de la SEP, Delfina G\u00f3mez. Se trata de Chihuahua, Colima, Michoac\u00e1n, Nayarit y Zacatecas.<\/span><\/p>\n<p class=\"x_MsoNormal\" style=\"text-align: justify;\"><span lang=\"ES\" style=\"font-size: 14pt; font-family: arial, helvetica, sans-serif;\"><\/span><\/p>\n<p class=\"x_MsoNormal\" style=\"text-align: justify;\"><span lang=\"ES\" style=\"font-size: 14pt; font-family: arial, helvetica, sans-serif;\">De los 955 CCA habilitados en la entidad, 824 corresponden a Educaci\u00f3n B\u00e1sica, 115 de educaci\u00f3n media superior y 16 de educaci\u00f3n superior, con el apoyo de 2 mil 450 docentes.<\/span><\/p>\n<div style=\"text-align: justify;\">&nbsp;<\/div>\n<div style=\"text-align: justify;\">&nbsp;<\/div>\n<div style=\"text-align: justify;\"><span lang=\"ES\" style=\"font-size: 14pt; font-family: arial, helvetica, sans-serif;\">REDACCI\u00d3N\/VISI\u00d3N CIUDADANA.&nbsp;<\/span><\/div>\n","protected":false},"excerpt":{"rendered":"<p>&nbsp; La Secretar\u00eda de Educaci\u00f3n P\u00fablica (SEP) aprob\u00f3 el ajuste al Calendario Escolar para el Ciclo Escolar 2021-2022 propuesto por Sinaloa por instrucciones del gobernador Quirino Ordaz Coppel y ejecutada por el titular de SEPyC, Juan Alfonso Mej\u00eda L\u00f3pez, en consenso entre autoridades, l\u00edderes sindicales, sociedad civil y escuelas de educaci\u00f3n b\u00e1sica de la entidad. [&hellip;]<\/p>\n","protected":false},"author":1,"featured_media":1139,"comment_status":"closed","ping_status":"closed","sticky":false,"template":"","format":"standard","meta":{"footnotes":""},"categories":[24],"tags":[],"ppma_author":[31],"class_list":["post-17219","post","type-post","status-publish","format-standard","has-post-thumbnail","hentry","category-relevantes"],"aioseo_notices":[],"authors":[{"term_id":31,"user_id":1,"is_guest":0,"slug":"ivan3vino","display_name":"Iv\u00e1n Trevi\u00f1o","avatar_url":{"url":"https:\/\/visionciudadana.com.mx\/oficial\/wp-content\/uploads\/2025\/09\/columna-ivan-Trevino.png","url2x":"https:\/\/visionciudadana.com.mx\/oficial\/wp-content\/uploads\/2025\/09\/columna-ivan-Trevino.png"},"0":null,"1":"","2":"","3":"","4":"","5":"","6":"","7":"","8":""}],"_links":{"self":[{"href":"https:\/\/visionciudadana.com.mx\/oficial\/wp-json\/wp\/v2\/posts\/17219","targetHints":{"allow":["GET"]}}],"collection":[{"href":"https:\/\/visionciudadana.com.mx\/oficial\/wp-json\/wp\/v2\/posts"}],"about":[{"href":"https:\/\/visionciudadana.com.mx\/oficial\/wp-json\/wp\/v2\/types\/post"}],"author":[{"embeddable":true,"href":"https:\/\/visionciudadana.com.mx\/oficial\/wp-json\/wp\/v2\/users\/1"}],"replies":[{"embeddable":true,"href":"https:\/\/visionciudadana.com.mx\/oficial\/wp-json\/wp\/v2\/comments?post=17219"}],"version-history":[{"count":1,"href":"https:\/\/visionciudadana.com.mx\/oficial\/wp-json\/wp\/v2\/posts\/17219\/revisions"}],"predecessor-version":[{"id":30838,"href":"https:\/\/visionciudadana.com.mx\/oficial\/wp-json\/wp\/v2\/posts\/17219\/revisions\/30838"}],"wp:featuredmedia":[{"embeddable":true,"href":"https:\/\/visionciudadana.com.mx\/oficial\/wp-json\/wp\/v2\/posts\/1139"}],"wp:attachment":[{"href":"https:\/\/visionciudadana.com.mx\/oficial\/wp-json\/wp\/v2\/media?parent=17219"}],"wp:term":[{"taxonomy":"category","embeddable":true,"href":"https:\/\/visionciudadana.com.mx\/oficial\/wp-json\/wp\/v2\/categories?post=17219"},{"taxonomy":"post_tag","embeddable":true,"href":"https:\/\/visionciudadana.com.mx\/oficial\/wp-json\/wp\/v2\/tags?post=17219"},{"taxonomy":"author","embeddable":true,"href":"https:\/\/visionciudadana.com.mx\/oficial\/wp-json\/wp\/v2\/ppma_author?post=17219"}],"curies":[{"name":"wp","href":"https:\/\/api.w.org\/{rel}","templated":true}]}}