{"id":17206,"date":"2021-07-08T22:39:15","date_gmt":"2021-07-08T22:39:15","guid":{"rendered":"https:\/\/visionciudadana.com.mx\/chio\/2021\/07\/08\/realizan-el-encuentro-ciudadano-construyendo-espacios-para-la-paz\/"},"modified":"2025-06-25T00:11:57","modified_gmt":"2025-06-25T00:11:57","slug":"realizan-el-encuentro-ciudadano-construyendo-espacios-para-la-paz","status":"publish","type":"post","link":"https:\/\/visionciudadana.com.mx\/oficial\/2021\/07\/08\/realizan-el-encuentro-ciudadano-construyendo-espacios-para-la-paz\/","title":{"rendered":"Realizan el encuentro ciudadano \u201cConstruyendo Espacios para la Paz\u201d"},"content":{"rendered":"<p>&nbsp;<\/p>\n<p><img fetchpriority=\"high\" decoding=\"async\" src=\"images\/2021\/julio21\/realizan.jpg\" alt=\"realizan\" width=\"720\" height=\"480\" style=\"display: block; margin: 20px auto;\" \/><\/p>\n<p class=\"x_MsoNormal\" style=\"text-align: justify;\"><span lang=\"ES\" style=\"font-size: 14pt; font-family: arial, helvetica, sans-serif;\">Con el objetivo de trabajar juntos en la integraci\u00f3n de una mejor sociedad a trav\u00e9s del fomento de la cultura de orden, respeto y empat\u00eda, y la generaci\u00f3n de espacios libres de violencia, el alcalde Lic. Jes\u00fas Estrada Ferreiro acudi\u00f3 al encuentro ciudadano denominado \u201cConstruyendo Espacios para la Paz\u201d.<\/span><\/p>\n<p style=\"text-align: justify;\">&nbsp;<\/p>\n<p class=\"x_MsoNormal\" style=\"text-align: justify;\"><span lang=\"ES\" style=\"font-size: 14pt; font-family: arial, helvetica, sans-serif;\">Teniendo como sede del evento el auditorio multifuncional del Instituto MIA, el presidente municipal felicit\u00f3 y agradeci\u00f3 a los presentes, entre ellos l\u00edderes de la sociedad civil, empresarios, promotores deportivos y culturales, su disposici\u00f3n para colaborar con el municipio en la tarea de garantizar mejores \u00edndices de seguridad a la poblaci\u00f3n.<\/span><\/p>\n<p style=\"text-align: justify;\">&nbsp;<\/p>\n<p class=\"x_MsoNormal\" style=\"text-align: justify;\"><span lang=\"ES\" style=\"font-size: 14pt; font-family: arial, helvetica, sans-serif;\">En ese sentido, el primer edil refrend\u00f3 su compromiso de trabajar por un Culiac\u00e1n m\u00e1s seguro, con orden y paz, donde sus habitantes puedan tener la tranquilidad de salir a realizar las actividades de su vida cotidiana sin temor a ser agredidos, ya sea en su integridad f\u00edsica o patrimonial.<\/span><\/p>\n<p style=\"text-align: justify;\">&nbsp;<\/p>\n<p class=\"x_MsoNormal\" style=\"text-align: justify;\"><span lang=\"ES\" style=\"font-size: 14pt; font-family: arial, helvetica, sans-serif;\">Sin embargo, indic\u00f3, para lograr esta meta se requiere la participaci\u00f3n de todos, sociedad, empresarios y gobierno, pues la seguridad es un tema complejo que se fortalece a trav\u00e9s de acciones multifactoriales.<\/span><\/p>\n<p style=\"text-align: justify;\">&nbsp;<\/p>\n<p class=\"x_MsoNormal\" style=\"text-align: justify;\"><span lang=\"ES\" style=\"font-size: 14pt; font-family: arial, helvetica, sans-serif;\">\u201cNo solo se trata de equipar con mejores armas a nuestros polic\u00edas, aqu\u00ed tambi\u00e9n es de suma importancia, como bien lo dice el t\u00edtulo de este encuentro, la generaci\u00f3n de espacios y oportunidades que permitan construir una mejor sociedad, en los \u00e1mbitos de la educaci\u00f3n, el deporte, la cultura, as\u00ed como la formaci\u00f3n \u00e9tica, moral y ciudadana\u201d, destac\u00f3.<\/span><\/p>\n<p style=\"text-align: justify;\">&nbsp;<\/p>\n<p class=\"x_MsoNormal\" style=\"text-align: justify;\"><span lang=\"ES\" style=\"font-size: 14pt; font-family: arial, helvetica, sans-serif;\">Sobre esto, Estrada Ferreiro dijo que el Gobierno de Culiac\u00e1n ha llevado a cabo acciones de rehabilitaci\u00f3n en parques y unidades deportivas, colaborado en la rehabilitaci\u00f3n de instalaciones educativas, y mejorando la infraestructura y el equipamiento urbano.<\/span><\/p>\n<p style=\"text-align: justify;\">&nbsp;<\/p>\n<p class=\"x_MsoNormal\" style=\"text-align: justify;\"><span lang=\"ES\" style=\"font-size: 14pt; font-family: arial, helvetica, sans-serif;\">Como se ha venido realizando con la colocaci\u00f3n de luminarias LED, ofreciendo un mejor servicio de alumbrado p\u00fablico que permite inhibir la incidencia delictiva.<\/span><\/p>\n<p style=\"text-align: justify;\">&nbsp;<\/p>\n<p class=\"x_MsoNormal\" style=\"text-align: justify;\"><span lang=\"ES\" style=\"font-size: 14pt; font-family: arial, helvetica, sans-serif;\">Por su parte, Rosa Elvira Jacobo, directora adjunta de Construyendo Espacios para la Paz, mencion\u00f3 la importancia de este encuentro para la adquisici\u00f3n de herramientas normativas, te\u00f3ricas y pr\u00e1cticas que se necesitan a fin de prevenir actos de violencia en el municipio y, de la misma manera, fortalecer las habilidades y competencias que se requieren para la elaboraci\u00f3n de un diagn\u00f3stico de las principales problem\u00e1ticas del entorno.<\/span><\/p>\n<p style=\"text-align: justify;\">&nbsp;<\/p>\n<p class=\"x_MsoNormal\" style=\"text-align: justify;\"><span lang=\"ES\" style=\"font-size: 14pt; font-family: arial, helvetica, sans-serif;\">Tras ello, Daniel Guti\u00e9rrez Moore coordinador del programa \u201cSer Polic\u00eda\u201d, dio a conocer el listado de propuestas y sugerencias para dignificar y profesionalizar a\u00fan m\u00e1s a las corporaciones policiacas.<\/span><\/p>\n<p style=\"text-align: justify;\">&nbsp;<\/p>\n<p class=\"x_MsoNormal\" style=\"text-align: justify;\"><span lang=\"ES\" style=\"font-size: 14pt; font-family: arial, helvetica, sans-serif;\">Entre ellas el uso de drones para vigilancia, la creaci\u00f3n de unidades especializadas para maniobras de reacci\u00f3n y recolecci\u00f3n de informaci\u00f3n, y la aplicaci\u00f3n del programa de Polic\u00eda Comunitaria, a trav\u00e9s de la cual se buscar\u00eda m\u00e1s acercamiento con los habitantes de determinado sector.<\/span><\/p>\n<p style=\"text-align: justify;\">&nbsp;<\/p>\n<p style=\"text-align: justify;\">&nbsp;<\/p>\n<p style=\"text-align: justify;\"><span style=\"font-size: 14pt; font-family: arial, helvetica, sans-serif;\">REDACCI\u00d3N\/VISI\u00d3N CIUDADANA.<\/span><\/p>\n","protected":false},"excerpt":{"rendered":"<p>&nbsp; Con el objetivo de trabajar juntos en la integraci\u00f3n de una mejor sociedad a trav\u00e9s del fomento de la cultura de orden, respeto y empat\u00eda, y la generaci\u00f3n de espacios libres de violencia, el alcalde Lic. Jes\u00fas Estrada Ferreiro acudi\u00f3 al encuentro ciudadano denominado \u201cConstruyendo Espacios para la Paz\u201d. &nbsp; Teniendo como sede del [&hellip;]<\/p>\n","protected":false},"author":1,"featured_media":1125,"comment_status":"closed","ping_status":"closed","sticky":false,"template":"","format":"standard","meta":{"footnotes":""},"categories":[13],"tags":[],"ppma_author":[31],"class_list":["post-17206","post","type-post","status-publish","format-standard","has-post-thumbnail","hentry","category-locales"],"aioseo_notices":[],"authors":[{"term_id":31,"user_id":1,"is_guest":0,"slug":"ivan3vino","display_name":"Iv\u00e1n Trevi\u00f1o","avatar_url":{"url":"https:\/\/visionciudadana.com.mx\/oficial\/wp-content\/uploads\/2025\/09\/columna-ivan-Trevino.png","url2x":"https:\/\/visionciudadana.com.mx\/oficial\/wp-content\/uploads\/2025\/09\/columna-ivan-Trevino.png"},"0":null,"1":"","2":"","3":"","4":"","5":"","6":"","7":"","8":""}],"_links":{"self":[{"href":"https:\/\/visionciudadana.com.mx\/oficial\/wp-json\/wp\/v2\/posts\/17206","targetHints":{"allow":["GET"]}}],"collection":[{"href":"https:\/\/visionciudadana.com.mx\/oficial\/wp-json\/wp\/v2\/posts"}],"about":[{"href":"https:\/\/visionciudadana.com.mx\/oficial\/wp-json\/wp\/v2\/types\/post"}],"author":[{"embeddable":true,"href":"https:\/\/visionciudadana.com.mx\/oficial\/wp-json\/wp\/v2\/users\/1"}],"replies":[{"embeddable":true,"href":"https:\/\/visionciudadana.com.mx\/oficial\/wp-json\/wp\/v2\/comments?post=17206"}],"version-history":[{"count":1,"href":"https:\/\/visionciudadana.com.mx\/oficial\/wp-json\/wp\/v2\/posts\/17206\/revisions"}],"predecessor-version":[{"id":30839,"href":"https:\/\/visionciudadana.com.mx\/oficial\/wp-json\/wp\/v2\/posts\/17206\/revisions\/30839"}],"wp:featuredmedia":[{"embeddable":true,"href":"https:\/\/visionciudadana.com.mx\/oficial\/wp-json\/wp\/v2\/posts\/1125"}],"wp:attachment":[{"href":"https:\/\/visionciudadana.com.mx\/oficial\/wp-json\/wp\/v2\/media?parent=17206"}],"wp:term":[{"taxonomy":"category","embeddable":true,"href":"https:\/\/visionciudadana.com.mx\/oficial\/wp-json\/wp\/v2\/categories?post=17206"},{"taxonomy":"post_tag","embeddable":true,"href":"https:\/\/visionciudadana.com.mx\/oficial\/wp-json\/wp\/v2\/tags?post=17206"},{"taxonomy":"author","embeddable":true,"href":"https:\/\/visionciudadana.com.mx\/oficial\/wp-json\/wp\/v2\/ppma_author?post=17206"}],"curies":[{"name":"wp","href":"https:\/\/api.w.org\/{rel}","templated":true}]}}