{"id":17205,"date":"2021-07-08T22:35:41","date_gmt":"2021-07-08T22:35:41","guid":{"rendered":"https:\/\/visionciudadana.com.mx\/chio\/2021\/07\/08\/inicia-jornada-de-sanitizacion-a-instalaciones-del-relleno-sanitario-y-su-parque-vehicular\/"},"modified":"2025-06-25T00:11:57","modified_gmt":"2025-06-25T00:11:57","slug":"inicia-jornada-de-sanitizacion-a-instalaciones-del-relleno-sanitario-y-su-parque-vehicular","status":"publish","type":"post","link":"https:\/\/visionciudadana.com.mx\/oficial\/2021\/07\/08\/inicia-jornada-de-sanitizacion-a-instalaciones-del-relleno-sanitario-y-su-parque-vehicular\/","title":{"rendered":"Inicia jornada de sanitizaci\u00f3n a instalaciones del relleno sanitario y su parque vehicular"},"content":{"rendered":"<p>&nbsp;<\/p>\n<p><img fetchpriority=\"high\" decoding=\"async\" src=\"images\/2021\/julio21\/inicia_jornada.jpg\" alt=\"inicia jornada\" width=\"720\" height=\"480\" style=\"display: block; margin: 20px auto;\" \/><\/p>\n<p class=\"x_MsoNormal\" style=\"text-align: justify;\"><span lang=\"ES\" style=\"font-size: 14pt; font-family: arial, helvetica, sans-serif;\">Las acciones para el fortalecimiento de las medidas preventivas contra el COVID-19 siguen realiz\u00e1ndose por instrucci\u00f3n del alcalde Lic. Jes\u00fas Estrada Ferreiro, es por ello que hoy se realiz\u00f3 la sanitizaci\u00f3n de las unidades de recolecci\u00f3n de basura localizadas en el relleno sanitario, mismo que tambi\u00e9n fue sanitizado en sus instalaciones.<\/span><\/p>\n<p class=\"x_MsoNormal\" style=\"text-align: justify;\"><span style=\"font-size: 14pt; font-family: arial, helvetica, sans-serif;\"><b><span lang=\"ES\"><\/span><\/b><\/span><\/p>\n<p class=\"x_MsoNormal\" style=\"text-align: justify;\"><span lang=\"ES\" style=\"font-size: 14pt; font-family: arial, helvetica, sans-serif;\">Estos trabajos arrancaron a las 8:00 de la ma\u00f1ana, con la aplicaci\u00f3n de la formula sanitizante sobre los veh\u00edculos del primer turno que dan servicio en la ciudad, as\u00ed como las oficinas, taller y \u00e1rea de b\u00e1scula.<\/span><\/p>\n<p class=\"x_MsoNormal\" style=\"text-align: justify;\"><span lang=\"ES\" style=\"font-size: 14pt; font-family: arial, helvetica, sans-serif;\"><\/span><\/p>\n<p class=\"x_MsoNormal\" style=\"text-align: justify;\"><span lang=\"ES\" style=\"font-size: 14pt; font-family: arial, helvetica, sans-serif;\">De esta forma, la jornada contin\u00fao en el horario vespertino en donde se logr\u00f3 la sanitizaci\u00f3n por parte de la Coordinaci\u00f3n Municipal de Protecci\u00f3n Civil de 70 unidades, integradas por camiones recolectores y otros veh\u00edculos.<\/span><\/p>\n<p class=\"x_MsoNormal\" style=\"text-align: justify;\"><span lang=\"ES\" style=\"font-size: 14pt; font-family: arial, helvetica, sans-serif;\"><\/span><\/p>\n<p class=\"x_MsoNormal\" style=\"text-align: justify;\"><span lang=\"ES\" style=\"font-size: 14pt; font-family: arial, helvetica, sans-serif;\">Asimismo, como parte de este proceso y para mayor protecci\u00f3n del personal que labora en la recolecci\u00f3n de basura, se les estar\u00e1 entregando nuevamente cloro y sanitizante individual.<\/span><\/p>\n<p class=\"x_MsoNormal\" style=\"text-align: justify;\"><span lang=\"ES\" style=\"font-size: 14pt; font-family: arial, helvetica, sans-serif;\"><\/span><\/p>\n<p class=\"x_MsoNormal\" style=\"text-align: justify;\"><span lang=\"ES\" style=\"font-size: 14pt; font-family: arial, helvetica, sans-serif;\">Las actividades se desplegar\u00e1n en todas las bases e instalaciones de las \u00e1reas de servicios p\u00fablicos, almacenes y bases de operaciones de la Direcci\u00f3n General de Servicios P\u00fablicos, inform\u00f3 su titular Rodolfo Audelo Avil\u00e9s.<\/span><\/p>\n<p class=\"x_MsoNormal\" style=\"text-align: justify;\"><span lang=\"ES\" style=\"font-size: 14pt; font-family: arial, helvetica, sans-serif;\"><\/span><\/p>\n<p class=\"x_MsoNormal\" style=\"text-align: justify;\"><span lang=\"ES\" style=\"font-size: 14pt; font-family: arial, helvetica, sans-serif;\">La Fundaci\u00f3n Dra. Elga por M\u00e9xico colabor\u00f3 tambi\u00e9n en esta jornada con la aportaci\u00f3n de 800 litros de cloro que fueron utilizados.<\/span><\/p>\n<p class=\"x_MsoNormal\" style=\"text-align: justify;\"><span lang=\"ES\" style=\"font-size: 14pt; font-family: arial, helvetica, sans-serif;\"><\/span><\/p>\n<p class=\"x_MsoNormal\" style=\"text-align: justify;\"><span lang=\"ES\" style=\"font-size: 14pt; font-family: arial, helvetica, sans-serif;\">Estos trabajos se mantendr\u00e1n en los pr\u00f3ximos d\u00edas con la finalidad de inhibir el riego de contagios de COVID-19 entre el personal de la Comuna que diariamente recorre las calles de la ciudad para mantenerla limpia y en orden.<\/span><\/p>\n<p class=\"x_MsoNormal\" style=\"text-align: justify;\"><span lang=\"ES\" style=\"font-size: 14pt; font-family: arial, helvetica, sans-serif;\"><\/span><\/p>\n<p class=\"x_MsoNormal\" style=\"text-align: justify;\"><span lang=\"ES\" style=\"font-size: 14pt; font-family: arial, helvetica, sans-serif;\">Ante el rebrote de casos que se registra en el municipio y en todo el pa\u00eds, el Gobierno de Culiac\u00e1n pide a la poblaci\u00f3n colaborar y seguir los protocolos sanitarios, a fin de proteger la salud de todos.&nbsp;<\/span><\/p>\n<div style=\"text-align: justify;\">&nbsp;<\/div>\n<div style=\"text-align: justify;\">&nbsp;<\/div>\n<div style=\"text-align: justify;\"><span style=\"font-size: 14pt; font-family: arial, helvetica, sans-serif;\">REDACCI\u00d3N\/VISI\u00d3N CIUDADANA.&nbsp;<\/span><\/div>\n","protected":false},"excerpt":{"rendered":"<p>&nbsp; Las acciones para el fortalecimiento de las medidas preventivas contra el COVID-19 siguen realiz\u00e1ndose por instrucci\u00f3n del alcalde Lic. Jes\u00fas Estrada Ferreiro, es por ello que hoy se realiz\u00f3 la sanitizaci\u00f3n de las unidades de recolecci\u00f3n de basura localizadas en el relleno sanitario, mismo que tambi\u00e9n fue sanitizado en sus instalaciones. Estos trabajos arrancaron [&hellip;]<\/p>\n","protected":false},"author":1,"featured_media":1123,"comment_status":"closed","ping_status":"closed","sticky":false,"template":"","format":"standard","meta":{"footnotes":""},"categories":[13],"tags":[],"ppma_author":[31],"class_list":["post-17205","post","type-post","status-publish","format-standard","has-post-thumbnail","hentry","category-locales"],"aioseo_notices":[],"authors":[{"term_id":31,"user_id":1,"is_guest":0,"slug":"ivan3vino","display_name":"Iv\u00e1n Trevi\u00f1o","avatar_url":{"url":"https:\/\/visionciudadana.com.mx\/oficial\/wp-content\/uploads\/2025\/09\/columna-ivan-Trevino.png","url2x":"https:\/\/visionciudadana.com.mx\/oficial\/wp-content\/uploads\/2025\/09\/columna-ivan-Trevino.png"},"0":null,"1":"","2":"","3":"","4":"","5":"","6":"","7":"","8":""}],"_links":{"self":[{"href":"https:\/\/visionciudadana.com.mx\/oficial\/wp-json\/wp\/v2\/posts\/17205","targetHints":{"allow":["GET"]}}],"collection":[{"href":"https:\/\/visionciudadana.com.mx\/oficial\/wp-json\/wp\/v2\/posts"}],"about":[{"href":"https:\/\/visionciudadana.com.mx\/oficial\/wp-json\/wp\/v2\/types\/post"}],"author":[{"embeddable":true,"href":"https:\/\/visionciudadana.com.mx\/oficial\/wp-json\/wp\/v2\/users\/1"}],"replies":[{"embeddable":true,"href":"https:\/\/visionciudadana.com.mx\/oficial\/wp-json\/wp\/v2\/comments?post=17205"}],"version-history":[{"count":1,"href":"https:\/\/visionciudadana.com.mx\/oficial\/wp-json\/wp\/v2\/posts\/17205\/revisions"}],"predecessor-version":[{"id":30840,"href":"https:\/\/visionciudadana.com.mx\/oficial\/wp-json\/wp\/v2\/posts\/17205\/revisions\/30840"}],"wp:featuredmedia":[{"embeddable":true,"href":"https:\/\/visionciudadana.com.mx\/oficial\/wp-json\/wp\/v2\/posts\/1123"}],"wp:attachment":[{"href":"https:\/\/visionciudadana.com.mx\/oficial\/wp-json\/wp\/v2\/media?parent=17205"}],"wp:term":[{"taxonomy":"category","embeddable":true,"href":"https:\/\/visionciudadana.com.mx\/oficial\/wp-json\/wp\/v2\/categories?post=17205"},{"taxonomy":"post_tag","embeddable":true,"href":"https:\/\/visionciudadana.com.mx\/oficial\/wp-json\/wp\/v2\/tags?post=17205"},{"taxonomy":"author","embeddable":true,"href":"https:\/\/visionciudadana.com.mx\/oficial\/wp-json\/wp\/v2\/ppma_author?post=17205"}],"curies":[{"name":"wp","href":"https:\/\/api.w.org\/{rel}","templated":true}]}}