{"id":17203,"date":"2021-07-08T22:24:46","date_gmt":"2021-07-08T22:24:46","guid":{"rendered":"https:\/\/visionciudadana.com.mx\/chio\/2021\/07\/08\/el-partido-sinaloense-en-atencion-a-la-pandemia-reprograma-la-evaluacion-post-electoral\/"},"modified":"2025-06-25T00:11:57","modified_gmt":"2025-06-25T00:11:57","slug":"el-partido-sinaloense-en-atencion-a-la-pandemia-reprograma-la-evaluacion-post-electoral","status":"publish","type":"post","link":"https:\/\/visionciudadana.com.mx\/oficial\/2021\/07\/08\/el-partido-sinaloense-en-atencion-a-la-pandemia-reprograma-la-evaluacion-post-electoral\/","title":{"rendered":"El Partido Sinaloense, en atenci\u00f3n a la pandemia, reprograma la Evaluaci\u00f3n Post-electoral."},"content":{"rendered":"<div>&nbsp;<\/div>\n<div style=\"text-align: justify;\"><img fetchpriority=\"high\" decoding=\"async\" src=\"images\/2021\/julio21\/en_atencio\u0301n.jpg\" alt=\"en atencio\u0301n\" width=\"720\" height=\"480\" style=\"display: block; margin: 20px auto;\" \/><br \/><span style=\"font-size: 14pt; font-family: arial, helvetica, sans-serif;\">El presidente del Partido Sinaloense, H\u00e9ctor Melesio Cu\u00e9n Ojeda, atiende rueda de prensa en la ciudad de Los Mochis donde explica que el Partido Sinaloense ya inici\u00f3 los trabajos de evaluaci\u00f3n del trabajo realizado por la militancia del partido y reflejada en la jornada electoral del 6 de junio pasado, as\u00ed como las acciones estrat\u00e9gicas de identidad, permanencia y capacitaci\u00f3n de las 52 personas que por elecci\u00f3n popular ser\u00e1n funcionarios p\u00fablicos en los pr\u00f3ximos a\u00f1os.<\/span><\/div>\n<div style=\"text-align: justify;\">\n<p><span style=\"font-size: 14pt; font-family: arial, helvetica, sans-serif;\">\u201cEste d\u00eda inici\u00e1bamos la jornada de evaluaci\u00f3n en todo el estado con los Comit\u00e9s Directivos Municipales en pleno, delegados pol\u00edticos, presidentes de los 629 subcomit\u00e9s y representantes de los m\u00e1s de 3600 comit\u00e9s seccionales, sin embargo, siendo consecuentes con lo que hemos declarado permanentemente sobre la pandemia ocasionada por el COVID 19, decidimos reprogramar estas reuniones\u201d, coment\u00f3 Cu\u00e9n Ojeda.<\/span><\/div>\n<div style=\"text-align: justify;\">\n<p><span style=\"font-size: 14pt; font-family: arial, helvetica, sans-serif;\">En principio es claro que el PAS tuvo un considerable avance en las medidas organizativas de su militancia, misma que se expres\u00f3 el d\u00eda de la votaci\u00f3n, fuimos el partido que registr\u00f3 la mayor cantidad de representantes de casillas, representantes generales y el n\u00famero de abogados que participaron el d\u00eda de las elecciones, tan es as\u00ed que ahora si fue posible contar con una gran cantidad de actas de casillas, el 90 % a nivel estatal.<\/span><\/div>\n<div style=\"text-align: justify;\">\n<p><span style=\"font-size: 14pt; font-family: arial, helvetica, sans-serif;\">De hecho, ya iniciamos la jornada de capacitaci\u00f3n e identidad con el partido con los 6 presidentes municipales, 8 diputados locales, 5 s\u00edndicos procuradores y 33 regidores que el PAS obtuvo en el proceso electoral 2020-2021 que arroj\u00f3 resultados el 6 de junio.<\/span><\/div>\n<div style=\"text-align: justify;\">\n<p><span style=\"font-size: 14pt; font-family: arial, helvetica, sans-serif;\">La capacitaci\u00f3n es para reducir al m\u00e1ximo la curva de aprendizaje una vez que inicien a ejercer su responsabilidad, y con ello sean m\u00ednimo los errores que cometan.<\/span><\/div>\n<div style=\"text-align: justify;\"><span style=\"font-size: 14pt; font-family: arial, helvetica, sans-serif;\">En otro rengl\u00f3n, Cu\u00e9n Ojeda reiter\u00f3 que el trabajo del PAS tiene que estar orientado a que los sinaloenses vivan realmente en mejores condiciones, es decir un verdadero bienestar social, no estamos de acuerdo en que muchas de las cosas que se oficializan no son reales, como es el caso de las condiciones actuales de la pandemia, inseguridad en que vivimos, los feminicidios, los levantones\u2026., rechazamos enf\u00e1ticamente que a todo eso se le de un manejo medi\u00e1tico como se est\u00e1 haciendo, en donde los \u00fanicos que pierden es la poblaci\u00f3n, sobre todo la m\u00e1s vulnerable.<\/span><\/div>\n<div style=\"text-align: justify;\">&nbsp;<\/div>\n<div style=\"text-align: justify;\">&nbsp;<\/div>\n<div style=\"text-align: justify;\">&nbsp;<\/div>\n<div style=\"text-align: justify;\"><span style=\"font-size: 14pt; font-family: arial, helvetica, sans-serif;\">REDACCI\u00d3N\/VISI\u00d3N CIUDADANA.<\/span><\/div>\n","protected":false},"excerpt":{"rendered":"<p>&nbsp; El presidente del Partido Sinaloense, H\u00e9ctor Melesio Cu\u00e9n Ojeda, atiende rueda de prensa en la ciudad de Los Mochis donde explica que el Partido Sinaloense ya inici\u00f3 los trabajos de evaluaci\u00f3n del trabajo realizado por la militancia del partido y reflejada en la jornada electoral del 6 de junio pasado, as\u00ed como las acciones [&hellip;]<\/p>\n","protected":false},"author":1,"featured_media":1119,"comment_status":"closed","ping_status":"closed","sticky":false,"template":"","format":"standard","meta":{"footnotes":""},"categories":[24],"tags":[],"ppma_author":[31],"class_list":["post-17203","post","type-post","status-publish","format-standard","has-post-thumbnail","hentry","category-relevantes"],"aioseo_notices":[],"authors":[{"term_id":31,"user_id":1,"is_guest":0,"slug":"ivan3vino","display_name":"Iv\u00e1n Trevi\u00f1o","avatar_url":{"url":"https:\/\/visionciudadana.com.mx\/oficial\/wp-content\/uploads\/2025\/09\/columna-ivan-Trevino.png","url2x":"https:\/\/visionciudadana.com.mx\/oficial\/wp-content\/uploads\/2025\/09\/columna-ivan-Trevino.png"},"0":null,"1":"","2":"","3":"","4":"","5":"","6":"","7":"","8":""}],"_links":{"self":[{"href":"https:\/\/visionciudadana.com.mx\/oficial\/wp-json\/wp\/v2\/posts\/17203","targetHints":{"allow":["GET"]}}],"collection":[{"href":"https:\/\/visionciudadana.com.mx\/oficial\/wp-json\/wp\/v2\/posts"}],"about":[{"href":"https:\/\/visionciudadana.com.mx\/oficial\/wp-json\/wp\/v2\/types\/post"}],"author":[{"embeddable":true,"href":"https:\/\/visionciudadana.com.mx\/oficial\/wp-json\/wp\/v2\/users\/1"}],"replies":[{"embeddable":true,"href":"https:\/\/visionciudadana.com.mx\/oficial\/wp-json\/wp\/v2\/comments?post=17203"}],"version-history":[{"count":1,"href":"https:\/\/visionciudadana.com.mx\/oficial\/wp-json\/wp\/v2\/posts\/17203\/revisions"}],"predecessor-version":[{"id":30842,"href":"https:\/\/visionciudadana.com.mx\/oficial\/wp-json\/wp\/v2\/posts\/17203\/revisions\/30842"}],"wp:featuredmedia":[{"embeddable":true,"href":"https:\/\/visionciudadana.com.mx\/oficial\/wp-json\/wp\/v2\/posts\/1119"}],"wp:attachment":[{"href":"https:\/\/visionciudadana.com.mx\/oficial\/wp-json\/wp\/v2\/media?parent=17203"}],"wp:term":[{"taxonomy":"category","embeddable":true,"href":"https:\/\/visionciudadana.com.mx\/oficial\/wp-json\/wp\/v2\/categories?post=17203"},{"taxonomy":"post_tag","embeddable":true,"href":"https:\/\/visionciudadana.com.mx\/oficial\/wp-json\/wp\/v2\/tags?post=17203"},{"taxonomy":"author","embeddable":true,"href":"https:\/\/visionciudadana.com.mx\/oficial\/wp-json\/wp\/v2\/ppma_author?post=17203"}],"curies":[{"name":"wp","href":"https:\/\/api.w.org\/{rel}","templated":true}]}}