{"id":17202,"date":"2021-07-08T21:10:28","date_gmt":"2021-07-08T21:10:28","guid":{"rendered":"https:\/\/visionciudadana.com.mx\/chio\/2021\/07\/08\/gobierno-de-culiacan-exhorta-a-la-poblacion-a-redoblar-esfuerzos-en-el-cuidado-de-la-salud\/"},"modified":"2025-06-25T00:11:57","modified_gmt":"2025-06-25T00:11:57","slug":"gobierno-de-culiacan-exhorta-a-la-poblacion-a-redoblar-esfuerzos-en-el-cuidado-de-la-salud","status":"publish","type":"post","link":"https:\/\/visionciudadana.com.mx\/oficial\/2021\/07\/08\/gobierno-de-culiacan-exhorta-a-la-poblacion-a-redoblar-esfuerzos-en-el-cuidado-de-la-salud\/","title":{"rendered":"Gobierno de Culiac\u00e1n exhorta a la poblaci\u00f3n a redoblar esfuerzos en el cuidado de la salud"},"content":{"rendered":"<p class=\"x_MsoNormal\" style=\"text-align: justify;\" align=\"center\">&nbsp;<\/p>\n<p><img fetchpriority=\"high\" decoding=\"async\" src=\"images\/2021\/julio21\/exhorta.jpg\" alt=\"exhorta\" width=\"720\" height=\"480\" style=\"display: block; margin: 20px auto;\" \/><\/p>\n<p class=\"x_MsoNormal\" style=\"text-align: justify;\"><span style=\"font-size: 14pt; font-family: arial, helvetica, sans-serif;\">El Covid-19 no se ha ido, es por ello que, ante el repunte de contagios en la capital sinaloense, el alcalde Lic. Jes\u00fas Estrada Ferreiro, ha instruido fortalecer las medidas preventivas y protocolos sanitarios para salvaguardar la salud de todos los culiacanenses.<\/span><\/p>\n<p style=\"text-align: justify;\">&nbsp;<\/p>\n<p class=\"x_MsoNormal\" style=\"text-align: justify;\"><span style=\"font-size: 14pt; font-family: arial, helvetica, sans-serif;\">Desde el inicio de la pandemia, el Gobierno de Culiac\u00e1n traz\u00f3 una ruta de acci\u00f3n para proteger la integridad de la ciudadan\u00eda a trav\u00e9s de la l\u00ednea del cuidado individual que instruy\u00f3 la Direcci\u00f3n de Salud Municipal, mediante el uso del cubrebocas, la sana distancia y lavado frecuente de manos.<\/span><\/p>\n<p style=\"text-align: justify;\">&nbsp;<\/p>\n<p class=\"x_MsoNormal\" style=\"text-align: justify;\"><span style=\"font-size: 14pt; font-family: arial, helvetica, sans-serif;\">En este esfuerzo, la comuna ha requerido la participaci\u00f3n de todas las secretar\u00edas y direcciones, en el prop\u00f3sito de llevar el mensaje de cuidado y protecci\u00f3n a toda la ciudadan\u00eda.<\/span><\/p>\n<p style=\"text-align: justify;\">&nbsp;<\/p>\n<p class=\"x_MsoNormal\" style=\"text-align: justify;\"><span style=\"font-size: 14pt; font-family: arial, helvetica, sans-serif;\">Como parte de estas acciones, Guardianes de la Salud, integrados por el personal de Parques y Jardines, realiz\u00f3 actividades de concientizaci\u00f3n el d\u00eda de ayer en espacios p\u00fablicos y parques para exhortar a la poblaci\u00f3n sobre la importancia del uso de cubrebocas y el acompa\u00f1amiento de las medidas preventivas.<\/span><\/p>\n<p style=\"text-align: justify;\">&nbsp;<\/p>\n<p class=\"x_MsoNormal\" style=\"text-align: justify;\"><span style=\"font-size: 14pt; font-family: arial, helvetica, sans-serif;\">Durante el recorrido por el fraccionamiento Punta Azul, Guardianes de la Salud hicieron entrega de cubrebobcas y el llamado a redoblar esfuerzos para continuar con las medidas de protecci\u00f3n antes mencionadas.<\/span><\/p>\n<p style=\"text-align: justify;\">&nbsp;<\/p>\n<p class=\"x_MsoNormal\" style=\"text-align: justify;\"><span style=\"font-size: 14pt; font-family: arial, helvetica, sans-serif;\">Para el Gobierno de Culiac\u00e1n es primordial sumar voluntades con la sociedad y empresas en aras de enfrentar esta nueva etapa de la pandemia, donde se requiere un mayor compromiso de todos para salir adelante en todos los rubros.<\/span><\/p>\n<p style=\"text-align: justify;\">&nbsp;<\/p>\n<p style=\"text-align: justify;\">&nbsp;<\/p>\n<p style=\"text-align: justify;\"><span style=\"font-size: 14pt; font-family: arial, helvetica, sans-serif;\">REDACCI\u00d3N\/VISI\u00d3N CIUDADANA.<\/span><\/p>\n","protected":false},"excerpt":{"rendered":"<p>&nbsp; El Covid-19 no se ha ido, es por ello que, ante el repunte de contagios en la capital sinaloense, el alcalde Lic. Jes\u00fas Estrada Ferreiro, ha instruido fortalecer las medidas preventivas y protocolos sanitarios para salvaguardar la salud de todos los culiacanenses. &nbsp; Desde el inicio de la pandemia, el Gobierno de Culiac\u00e1n traz\u00f3 [&hellip;]<\/p>\n","protected":false},"author":1,"featured_media":1117,"comment_status":"closed","ping_status":"closed","sticky":false,"template":"","format":"standard","meta":{"footnotes":""},"categories":[24],"tags":[],"ppma_author":[31],"class_list":["post-17202","post","type-post","status-publish","format-standard","has-post-thumbnail","hentry","category-relevantes"],"aioseo_notices":[],"authors":[{"term_id":31,"user_id":1,"is_guest":0,"slug":"ivan3vino","display_name":"Iv\u00e1n Trevi\u00f1o","avatar_url":{"url":"https:\/\/visionciudadana.com.mx\/oficial\/wp-content\/uploads\/2025\/09\/columna-ivan-Trevino.png","url2x":"https:\/\/visionciudadana.com.mx\/oficial\/wp-content\/uploads\/2025\/09\/columna-ivan-Trevino.png"},"0":null,"1":"","2":"","3":"","4":"","5":"","6":"","7":"","8":""}],"_links":{"self":[{"href":"https:\/\/visionciudadana.com.mx\/oficial\/wp-json\/wp\/v2\/posts\/17202","targetHints":{"allow":["GET"]}}],"collection":[{"href":"https:\/\/visionciudadana.com.mx\/oficial\/wp-json\/wp\/v2\/posts"}],"about":[{"href":"https:\/\/visionciudadana.com.mx\/oficial\/wp-json\/wp\/v2\/types\/post"}],"author":[{"embeddable":true,"href":"https:\/\/visionciudadana.com.mx\/oficial\/wp-json\/wp\/v2\/users\/1"}],"replies":[{"embeddable":true,"href":"https:\/\/visionciudadana.com.mx\/oficial\/wp-json\/wp\/v2\/comments?post=17202"}],"version-history":[{"count":1,"href":"https:\/\/visionciudadana.com.mx\/oficial\/wp-json\/wp\/v2\/posts\/17202\/revisions"}],"predecessor-version":[{"id":30843,"href":"https:\/\/visionciudadana.com.mx\/oficial\/wp-json\/wp\/v2\/posts\/17202\/revisions\/30843"}],"wp:featuredmedia":[{"embeddable":true,"href":"https:\/\/visionciudadana.com.mx\/oficial\/wp-json\/wp\/v2\/posts\/1117"}],"wp:attachment":[{"href":"https:\/\/visionciudadana.com.mx\/oficial\/wp-json\/wp\/v2\/media?parent=17202"}],"wp:term":[{"taxonomy":"category","embeddable":true,"href":"https:\/\/visionciudadana.com.mx\/oficial\/wp-json\/wp\/v2\/categories?post=17202"},{"taxonomy":"post_tag","embeddable":true,"href":"https:\/\/visionciudadana.com.mx\/oficial\/wp-json\/wp\/v2\/tags?post=17202"},{"taxonomy":"author","embeddable":true,"href":"https:\/\/visionciudadana.com.mx\/oficial\/wp-json\/wp\/v2\/ppma_author?post=17202"}],"curies":[{"name":"wp","href":"https:\/\/api.w.org\/{rel}","templated":true}]}}