{"id":17201,"date":"2021-07-08T21:06:24","date_gmt":"2021-07-08T21:06:24","guid":{"rendered":"https:\/\/visionciudadana.com.mx\/chio\/2021\/07\/08\/coepriss-suspende-negocios-que-no-cumplen-con-protocolos-de-seguridad-sanitaria\/"},"modified":"2025-06-25T00:11:57","modified_gmt":"2025-06-25T00:11:57","slug":"coepriss-suspende-negocios-que-no-cumplen-con-protocolos-de-seguridad-sanitaria","status":"publish","type":"post","link":"https:\/\/visionciudadana.com.mx\/oficial\/2021\/07\/08\/coepriss-suspende-negocios-que-no-cumplen-con-protocolos-de-seguridad-sanitaria\/","title":{"rendered":"Coepriss suspende negocios que no cumplen con protocolos de seguridad sanitaria"},"content":{"rendered":"<p class=\"x_MsoNormal\"><img fetchpriority=\"high\" decoding=\"async\" src=\"images\/2021\/julio21\/suspenden.jpg\" alt=\"suspenden\" width=\"720\" height=\"480\" style=\"display: block; margin: 20px auto;\" \/><\/p>\n<p class=\"x_MsoNormal\"><b><span style=\"font-family: verdana, sans-serif; font-size: large;\"><\/span><\/b><\/p>\n<p class=\"x_MsoNormal\" style=\"text-align: justify;\"><span style=\"font-family: arial, helvetica, sans-serif; font-size: 14pt;\">La Comisi\u00f3n Estatal para la Protecci\u00f3n contra Riesgos Sanitarios de Sinaloa (Coepriss) suspende empresas que no cumplen con las medidas sanitarias para prevenir la transmisi\u00f3n del virus que provoca el COVID-19 o que operan sin contar con protocolo sanitario ni bit\u00e1coras de sanitizaci\u00f3n o supervisi\u00f3n de las acciones de bioseguridad.<\/span><\/p>\n<p style=\"text-align: justify;\">&nbsp;<\/p>\n<p class=\"x_MsoNormal\" style=\"text-align: justify;\"><span style=\"font-family: arial, helvetica, sans-serif; font-size: 14pt;\">El comisionado Jorge Alan Urbina Vidales inform\u00f3 que en los operativos de vigilancia permanente que realiza Coepriss en establecimientos comerciales se llev\u00f3 a cabo la suspensi\u00f3n temporal de la escuela de nataci\u00f3n&nbsp; \u201cAquatica\u201d y el taller mec\u00e1nico \u201cClutch y Frenos Mart\u00ednez\u201d.<\/span><\/p>\n<p style=\"text-align: justify;\">&nbsp;<\/p>\n<p class=\"x_MsoNormal\" style=\"text-align: justify;\"><span style=\"font-family: arial, helvetica, sans-serif; font-size: 14pt;\">Precis\u00f3 que estas medidas de control sanitario son resultado del operativo permanente de verificaci\u00f3n que implementa la dependencia en los establecimientos de manera aleatoria o a trav\u00e9s de denuncias ciudadanas.<\/span><\/p>\n<p style=\"text-align: justify;\">&nbsp;<\/p>\n<p class=\"x_MsoNormal\" style=\"text-align: justify;\"><span style=\"font-family: arial, helvetica, sans-serif; font-size: 14pt;\">\u201cLa verificaci\u00f3n a la escuela de nataci\u00f3n \u201cAquatica\u201d se realiz\u00f3 en base a la orden COVID-19\/EMR\/0095\/2021 de fecha 07\/07\/2021. Nos constituimos al domicilio ubicado por la calle Benito Ju\u00e1rez 1446 oriente, colonia Miguel Hidalgo, de esta ciudad de Culiac\u00e1n Rosales, y los verificadores se percataron que dicho establecimiento no cuenta con protocolos de seguridad sanitaria ni supervisi\u00f3n de que se apliquen dichos protocolos\u201d, expuso.<\/span><\/p>\n<p style=\"text-align: justify;\">&nbsp;<\/p>\n<p class=\"x_MsoNormal\" style=\"text-align: justify;\"><span style=\"font-family: arial, helvetica, sans-serif; font-size: 14pt;\">Seg\u00fan el reporte, Francisca Graciela Ram\u00edrez Bobadilla atendi\u00f3 a los verificadores quienes aplicaron la C\u00e9dula COVID para micro y peque\u00f1a empresa y de entorno laboral.<\/span><\/p>\n<p style=\"text-align: justify;\">&nbsp;<\/p>\n<p class=\"x_MsoNormal\" style=\"text-align: justify;\"><span style=\"font-family: arial, helvetica, sans-serif; font-size: 14pt;\">\u201cEl personal de Coepriss encontr\u00f3 que el establecimiento tampoco tiene bit\u00e1coras de sanitizaci\u00f3n y de registro de temperatura de personal, es decir, no se checa la temperatura y se observaron personas sin cubrebocas en el interior\u201d, revel\u00f3.<\/span><\/p>\n<p style=\"text-align: justify;\">&nbsp;<\/p>\n<p class=\"x_MsoNormal\" style=\"text-align: justify;\"><span style=\"font-family: arial, helvetica, sans-serif; font-size: 14pt;\">Apunt\u00f3 que empleados del establecimiento manifestaron que hay personal infectado por COVID-19, una persona en aislamiento y tres m\u00e1s ya superaron el contagio, y solo una persona present\u00f3 prueba negativa a COVID-19, las otros dos no la tienen pero se encuentran laborando.<\/span><\/p>\n<p style=\"text-align: justify;\">&nbsp;<\/p>\n<p class=\"x_MsoNormal\" style=\"text-align: justify;\"><span style=\"font-family: arial, helvetica, sans-serif; font-size: 14pt;\">Por todo lo anteriormente expuesto se procedi\u00f3 a la suspensi\u00f3n temporal de actividades instalando los sellos de suspensi\u00f3n 1258 7 1334 en el acceso principal al establecimiento y en el acceso a la alberca.<\/span><\/p>\n<p style=\"text-align: justify;\">&nbsp;<\/p>\n<p class=\"x_MsoNormal\" style=\"text-align: justify;\"><span style=\"font-family: arial, helvetica, sans-serif; font-size: 14pt;\">Cabe mencionar que se suspendi\u00f3 tambi\u00e9n recientemente el taller mec\u00e1nico \u201cClutch y Frenos Mart\u00ednez\u201d que se ubica en la calle Rodolfo G. Robles 164 Sur en la colonia Jorge Almada de esta ciudad, por no tener protocolos sanitarios para la prevenci\u00f3n del COVID-19.<\/span><\/p>\n<p style=\"text-align: justify;\">&nbsp;<\/p>\n<p class=\"x_MsoNormal\" style=\"text-align: justify;\"><span style=\"font-family: arial, helvetica, sans-serif; font-size: 14pt;\">Puntualiz\u00f3 que todos los establecimientos se est\u00e1n verificando para proteger a la poblaci\u00f3n contra riesgos sanitarios y en lo que se refiere a los restaurantes o comercios con venta de alimentos se vigila la instalaci\u00f3n de filtros sanitarios con toma de temperatura y aplicaci\u00f3n de gel antibacterial, el aforo de personas, el distanciamiento entre mesas, la aplicaci\u00f3n de filtros en los accesos, el uso de equipo de protecci\u00f3n personal, la delimitaci\u00f3n de barreras f\u00edsicas, utilizaci\u00f3n de se\u00f1al\u00e9tica para respetar la sana distancia y la desinfecci\u00f3n permanente de las mesas y espacios, entre otras.<\/span><\/p>\n<p style=\"text-align: justify;\">&nbsp;<\/p>\n<p class=\"x_MsoNormal\" style=\"text-align: justify;\"><span style=\"font-family: arial, helvetica, sans-serif; font-size: 14pt;\">Jorge Alan Urbina Vidales asever\u00f3 que en este operativo de vigilancia existe una coordinaci\u00f3n con instancias federales, estatales y municipales, porque cada instituci\u00f3n procede en base a las facultades de su competencia para realizar las acciones necesarias con el prop\u00f3sito de que se cumplan las medidas oportunas para la seguridad de los trabajadores y de los usuarios.<\/span><\/p>\n<p style=\"text-align: justify;\">&nbsp;<\/p>\n<p class=\"x_MsoNormal\" style=\"text-align: justify;\"><span style=\"font-family: arial, helvetica, sans-serif; font-size: 14pt;\">El comisionado estatal para la Protecci\u00f3n contra Riesgos Sanitarios de Sinaloa dijo finalmente que pueden presentarse denuncias ciudadanas hacia establecimientos comerciales que incumplan medidas sanitarias o bien levantarse un reporte en la l\u00ednea telef\u00f3nica 6677587000 Extensi\u00f3n 40285 o al correo electr\u00f3nico&nbsp;<a href=\"mailto:depaoperacion@gmail.com\" target=\"_blank\" rel=\"noopener noreferrer\" id=\"LPlnk476187\" data-auth=\"NotApplicable\" data-linkindex=\"0\"><\/a><a href=\"mailto:depaoperacion@gmail.com\">depaoperacion@gmail.com<\/a>.<\/span><\/p>\n<p style=\"text-align: justify;\">&nbsp;<\/p>\n<p style=\"text-align: justify;\">&nbsp;<\/p>\n<p style=\"text-align: justify;\"><span style=\"font-size: 14pt; font-family: arial, helvetica, sans-serif;\">REDACCI\u00d3N\/VISI\u00d3N CIUDADANA.<\/span><\/p>\n","protected":false},"excerpt":{"rendered":"<p>La Comisi\u00f3n Estatal para la Protecci\u00f3n contra Riesgos Sanitarios de Sinaloa (Coepriss) suspende empresas que no cumplen con las medidas sanitarias para prevenir la transmisi\u00f3n del virus que provoca el COVID-19 o que operan sin contar con protocolo sanitario ni bit\u00e1coras de sanitizaci\u00f3n o supervisi\u00f3n de las acciones de bioseguridad. &nbsp; El comisionado Jorge Alan [&hellip;]<\/p>\n","protected":false},"author":1,"featured_media":1115,"comment_status":"closed","ping_status":"closed","sticky":false,"template":"","format":"standard","meta":{"footnotes":""},"categories":[24],"tags":[],"ppma_author":[31],"class_list":["post-17201","post","type-post","status-publish","format-standard","has-post-thumbnail","hentry","category-relevantes"],"aioseo_notices":[],"authors":[{"term_id":31,"user_id":1,"is_guest":0,"slug":"ivan3vino","display_name":"Iv\u00e1n Trevi\u00f1o","avatar_url":{"url":"https:\/\/visionciudadana.com.mx\/oficial\/wp-content\/uploads\/2025\/09\/columna-ivan-Trevino.png","url2x":"https:\/\/visionciudadana.com.mx\/oficial\/wp-content\/uploads\/2025\/09\/columna-ivan-Trevino.png"},"0":null,"1":"","2":"","3":"","4":"","5":"","6":"","7":"","8":""}],"_links":{"self":[{"href":"https:\/\/visionciudadana.com.mx\/oficial\/wp-json\/wp\/v2\/posts\/17201","targetHints":{"allow":["GET"]}}],"collection":[{"href":"https:\/\/visionciudadana.com.mx\/oficial\/wp-json\/wp\/v2\/posts"}],"about":[{"href":"https:\/\/visionciudadana.com.mx\/oficial\/wp-json\/wp\/v2\/types\/post"}],"author":[{"embeddable":true,"href":"https:\/\/visionciudadana.com.mx\/oficial\/wp-json\/wp\/v2\/users\/1"}],"replies":[{"embeddable":true,"href":"https:\/\/visionciudadana.com.mx\/oficial\/wp-json\/wp\/v2\/comments?post=17201"}],"version-history":[{"count":1,"href":"https:\/\/visionciudadana.com.mx\/oficial\/wp-json\/wp\/v2\/posts\/17201\/revisions"}],"predecessor-version":[{"id":30844,"href":"https:\/\/visionciudadana.com.mx\/oficial\/wp-json\/wp\/v2\/posts\/17201\/revisions\/30844"}],"wp:featuredmedia":[{"embeddable":true,"href":"https:\/\/visionciudadana.com.mx\/oficial\/wp-json\/wp\/v2\/posts\/1115"}],"wp:attachment":[{"href":"https:\/\/visionciudadana.com.mx\/oficial\/wp-json\/wp\/v2\/media?parent=17201"}],"wp:term":[{"taxonomy":"category","embeddable":true,"href":"https:\/\/visionciudadana.com.mx\/oficial\/wp-json\/wp\/v2\/categories?post=17201"},{"taxonomy":"post_tag","embeddable":true,"href":"https:\/\/visionciudadana.com.mx\/oficial\/wp-json\/wp\/v2\/tags?post=17201"},{"taxonomy":"author","embeddable":true,"href":"https:\/\/visionciudadana.com.mx\/oficial\/wp-json\/wp\/v2\/ppma_author?post=17201"}],"curies":[{"name":"wp","href":"https:\/\/api.w.org\/{rel}","templated":true}]}}