{"id":17189,"date":"2021-07-08T02:11:07","date_gmt":"2021-07-08T02:11:07","guid":{"rendered":"https:\/\/visionciudadana.com.mx\/chio\/2021\/07\/08\/acciones-de-prevencion-contra-covid-seran-mas-fuertes-en-todo-el-estado\/"},"modified":"2025-06-25T00:11:58","modified_gmt":"2025-06-25T00:11:58","slug":"acciones-de-prevencion-contra-covid-seran-mas-fuertes-en-todo-el-estado","status":"publish","type":"post","link":"https:\/\/visionciudadana.com.mx\/oficial\/2021\/07\/08\/acciones-de-prevencion-contra-covid-seran-mas-fuertes-en-todo-el-estado\/","title":{"rendered":"Acciones de prevenci\u00f3n contra Covid, ser\u00e1n m\u00e1s fuertes en todo el Estado"},"content":{"rendered":"<p style=\"text-align: justify;\"><img fetchpriority=\"high\" decoding=\"async\" src=\"images\/2021\/julio21\/acciones_fuertes.jpg\" alt=\"acciones fuertes\" width=\"720\" height=\"480\" style=\"display: block; margin: 20px auto;\" \/><\/p>\n<p><span style=\"font-size: 14pt; font-family: arial, helvetica, sans-serif;\">Por gestiones del Gobernador del Estado, Quirino Ordaz Coppel ante el Gobierno de la Rep\u00fablica se inicia la aplicaci\u00f3n de protocolos m\u00e1s estrictos para prevenir la propagaci\u00f3n del Covid 19 en Sinaloa, entre ellos la aplicaci\u00f3n de vacuna a mayores de 30 a\u00f1os en las \u00e1reas de mayores contagio.<\/span><\/p>\n<p style=\"text-align: justify;\">&nbsp;<\/p>\n<p style=\"text-align: justify;\"><span style=\"font-size: 14pt; font-family: arial, helvetica, sans-serif;\">El Dr. Efr\u00e9n Encinas Torres, Secretario de Salud del Estado inform\u00f3 que en coordinaci\u00f3n con COEPRISS, Protecci\u00f3n Civil y los H. Ayuntamientos, reforzar\u00e1n medidas de prevenci\u00f3n que buscar\u00e1n mitigar el n\u00famero de contagios por COVID \u2013 19 en nuestro Estado,<\/span><\/p>\n<p style=\"text-align: justify;\">&nbsp;<\/p>\n<p style=\"text-align: justify;\"><span style=\"font-size: 14pt; font-family: arial, helvetica, sans-serif;\">Detall\u00f3 que se permitir\u00e1 y supervisar\u00e1 que el aforo en transporte p\u00fablico, antros, hoteles y fiestas en general sea del 60%.&nbsp; Asimismo, anunci\u00f3 que, gracias a la gesti\u00f3n del Gobernador Lic. Quirino Ordaz Coppel, se iniciar\u00e1 la vacunaci\u00f3n de mayores de 30 a\u00f1os en las zonas de mayores contagios (Culiac\u00e1n y Mazatl\u00e1n).<\/span><\/p>\n<p style=\"text-align: justify;\">&nbsp;<\/p>\n<p style=\"text-align: justify;\"><span style=\"font-size: 14pt; font-family: arial, helvetica, sans-serif;\">Agreg\u00f3 que, si bien el estado mantiene un porcentaje en ocupaci\u00f3n hospitalaria del 25% teniendo con ello capacidad de respuesta para pacientes COVID, se aumentar\u00e1 el n\u00famero de camas en hospitales de todo el estado, acci\u00f3n que ya se realiz\u00f3 en el hospital General de Mazatl\u00e1n donde se ten\u00edan 30 camas y aument\u00f3 a 60, sin embargo, se aumentar\u00e1 a 100 camas.<\/span><\/p>\n<p style=\"text-align: justify;\">\n<p><span style=\"font-size: 14pt; font-family: arial, helvetica, sans-serif;\">\u201cSe implementar\u00e1n medidas de control, evaluaci\u00f3n y supervisi\u00f3n en los diferente sectores p\u00fablicos y privados como es en el transporte p\u00fablico, \u00e1reas de mayor afluencia, antros y centros de diversi\u00f3n por as\u00ed decirlo, donde se vigilara a acorde al sem\u00e1foro epidemiol\u00f3gico la afluencia y el aforo que se permite en estos casos, todas las acciones ser\u00e1n con el enfoque de promocionar la prevenci\u00f3n la educaci\u00f3n y la protecci\u00f3n&nbsp; en salud, no hay que descuidarnos en todos los diferentes giros todos tenemos que participar en coordinaci\u00f3n siempre unidos para el beneficio de la sociedad y poder contener esta pandemia del Covid \u2013 19\u201d, se\u00f1al\u00f3.<\/span><\/p>\n<p style=\"text-align: justify;\">&nbsp;<\/p>\n<p style=\"text-align: justify;\"><span style=\"font-size: 14pt; font-family: arial, helvetica, sans-serif;\">Finalmente inst\u00f3 a la sociedad a ser conscientes de la situaci\u00f3n en la que vivimos por la pandemia, pues la relajaci\u00f3n de la sociedad en las medidas de sanidad; uso de cubre bocas, sana distancia, lavado de manos, uso de gel antibacterial y distanciamiento social pone en riesgo la salud de la poblaci\u00f3n en general, de ah\u00ed a que hizo un llamado a la responsabilidad de todas y todos a reforzar estas medidas.<\/span><\/p>\n<p style=\"text-align: justify;\">\n<p><span style=\"font-size: 14pt; font-family: arial, helvetica, sans-serif;\">Record\u00f3 que independientemente del color de semaforo epidemiol\u00f3gico es necesario cuidarnos como si estuvi\u00e9ramos en el m\u00e1ximo riesgo para evitar mayores contagios.<\/span><\/p>\n<p style=\"text-align: justify;\">&nbsp;<\/p>\n<p style=\"text-align: justify;\">&nbsp;<\/p>\n<p style=\"text-align: justify;\"><span style=\"font-size: 14pt; font-family: arial, helvetica, sans-serif;\">REDACCI\u00d3N\/VISI\u00d3N CIUDADANA.<\/span><\/p>\n","protected":false},"excerpt":{"rendered":"<p>Por gestiones del Gobernador del Estado, Quirino Ordaz Coppel ante el Gobierno de la Rep\u00fablica se inicia la aplicaci\u00f3n de protocolos m\u00e1s estrictos para prevenir la propagaci\u00f3n del Covid 19 en Sinaloa, entre ellos la aplicaci\u00f3n de vacuna a mayores de 30 a\u00f1os en las \u00e1reas de mayores contagio. &nbsp; El Dr. Efr\u00e9n Encinas Torres, [&hellip;]<\/p>\n","protected":false},"author":1,"featured_media":1096,"comment_status":"closed","ping_status":"closed","sticky":false,"template":"","format":"standard","meta":{"footnotes":""},"categories":[24],"tags":[],"ppma_author":[31],"class_list":["post-17189","post","type-post","status-publish","format-standard","has-post-thumbnail","hentry","category-relevantes"],"aioseo_notices":[],"authors":[{"term_id":31,"user_id":1,"is_guest":0,"slug":"ivan3vino","display_name":"Iv\u00e1n Trevi\u00f1o","avatar_url":{"url":"https:\/\/visionciudadana.com.mx\/oficial\/wp-content\/uploads\/2025\/09\/columna-ivan-Trevino.png","url2x":"https:\/\/visionciudadana.com.mx\/oficial\/wp-content\/uploads\/2025\/09\/columna-ivan-Trevino.png"},"0":null,"1":"","2":"","3":"","4":"","5":"","6":"","7":"","8":""}],"_links":{"self":[{"href":"https:\/\/visionciudadana.com.mx\/oficial\/wp-json\/wp\/v2\/posts\/17189","targetHints":{"allow":["GET"]}}],"collection":[{"href":"https:\/\/visionciudadana.com.mx\/oficial\/wp-json\/wp\/v2\/posts"}],"about":[{"href":"https:\/\/visionciudadana.com.mx\/oficial\/wp-json\/wp\/v2\/types\/post"}],"author":[{"embeddable":true,"href":"https:\/\/visionciudadana.com.mx\/oficial\/wp-json\/wp\/v2\/users\/1"}],"replies":[{"embeddable":true,"href":"https:\/\/visionciudadana.com.mx\/oficial\/wp-json\/wp\/v2\/comments?post=17189"}],"version-history":[{"count":1,"href":"https:\/\/visionciudadana.com.mx\/oficial\/wp-json\/wp\/v2\/posts\/17189\/revisions"}],"predecessor-version":[{"id":30851,"href":"https:\/\/visionciudadana.com.mx\/oficial\/wp-json\/wp\/v2\/posts\/17189\/revisions\/30851"}],"wp:featuredmedia":[{"embeddable":true,"href":"https:\/\/visionciudadana.com.mx\/oficial\/wp-json\/wp\/v2\/posts\/1096"}],"wp:attachment":[{"href":"https:\/\/visionciudadana.com.mx\/oficial\/wp-json\/wp\/v2\/media?parent=17189"}],"wp:term":[{"taxonomy":"category","embeddable":true,"href":"https:\/\/visionciudadana.com.mx\/oficial\/wp-json\/wp\/v2\/categories?post=17189"},{"taxonomy":"post_tag","embeddable":true,"href":"https:\/\/visionciudadana.com.mx\/oficial\/wp-json\/wp\/v2\/tags?post=17189"},{"taxonomy":"author","embeddable":true,"href":"https:\/\/visionciudadana.com.mx\/oficial\/wp-json\/wp\/v2\/ppma_author?post=17189"}],"curies":[{"name":"wp","href":"https:\/\/api.w.org\/{rel}","templated":true}]}}