{"id":17187,"date":"2021-07-08T02:00:50","date_gmt":"2021-07-08T02:00:50","guid":{"rendered":"https:\/\/visionciudadana.com.mx\/chio\/2021\/07\/08\/trabajo-coordinado-en-materia-de-salud-entre-durango-y-mazatlan\/"},"modified":"2025-06-25T00:11:58","modified_gmt":"2025-06-25T00:11:58","slug":"trabajo-coordinado-en-materia-de-salud-entre-durango-y-mazatlan","status":"publish","type":"post","link":"https:\/\/visionciudadana.com.mx\/oficial\/2021\/07\/08\/trabajo-coordinado-en-materia-de-salud-entre-durango-y-mazatlan\/","title":{"rendered":"Trabajo coordinado en materia de salud entre Durango y Mazatl\u00e1n"},"content":{"rendered":"<p class=\"x_MsoNormal\" align=\"center\">&nbsp;<\/p>\n<p><img fetchpriority=\"high\" decoding=\"async\" src=\"images\/2021\/julio21\/Trabajo.jpg\" alt=\"Trabajo\" width=\"720\" height=\"480\" style=\"display: block; margin: 20px auto;\" \/><\/p>\n<p class=\"x_MsoNormal\" style=\"text-align: justify;\"><span style=\"font-size: 14pt; font-family: arial, helvetica, sans-serif;\">Tras sostener una reuni\u00f3n para promocionar tur\u00edsticamente a Mazatl\u00e1n y Durango, el Secretario de Turismo de Sinaloa \u00d3scar P\u00e9rez Barros, destac\u00f3 la importancia de seguir trabajando juntos en materia tur\u00edstica y de seguridad sanitaria con las autoridades de aquella entidad, como protecci\u00f3n al turismo y la ciudadan\u00eda de ambos lados.<\/span><\/p>\n<p style=\"text-align: justify;\">&nbsp;<\/p>\n<p class=\"x_MsoNormal\" style=\"text-align: justify;\"><span style=\"font-size: 14pt; font-family: arial, helvetica, sans-serif;\">\u201cAs\u00ed como ellos quieren estar seguros all\u00e1, en Sinaloa queremos lo mismo y el inter\u00e9s es mutuo\u201d, agreg\u00f3 durante una conferencia de prensa en la que tambi\u00e9n estuvo el alcalde de Mazatl\u00e1n, Luis Guillermo Ben\u00edtez Torres y el Secretario de Turismo de Durango, Eleazar Gamboa de la Parra.<\/span><\/p>\n<p style=\"text-align: justify;\">&nbsp;<\/p>\n<p class=\"x_MsoNormal\" style=\"text-align: justify;\"><span style=\"font-size: 14pt; font-family: arial, helvetica, sans-serif;\">P\u00e9rez Barros habl\u00f3 del esfuerzo que hacen en Durango para fortalecer los productos tur\u00edsticos y contener esta pandemia al igual que lo estamos haciendo en Sinaloa, sin parar en la promoci\u00f3n y que la actividad en todos los aspectos siga caminando de una forma segura.<\/span><\/p>\n<p style=\"text-align: justify;\">&nbsp;<\/p>\n<p class=\"x_MsoNormal\" style=\"text-align: justify;\"><span style=\"font-size: 14pt; font-family: arial, helvetica, sans-serif;\">\u201cEn Sinaloa ya lo demostramos con la seguridad en materia de salud; el primero de julio del a\u00f1o anterior todos los sectores empresariales, tur\u00edsticos, los diferentes niveles de gobierno y estados vecinos lo hicimos de la mano y marcamos la diferencia a nivel nacional, como lo dijo el secretario de Turismo Federal Miguel Torruco, quien puso como ejemplo esta regi\u00f3n encabezada por Mazatl\u00e1n, al lograrlo de manera responsable y escalonada y estoy seguro que la haremos otra vez\u201d.<\/span><\/p>\n<p style=\"text-align: justify;\">&nbsp;<\/p>\n<p class=\"x_MsoNormal\" style=\"text-align: justify;\"><span style=\"font-size: 14pt; font-family: arial, helvetica, sans-serif;\">Por su parte, el alcalde Ben\u00edtez Torres dijo que se est\u00e1 viviendo al igual que en todo el pa\u00eds un rebrote del Covid 19, y anunci\u00f3 que ma\u00f1ana habr\u00e1 una reuni\u00f3n con las diferentes instancias gubernamentales de salud para informar&nbsp; de lo que est\u00e1 ocurriendo con la pandemia.<\/span><\/p>\n<p style=\"text-align: justify;\">&nbsp;<\/p>\n<p class=\"x_MsoNormal\" style=\"text-align: justify;\"><span style=\"font-size: 14pt; font-family: arial, helvetica, sans-serif;\">Enseguida expres\u00f3 que tur\u00edsticamente estamos muy bien, declarando que en el periodo 20-21 hemos recibido un mill\u00f3n 116,380 turistas, aumentado del 2019 a la fecha el 35 por ciento de llegada de turismo, de esos el 73 por ciento es por carretera y el resto v\u00eda a\u00e9rea.<\/span><\/p>\n<p style=\"text-align: justify;\">&nbsp;<\/p>\n<p class=\"x_MsoNormal\" style=\"text-align: justify;\"><span style=\"font-size: 14pt; font-family: arial, helvetica, sans-serif;\">A su vez el titular de la Sectur en Durango, explic\u00f3 que el reforzamiento en salud y seguridad para nuestros visitantes y ciudadanos es la responsabilidad que se tiene; \u201cvivimos una situaci\u00f3n complicada no solo de forma local o regional, sino internacional, y tenemos que fortalecer los protocolos sanitarios que nos compete en el tema tur\u00edstico\u201d.<\/span><\/p>\n<p style=\"text-align: justify;\">&nbsp;<\/p>\n<p class=\"x_MsoNormal\" style=\"text-align: justify;\"><span style=\"font-size: 14pt; font-family: arial, helvetica, sans-serif;\">Hace un a\u00f1o iniciamos de forma responsable la reactivaci\u00f3n tur\u00edstica de Sinaloa y Durango, \u201cy hemos sostenido reuniones importantes de salud para implementar los protocolos y buscar certificaciones internacionales, como el que hizo Sinaloa al tener la del Consejo Mundial de Turismo, lo cual empezamos a trabajar con su ayuda, consigui\u00e9ndolo despu\u00e9s; esta es la forma de trabajar en equipo.<\/span><\/p>\n<p style=\"text-align: justify;\">&nbsp;<\/p>\n<p style=\"text-align: justify;\">&nbsp;<\/p>\n<p style=\"text-align: justify;\"><span style=\"font-size: 14pt; font-family: arial, helvetica, sans-serif;\">REDACCI\u00d3N\/VISI\u00d3N CIUDADANA.<\/span><\/p>\n","protected":false},"excerpt":{"rendered":"<p>&nbsp; Tras sostener una reuni\u00f3n para promocionar tur\u00edsticamente a Mazatl\u00e1n y Durango, el Secretario de Turismo de Sinaloa \u00d3scar P\u00e9rez Barros, destac\u00f3 la importancia de seguir trabajando juntos en materia tur\u00edstica y de seguridad sanitaria con las autoridades de aquella entidad, como protecci\u00f3n al turismo y la ciudadan\u00eda de ambos lados. &nbsp; \u201cAs\u00ed como ellos [&hellip;]<\/p>\n","protected":false},"author":1,"featured_media":1092,"comment_status":"closed","ping_status":"closed","sticky":false,"template":"","format":"standard","meta":{"footnotes":""},"categories":[13],"tags":[],"ppma_author":[31],"class_list":["post-17187","post","type-post","status-publish","format-standard","has-post-thumbnail","hentry","category-locales"],"aioseo_notices":[],"authors":[{"term_id":31,"user_id":1,"is_guest":0,"slug":"ivan3vino","display_name":"Iv\u00e1n Trevi\u00f1o","avatar_url":{"url":"https:\/\/visionciudadana.com.mx\/oficial\/wp-content\/uploads\/2025\/09\/columna-ivan-Trevino.png","url2x":"https:\/\/visionciudadana.com.mx\/oficial\/wp-content\/uploads\/2025\/09\/columna-ivan-Trevino.png"},"0":null,"1":"","2":"","3":"","4":"","5":"","6":"","7":"","8":""}],"_links":{"self":[{"href":"https:\/\/visionciudadana.com.mx\/oficial\/wp-json\/wp\/v2\/posts\/17187","targetHints":{"allow":["GET"]}}],"collection":[{"href":"https:\/\/visionciudadana.com.mx\/oficial\/wp-json\/wp\/v2\/posts"}],"about":[{"href":"https:\/\/visionciudadana.com.mx\/oficial\/wp-json\/wp\/v2\/types\/post"}],"author":[{"embeddable":true,"href":"https:\/\/visionciudadana.com.mx\/oficial\/wp-json\/wp\/v2\/users\/1"}],"replies":[{"embeddable":true,"href":"https:\/\/visionciudadana.com.mx\/oficial\/wp-json\/wp\/v2\/comments?post=17187"}],"version-history":[{"count":1,"href":"https:\/\/visionciudadana.com.mx\/oficial\/wp-json\/wp\/v2\/posts\/17187\/revisions"}],"predecessor-version":[{"id":30853,"href":"https:\/\/visionciudadana.com.mx\/oficial\/wp-json\/wp\/v2\/posts\/17187\/revisions\/30853"}],"wp:featuredmedia":[{"embeddable":true,"href":"https:\/\/visionciudadana.com.mx\/oficial\/wp-json\/wp\/v2\/media\/1092"}],"wp:attachment":[{"href":"https:\/\/visionciudadana.com.mx\/oficial\/wp-json\/wp\/v2\/media?parent=17187"}],"wp:term":[{"taxonomy":"category","embeddable":true,"href":"https:\/\/visionciudadana.com.mx\/oficial\/wp-json\/wp\/v2\/categories?post=17187"},{"taxonomy":"post_tag","embeddable":true,"href":"https:\/\/visionciudadana.com.mx\/oficial\/wp-json\/wp\/v2\/tags?post=17187"},{"taxonomy":"author","embeddable":true,"href":"https:\/\/visionciudadana.com.mx\/oficial\/wp-json\/wp\/v2\/ppma_author?post=17187"}],"curies":[{"name":"wp","href":"https:\/\/api.w.org\/{rel}","templated":true}]}}