{"id":17186,"date":"2021-07-08T01:56:41","date_gmt":"2021-07-08T01:56:41","guid":{"rendered":"https:\/\/visionciudadana.com.mx\/chio\/2021\/07\/08\/se-reune-alcalde-con-mujeres-empresarias-de-la-asociacion-empremmexi\/"},"modified":"2025-06-25T00:11:59","modified_gmt":"2025-06-25T00:11:59","slug":"se-reune-alcalde-con-mujeres-empresarias-de-la-asociacion-empremmexi","status":"publish","type":"post","link":"https:\/\/visionciudadana.com.mx\/oficial\/2021\/07\/08\/se-reune-alcalde-con-mujeres-empresarias-de-la-asociacion-empremmexi\/","title":{"rendered":"Se re\u00fane Alcalde con mujeres empresarias de la asociaci\u00f3n Empremmexi"},"content":{"rendered":"<p style=\"text-align: justify;\">&nbsp;<\/p>\n<p style=\"text-align: justify;\"><img fetchpriority=\"high\" decoding=\"async\" src=\"images\/2021\/julio21\/se_reune_alcalde.jpg\" alt=\"se reune alcalde\" width=\"720\" height=\"480\" style=\"display: block; margin: 20px auto;\" \/><\/p>\n<p class=\"x_MsoNormal\" style=\"text-align: justify;\"><span lang=\"ES\" style=\"font-size: 14pt; font-family: arial, helvetica, sans-serif;\">Si queremos avanzar hacia nuevos escenarios de bienestar y progreso, tanto como sociedad y gobierno, es de suma importancia contar con el respaldo de la iniciativa privada, manifest\u00f3 el alcalde, Lic. Jes\u00fas Estrada Ferreiro, al sostener un encuentro con mujeres empresarias de la asociaci\u00f3n Empremmexi.<\/span><\/p>\n<p style=\"text-align: justify;\">&nbsp;<\/p>\n<p class=\"x_MsoNormal\" style=\"text-align: justify;\"><span lang=\"ES\" style=\"font-size: 14pt; font-family: arial, helvetica, sans-serif;\">Durante la reuni\u00f3n, el primer edil convers\u00f3 con las integrantes del gremio sobre las diferentes medidas que el Gobierno de Culiac\u00e1n ha emprendido para impulsar el rubro econ\u00f3mico en la capital, buscando siempre elevar los indicadores de competitividad a trav\u00e9s de la captaci\u00f3n de inversionistas comprometidos con el desarrollo del municipio.<\/span><\/p>\n<p style=\"text-align: justify;\">&nbsp;<\/p>\n<p class=\"x_MsoNormal\" style=\"text-align: justify;\"><span lang=\"ES\" style=\"font-size: 14pt; font-family: arial, helvetica, sans-serif;\">Parte de ello, dijo, ha sido la cercan\u00eda con empresarios, asociaciones, intercamaral y due\u00f1os de MIPyMES para trabajar juntos en la elaboraci\u00f3n de pol\u00edticas p\u00fablicas que beneficien la mejora regulatoria, facilitando tr\u00e1mites administrativos y reduciendo al m\u00ednimo los procesos burocr\u00e1ticos para la apertura de nuevas empresas.<\/span><\/p>\n<p style=\"text-align: justify;\">&nbsp;<\/p>\n<p class=\"x_MsoNormal\" style=\"text-align: justify;\"><span lang=\"ES\" style=\"font-size: 14pt; font-family: arial, helvetica, sans-serif;\">Resalt\u00f3 que un municipio con una econom\u00eda fuerte se traduce en m\u00e1s y mejores empleos a favor de los culiacanenses, situaci\u00f3n que tambi\u00e9n impacta positivamente en los \u00edndices de seguridad.<\/span><\/p>\n<p style=\"text-align: justify;\">&nbsp;<\/p>\n<p class=\"x_MsoNormal\" style=\"text-align: justify;\"><span lang=\"ES\" style=\"font-size: 14pt; font-family: arial, helvetica, sans-serif;\">En el desarrollo de la reuni\u00f3n, el presidente municipal atendi\u00f3 cada una de las dudas e inquietudes que las integrantes de Empremmexi manifestaban, principalmente aquellas relacionadas a la labor que el Ayuntamiento ha venido realizando para contrarrestar los efectos derivados de la actual contingencia sanitaria, lo cual fue reconocida por las presentes debido al gran esfuerzo que ha llevado la comuna a favor del bienestar de la ciudadan\u00eda.<\/span><\/p>\n<p style=\"text-align: justify;\">&nbsp;<\/p>\n<p class=\"x_MsoNormal\" style=\"text-align: justify;\"><span lang=\"ES\" style=\"font-size: 14pt; font-family: arial, helvetica, sans-serif;\">Tras ello, el alcalde presidi\u00f3 la toma de protesta del nuevo consejo directivo de Empremmexi, asumiendo el cargo de presidenta de la organizaci\u00f3n, la empresaria Blanca Estela S\u00e1nchez Corrales.<\/span><\/p>\n<p style=\"text-align: justify;\">&nbsp;<\/p>\n<p class=\"x_MsoNormal\" style=\"text-align: justify;\"><span lang=\"ES\" style=\"font-size: 14pt; font-family: arial, helvetica, sans-serif;\">Finalmente, S\u00e1nchez Corrales agradeci\u00f3 al presidente municipal su asistencia y compromiso por generar un v\u00ednculo de coordinaci\u00f3n y trabajo, buscando siempre el fin com\u00fan de potencializar a la capital sinaloense.<\/span><\/p>\n<p style=\"text-align: justify;\">&nbsp;<\/p>\n<p style=\"text-align: justify;\">&nbsp;<\/p>\n<p style=\"text-align: justify;\"><span style=\"font-size: 14pt; font-family: arial, helvetica, sans-serif;\">REDACCI\u00d3N\/VISI\u00d3N CIUDADANA.<\/span><\/p>\n","protected":false},"excerpt":{"rendered":"<p>&nbsp; Si queremos avanzar hacia nuevos escenarios de bienestar y progreso, tanto como sociedad y gobierno, es de suma importancia contar con el respaldo de la iniciativa privada, manifest\u00f3 el alcalde, Lic. Jes\u00fas Estrada Ferreiro, al sostener un encuentro con mujeres empresarias de la asociaci\u00f3n Empremmexi. &nbsp; Durante la reuni\u00f3n, el primer edil convers\u00f3 con [&hellip;]<\/p>\n","protected":false},"author":1,"featured_media":1090,"comment_status":"closed","ping_status":"closed","sticky":false,"template":"","format":"standard","meta":{"footnotes":""},"categories":[13],"tags":[],"ppma_author":[31],"class_list":["post-17186","post","type-post","status-publish","format-standard","has-post-thumbnail","hentry","category-locales"],"aioseo_notices":[],"authors":[{"term_id":31,"user_id":1,"is_guest":0,"slug":"ivan3vino","display_name":"Iv\u00e1n Trevi\u00f1o","avatar_url":{"url":"https:\/\/visionciudadana.com.mx\/oficial\/wp-content\/uploads\/2025\/09\/columna-ivan-Trevino.png","url2x":"https:\/\/visionciudadana.com.mx\/oficial\/wp-content\/uploads\/2025\/09\/columna-ivan-Trevino.png"},"0":null,"1":"","2":"","3":"","4":"","5":"","6":"","7":"","8":""}],"_links":{"self":[{"href":"https:\/\/visionciudadana.com.mx\/oficial\/wp-json\/wp\/v2\/posts\/17186","targetHints":{"allow":["GET"]}}],"collection":[{"href":"https:\/\/visionciudadana.com.mx\/oficial\/wp-json\/wp\/v2\/posts"}],"about":[{"href":"https:\/\/visionciudadana.com.mx\/oficial\/wp-json\/wp\/v2\/types\/post"}],"author":[{"embeddable":true,"href":"https:\/\/visionciudadana.com.mx\/oficial\/wp-json\/wp\/v2\/users\/1"}],"replies":[{"embeddable":true,"href":"https:\/\/visionciudadana.com.mx\/oficial\/wp-json\/wp\/v2\/comments?post=17186"}],"version-history":[{"count":1,"href":"https:\/\/visionciudadana.com.mx\/oficial\/wp-json\/wp\/v2\/posts\/17186\/revisions"}],"predecessor-version":[{"id":30854,"href":"https:\/\/visionciudadana.com.mx\/oficial\/wp-json\/wp\/v2\/posts\/17186\/revisions\/30854"}],"wp:featuredmedia":[{"embeddable":true,"href":"https:\/\/visionciudadana.com.mx\/oficial\/wp-json\/wp\/v2\/media\/1090"}],"wp:attachment":[{"href":"https:\/\/visionciudadana.com.mx\/oficial\/wp-json\/wp\/v2\/media?parent=17186"}],"wp:term":[{"taxonomy":"category","embeddable":true,"href":"https:\/\/visionciudadana.com.mx\/oficial\/wp-json\/wp\/v2\/categories?post=17186"},{"taxonomy":"post_tag","embeddable":true,"href":"https:\/\/visionciudadana.com.mx\/oficial\/wp-json\/wp\/v2\/tags?post=17186"},{"taxonomy":"author","embeddable":true,"href":"https:\/\/visionciudadana.com.mx\/oficial\/wp-json\/wp\/v2\/ppma_author?post=17186"}],"curies":[{"name":"wp","href":"https:\/\/api.w.org\/{rel}","templated":true}]}}