{"id":17185,"date":"2021-07-08T01:52:22","date_gmt":"2021-07-08T01:52:22","guid":{"rendered":"https:\/\/visionciudadana.com.mx\/chio\/2021\/07\/08\/buscan-empoderar-a-emprendedoras-a-traves-del-programa-mujer-productiva\/"},"modified":"2025-06-25T00:11:59","modified_gmt":"2025-06-25T00:11:59","slug":"buscan-empoderar-a-emprendedoras-a-traves-del-programa-mujer-productiva","status":"publish","type":"post","link":"https:\/\/visionciudadana.com.mx\/oficial\/2021\/07\/08\/buscan-empoderar-a-emprendedoras-a-traves-del-programa-mujer-productiva\/","title":{"rendered":"Buscan empoderar a emprendedoras a trav\u00e9s del programa \u201cMujer Productiva\u201d"},"content":{"rendered":"<p style=\"text-align: justify;\">&nbsp;<\/p>\n<p style=\"text-align: justify;\"><img fetchpriority=\"high\" decoding=\"async\" src=\"images\/2021\/julio21\/buscan_empoderar.jpg\" alt=\"buscan empoderar\" width=\"720\" height=\"480\" style=\"display: block; margin: 20px auto;\" \/><\/p>\n<p class=\"x_MsoNormal\" style=\"text-align: justify;\"><span style=\"font-size: 14pt; font-family: arial, helvetica, sans-serif;\">En compa\u00f1\u00eda de la alcaldesa de Angostura Aglae\u00e9 Montoya Mart\u00ednez, el Secretario de&nbsp; Econom\u00eda Javier Liz\u00e1rraga Mercado, entreg\u00f3 una carreta m\u00e1s del programa \u201cMujer Productiva\u00bb.<\/span><\/p>\n<p style=\"text-align: justify;\">&nbsp;<\/p>\n<p class=\"x_MsoNormal\" style=\"text-align: justify;\"><span style=\"font-size: 14pt; font-family: arial, helvetica, sans-serif;\">En el gobierno de Quirino Ordaz Coppel se ha trabajado y se sigue trabajando en empoderar a la mujer sinaloense, ya que la mujer ha sido y es el cambio para el mundo, de la humanidad, destac\u00f3 el funcionario estatal.<\/span><\/p>\n<p style=\"text-align: justify;\">&nbsp;<\/p>\n<p class=\"x_MsoNormal\" style=\"text-align: justify;\"><span style=\"font-size: 14pt; font-family: arial, helvetica, sans-serif;\">\u201cY aqu\u00ed se demuestra con ustedes de lo que es el verdadero emprendimiento de c\u00f3mo se pueden ir echando la mano una a otra, ya que ustedes tienen en sus manos el arte, y aqu\u00ed est\u00e1 la muestra con esta carreta de productos hechos en la regi\u00f3n para su venta\u201d, subray\u00f3.<\/span><\/p>\n<p style=\"text-align: justify;\">&nbsp;<\/p>\n<p class=\"x_MsoNormal\" style=\"text-align: justify;\"><span style=\"font-size: 14pt; font-family: arial, helvetica, sans-serif;\">El Secretario destac\u00f3 que este tipo de carretas reflejan lo que hacen en productos y servicios para que Sinaloa siga creciendo y puedan mostrar a todos lo que elaboran con sus manos.<\/span><\/p>\n<p style=\"text-align: justify;\">&nbsp;<\/p>\n<p class=\"x_MsoNormal\" style=\"text-align: justify;\"><span style=\"font-size: 14pt; font-family: arial, helvetica, sans-serif;\">El programa Mujer Productiva est\u00e1 dirigido a emprendedoras y microempresarias que buscan dar a conocer y posicionar sus productos, para lograr desarrollarse en el \u00e1mbito empresarial.<\/span><\/p>\n<p style=\"text-align: justify;\">&nbsp;<\/p>\n<p class=\"x_MsoNormal\" style=\"text-align: justify;\"><span style=\"font-size: 14pt; font-family: arial, helvetica, sans-serif;\">Tiene como objetivo el empoderamiento econ\u00f3mico de las mujeres sinaloenses, jefas de familia con ganas de emprender, a partir de la creaci\u00f3n, transformaci\u00f3n, comercializaci\u00f3n y distribuci\u00f3n de su producto. A trav\u00e9s del programa y estos m\u00f3dulos de venta, se impulsan productos y el posicionamiento de marcas a nivel regional.<\/span><\/p>\n<p style=\"text-align: justify;\">&nbsp;<\/p>\n<p class=\"x_MsoNormal\" style=\"text-align: justify;\"><span style=\"font-size: 14pt; font-family: arial, helvetica, sans-serif;\">Actualmente se apoya a m\u00e1s de 420 mujeres productivas en el Estado. En esta carreta del programa instalada en Angostura se apoyan e impulsan a 13 mujeres de los giros de venta de accesorios para ni\u00f1as, bisuter\u00eda, joyer\u00eda, panader\u00eda, snacks, ropa y fotograf\u00eda y video.<\/span><\/p>\n<p style=\"text-align: justify;\">&nbsp;<\/p>\n<p class=\"x_MsoNormal\" style=\"text-align: justify;\"><span style=\"font-size: 14pt; font-family: arial, helvetica, sans-serif;\">Participaron en esta entrega la Subsecretaria de Desarrollo Econ\u00f3mico, Morayma Yaseen&nbsp; Campomanes y mujeres emprendedoras del municipio.<\/span><\/p>\n<p style=\"text-align: justify;\">&nbsp;<\/p>\n<p class=\"x_MsoNormal\" style=\"text-align: justify;\"><span style=\"font-size: 14pt; font-family: arial, helvetica, sans-serif;\">En este recorrido por Angostura el Secretario Javier Liz\u00e1rraga Mercado, visit\u00f3 a un empresario que recibi\u00f3 financiamiento del programa \u201cFosin Emergente COVID-19\u201d.<\/span><\/p>\n<p style=\"text-align: justify;\">&nbsp;<\/p>\n<p class=\"x_MsoNormal\" style=\"text-align: justify;\"><span style=\"font-size: 14pt; font-family: arial, helvetica, sans-serif;\">Adem\u00e1s se hizo entrega del distitntivo PASE (Protocolo de Atenci\u00f3n y Sanitaria a Empresas) a representantes de la Universidad Polit\u00e9cnica del Valle del \u00c9vora Angostura.<\/span><\/p>\n<p style=\"text-align: justify;\">&nbsp;<\/p>\n<p style=\"text-align: justify;\">&nbsp;<\/p>\n<p style=\"text-align: justify;\"><span style=\"font-size: 14pt; font-family: arial, helvetica, sans-serif;\">REDACCI\u00d3N\/VISI\u00d3N CIUDADANA.<\/span><\/p>\n","protected":false},"excerpt":{"rendered":"<p>&nbsp; En compa\u00f1\u00eda de la alcaldesa de Angostura Aglae\u00e9 Montoya Mart\u00ednez, el Secretario de&nbsp; Econom\u00eda Javier Liz\u00e1rraga Mercado, entreg\u00f3 una carreta m\u00e1s del programa \u201cMujer Productiva\u00bb. &nbsp; En el gobierno de Quirino Ordaz Coppel se ha trabajado y se sigue trabajando en empoderar a la mujer sinaloense, ya que la mujer ha sido y es [&hellip;]<\/p>\n","protected":false},"author":1,"featured_media":1088,"comment_status":"closed","ping_status":"closed","sticky":false,"template":"","format":"standard","meta":{"footnotes":""},"categories":[13],"tags":[],"ppma_author":[31],"class_list":["post-17185","post","type-post","status-publish","format-standard","has-post-thumbnail","hentry","category-locales"],"aioseo_notices":[],"authors":[{"term_id":31,"user_id":1,"is_guest":0,"slug":"ivan3vino","display_name":"Iv\u00e1n Trevi\u00f1o","avatar_url":{"url":"https:\/\/visionciudadana.com.mx\/oficial\/wp-content\/uploads\/2025\/09\/columna-ivan-Trevino.png","url2x":"https:\/\/visionciudadana.com.mx\/oficial\/wp-content\/uploads\/2025\/09\/columna-ivan-Trevino.png"},"0":null,"1":"","2":"","3":"","4":"","5":"","6":"","7":"","8":""}],"_links":{"self":[{"href":"https:\/\/visionciudadana.com.mx\/oficial\/wp-json\/wp\/v2\/posts\/17185","targetHints":{"allow":["GET"]}}],"collection":[{"href":"https:\/\/visionciudadana.com.mx\/oficial\/wp-json\/wp\/v2\/posts"}],"about":[{"href":"https:\/\/visionciudadana.com.mx\/oficial\/wp-json\/wp\/v2\/types\/post"}],"author":[{"embeddable":true,"href":"https:\/\/visionciudadana.com.mx\/oficial\/wp-json\/wp\/v2\/users\/1"}],"replies":[{"embeddable":true,"href":"https:\/\/visionciudadana.com.mx\/oficial\/wp-json\/wp\/v2\/comments?post=17185"}],"version-history":[{"count":1,"href":"https:\/\/visionciudadana.com.mx\/oficial\/wp-json\/wp\/v2\/posts\/17185\/revisions"}],"predecessor-version":[{"id":30855,"href":"https:\/\/visionciudadana.com.mx\/oficial\/wp-json\/wp\/v2\/posts\/17185\/revisions\/30855"}],"wp:featuredmedia":[{"embeddable":true,"href":"https:\/\/visionciudadana.com.mx\/oficial\/wp-json\/wp\/v2\/media\/1088"}],"wp:attachment":[{"href":"https:\/\/visionciudadana.com.mx\/oficial\/wp-json\/wp\/v2\/media?parent=17185"}],"wp:term":[{"taxonomy":"category","embeddable":true,"href":"https:\/\/visionciudadana.com.mx\/oficial\/wp-json\/wp\/v2\/categories?post=17185"},{"taxonomy":"post_tag","embeddable":true,"href":"https:\/\/visionciudadana.com.mx\/oficial\/wp-json\/wp\/v2\/tags?post=17185"},{"taxonomy":"author","embeddable":true,"href":"https:\/\/visionciudadana.com.mx\/oficial\/wp-json\/wp\/v2\/ppma_author?post=17185"}],"curies":[{"name":"wp","href":"https:\/\/api.w.org\/{rel}","templated":true}]}}