{"id":17183,"date":"2021-07-08T01:41:56","date_gmt":"2021-07-08T01:41:56","guid":{"rendered":"https:\/\/visionciudadana.com.mx\/chio\/2021\/07\/08\/llegan-a-sinaloa-cerca-de-200-mil-vacunas-para-30-a-39-anos\/"},"modified":"2025-06-25T00:11:59","modified_gmt":"2025-06-25T00:11:59","slug":"llegan-a-sinaloa-cerca-de-200-mil-vacunas-para-30-a-39-anos","status":"publish","type":"post","link":"https:\/\/visionciudadana.com.mx\/oficial\/2021\/07\/08\/llegan-a-sinaloa-cerca-de-200-mil-vacunas-para-30-a-39-anos\/","title":{"rendered":"Llegan a Sinaloa cerca de 200 mil vacunas para 30 a 39 a\u00f1os"},"content":{"rendered":"<p class=\"x_MsoNormal\" style=\"text-align: justify;\"><span style=\"font-size: 14pt; font-family: arial, helvetica, sans-serif;\"><i>&nbsp;<img fetchpriority=\"high\" decoding=\"async\" src=\"images\/2021\/julio21\/llegan_a_sinaloa.jpg\" alt=\"llegan a sinaloa\" width=\"720\" height=\"480\" style=\"display: block; margin: 20px auto;\" \/><\/i><\/span><\/p>\n<p style=\"text-align: justify;\">&nbsp;<\/p>\n<p class=\"x_MsoNormal\" style=\"text-align: justify;\"><span style=\"font-size: 14pt; font-family: arial, helvetica, sans-serif;\">Cerca de 200 mil dosis de vacunas de los laboratorios Pfizer, Cansino, Sinovac y AstraZeneca arribaron esta tarde a Sinaloa para dar atenci\u00f3n a los grupos de 30 a 39 a\u00f1os de edad de los municipios de Mazatl\u00e1n y Culiac\u00e1n, inform\u00f3 el Secretario de Salud, De. Efr\u00e9n Encinas Torres.<\/span><\/p>\n<p style=\"text-align: justify;\">&nbsp;<\/p>\n<p class=\"x_MsoNormal\" style=\"text-align: justify;\"><span style=\"font-size: 14pt; font-family: arial, helvetica, sans-serif;\">El tambi\u00e9n Director General de los Servicios de Salud, reiter\u00f3 el compromiso de Gobierno del Estado para reforzar las medidas de sanidad y mitigar lo m\u00e1s posible los casos por Covid en Sinaloa espec\u00edficamente en los municipios que han registrado un mayor repunte en los \u00faltimos d\u00edas.<\/span><\/p>\n<p style=\"text-align: justify;\">&nbsp;<\/p>\n<p class=\"x_MsoNormal\" style=\"text-align: justify;\"><span style=\"font-size: 14pt; font-family: arial, helvetica, sans-serif;\">\u00abTodo el comando de vacunaci\u00f3n anti covid en la base \u00e1rea militar con las Fuerzas Armadas, Sector Salud, desde luego unidos, las \u00e1reas de Bienestar recibiendo cerca de 200 mil dosis de vacunas entre Pfizer,&nbsp; Cansino, AstraZeneca y Sinovac, las cuales ser\u00e1n aplicadas en la poblaci\u00f3n de 30 a 39 a\u00f1os de edad de los municipios de Culiac\u00e1n&nbsp; y Mazatl\u00e1n, todo va en base a la tendencia de c\u00f3mo se est\u00e1 comportando&nbsp; la pandemia de Covid 19, esperen informaci\u00f3n&nbsp; de car\u00e1cter oficial para estar atentos de las medidas que&nbsp; hallan que hacer para su pronta aplicaci\u00f3n\u00bb, inform\u00f3.<\/span><\/p>\n<p style=\"text-align: justify;\">&nbsp;<\/p>\n<p class=\"x_MsoNormal\" style=\"text-align: justify;\"><span style=\"font-size: 14pt; font-family: arial, helvetica, sans-serif;\">Agreg\u00f3 que arribaron un total de 58 mil 200 vacunas AstraZeneca, CanSino 23 mil, Sinovac 115 mil 200 y de Pfizer 2 mill 340.<\/span><\/p>\n<p style=\"text-align: justify;\">&nbsp;<\/p>\n<p class=\"x_MsoNormal\" style=\"text-align: justify;\"><span style=\"font-size: 14pt; font-family: arial, helvetica, sans-serif;\">Finalmente, inst\u00f3 a la poblaci\u00f3n a no bajar la guardia y juntos sociedad y gobierno incluyendo poblaci\u00f3n ya vacunada a reforzar las medidas de sanidad ya conocidas; sana distancia, uso de cubre boca, lavado de manos y distanciamiento social.<\/span><\/p>\n<p style=\"text-align: justify;\">&nbsp;<\/p>\n<p style=\"text-align: justify;\">&nbsp;<\/p>\n<p style=\"text-align: justify;\"><span style=\"font-size: 14pt; font-family: arial, helvetica, sans-serif;\">REDACCI\u00d3N\/VISI\u00d3N CIUDADANA.<\/span><\/p>\n","protected":false},"excerpt":{"rendered":"<p>&nbsp; &nbsp; Cerca de 200 mil dosis de vacunas de los laboratorios Pfizer, Cansino, Sinovac y AstraZeneca arribaron esta tarde a Sinaloa para dar atenci\u00f3n a los grupos de 30 a 39 a\u00f1os de edad de los municipios de Mazatl\u00e1n y Culiac\u00e1n, inform\u00f3 el Secretario de Salud, De. Efr\u00e9n Encinas Torres. &nbsp; El tambi\u00e9n Director [&hellip;]<\/p>\n","protected":false},"author":1,"featured_media":1084,"comment_status":"closed","ping_status":"closed","sticky":false,"template":"","format":"standard","meta":{"footnotes":""},"categories":[24],"tags":[],"ppma_author":[31],"class_list":["post-17183","post","type-post","status-publish","format-standard","has-post-thumbnail","hentry","category-relevantes"],"aioseo_notices":[],"authors":[{"term_id":31,"user_id":1,"is_guest":0,"slug":"ivan3vino","display_name":"Iv\u00e1n Trevi\u00f1o","avatar_url":{"url":"https:\/\/visionciudadana.com.mx\/oficial\/wp-content\/uploads\/2025\/09\/columna-ivan-Trevino.png","url2x":"https:\/\/visionciudadana.com.mx\/oficial\/wp-content\/uploads\/2025\/09\/columna-ivan-Trevino.png"},"0":null,"1":"","2":"","3":"","4":"","5":"","6":"","7":"","8":""}],"_links":{"self":[{"href":"https:\/\/visionciudadana.com.mx\/oficial\/wp-json\/wp\/v2\/posts\/17183","targetHints":{"allow":["GET"]}}],"collection":[{"href":"https:\/\/visionciudadana.com.mx\/oficial\/wp-json\/wp\/v2\/posts"}],"about":[{"href":"https:\/\/visionciudadana.com.mx\/oficial\/wp-json\/wp\/v2\/types\/post"}],"author":[{"embeddable":true,"href":"https:\/\/visionciudadana.com.mx\/oficial\/wp-json\/wp\/v2\/users\/1"}],"replies":[{"embeddable":true,"href":"https:\/\/visionciudadana.com.mx\/oficial\/wp-json\/wp\/v2\/comments?post=17183"}],"version-history":[{"count":1,"href":"https:\/\/visionciudadana.com.mx\/oficial\/wp-json\/wp\/v2\/posts\/17183\/revisions"}],"predecessor-version":[{"id":30857,"href":"https:\/\/visionciudadana.com.mx\/oficial\/wp-json\/wp\/v2\/posts\/17183\/revisions\/30857"}],"wp:featuredmedia":[{"embeddable":true,"href":"https:\/\/visionciudadana.com.mx\/oficial\/wp-json\/wp\/v2\/media\/1084"}],"wp:attachment":[{"href":"https:\/\/visionciudadana.com.mx\/oficial\/wp-json\/wp\/v2\/media?parent=17183"}],"wp:term":[{"taxonomy":"category","embeddable":true,"href":"https:\/\/visionciudadana.com.mx\/oficial\/wp-json\/wp\/v2\/categories?post=17183"},{"taxonomy":"post_tag","embeddable":true,"href":"https:\/\/visionciudadana.com.mx\/oficial\/wp-json\/wp\/v2\/tags?post=17183"},{"taxonomy":"author","embeddable":true,"href":"https:\/\/visionciudadana.com.mx\/oficial\/wp-json\/wp\/v2\/ppma_author?post=17183"}],"curies":[{"name":"wp","href":"https:\/\/api.w.org\/{rel}","templated":true}]}}