{"id":17182,"date":"2021-07-08T01:37:34","date_gmt":"2021-07-08T01:37:34","guid":{"rendered":"https:\/\/visionciudadana.com.mx\/chio\/2021\/07\/08\/reducen-al-50-restaurantes-y-comercios-en-navolato-cierran-negocios-no-esenciales\/"},"modified":"2025-06-25T00:11:59","modified_gmt":"2025-06-25T00:11:59","slug":"reducen-al-50-restaurantes-y-comercios-en-navolato-cierran-negocios-no-esenciales","status":"publish","type":"post","link":"https:\/\/visionciudadana.com.mx\/oficial\/2021\/07\/08\/reducen-al-50-restaurantes-y-comercios-en-navolato-cierran-negocios-no-esenciales\/","title":{"rendered":"Reducen al 50% restaurantes y comercios en Navolato; cierran negocios no esenciales"},"content":{"rendered":"<p style=\"text-align: justify;\"><img fetchpriority=\"high\" decoding=\"async\" src=\"images\/2021\/julio21\/reducen.jpg\" alt=\"reducen\" width=\"720\" height=\"480\" style=\"display: block; margin: 20px auto;\" \/><\/p>\n<p><span style=\"font-size: 14pt; font-family: arial, helvetica, sans-serif;\">Ante el incremento de casos de COVID-19 en el municipio de Navolato en los \u00faltimos d\u00edas, el Comit\u00e9 Municipal de Salud que preside el alcalde Eliazar Guti\u00e9rrez Angulo, acord\u00f3 durante la sesi\u00f3n celebrada el d\u00eda de hoy, retomar una serie de medidas preventivas y acciones que permitan contener la cadena de contagios y la disminuci\u00f3n de esta enfermedad a trav\u00e9s del control de la movilidad social y el cumplimiento de las medidas preventivas y protocolos recomendados por la Secretar\u00eda de Salud.<\/span><\/p>\n<p style=\"text-align: justify;\"><span style=\"font-size: 14pt; font-family: arial, helvetica, sans-serif;\">Entre los principales acuerdos que hubo en esta reuni\u00f3n fue reducir en un 50 por ciento la capacidad de atenci\u00f3n en los restaurantes, incluyendo los establecimientos de la Bah\u00eda de Altata, y tendr\u00e1n que retirar de los locales, el otro 50% del mobiliario para garantizar que se cumplan con estas disposiciones.<\/span><\/p>\n<p style=\"text-align: justify;\">\n<p><span style=\"font-size: 14pt; font-family: arial, helvetica, sans-serif;\">De igual manera, se restringir\u00e1 el acceso vehicular al Malec\u00f3n de Altata en un 50 por ciento, pero adem\u00e1s se impusieron horarios de cierre del mismo, de lunes a viernes a las 21:00 horas, s\u00e1bados a las 6 de la tarde y domingos a las 14:00 horas, pero a las 21:00 horas ser\u00e1n retirados todos los visitantes.<\/span><\/p>\n<p style=\"text-align: justify;\">&nbsp;<\/p>\n<p style=\"text-align: justify;\"><span style=\"font-size: 14pt; font-family: arial, helvetica, sans-serif;\">Con estas medidas tomadas espec\u00edficamente en Altata, los fines de semana, despu\u00e9s del cierre del malec\u00f3n, todos los turistas tendr\u00e1n que dejar sus veh\u00edculos estacionados en las calles cercanas para trasladarse a pie a los restaurantes, como se hac\u00eda anteriormente.<\/span><\/p>\n<p style=\"text-align: justify;\">\n<p><span style=\"font-size: 14pt; font-family: arial, helvetica, sans-serif;\">Tambi\u00e9n se acord\u00f3 reducir en un 50 por ciento el aforo en los comercios formales, cerrar temporalmente los negocios no esenciales, suspender eventos deportivos como careadas de voleibol y carreras de caballos.<\/span><\/p>\n<p style=\"text-align: justify;\">\n<p><span style=\"font-size: 14pt; font-family: arial, helvetica, sans-serif;\">Otra medida acordada por el Comit\u00e9 Municipal de Salud de Navolato fue reducir horarios de trabajo y la plantilla de empleados del Ayuntamiento, DIF y JAPAN vulnerables a la pandemia, como son personas adultas mayores, con enfermedades cr\u00f3nicas y mujeres embarazadas. &nbsp;<\/span><\/p>\n<p style=\"text-align: justify;\">\n<p><span style=\"font-size: 14pt; font-family: arial, helvetica, sans-serif;\">La operaci\u00f3n de los tianguis de las sindicaturas de Benito Ju\u00e1rez y \u00c1ngel Flores \u201cLa Palma\u201d, fue otro tema que tuvo modificaciones, y ahora los comerciantes tendr\u00e1n que trabajar en un 50 por ciento de manera alternada, y ser\u00e1n sancionadas de manera legal todas las personas que no acaten estas medidas preventivas.<\/span><\/p>\n<p style=\"text-align: justify;\">\n<p><span style=\"font-size: 14pt; font-family: arial, helvetica, sans-serif;\">El mandatario municipal Eliazar Guti\u00e9rrez dijo que la situaci\u00f3n que se vive actualmente es mucho m\u00e1s preocupante que cuando inici\u00f3 la pandemia el a\u00f1o pasado, porque ahora son m\u00e1s casos activos, y aparte existe una nueva amenaza con la cepa Delta, la cual es mucha m\u00e1s agresiva, pero reiter\u00f3 que las decisiones que se tomaron fueron en base al cuidado de la econom\u00eda, pero privilegiando la salud de las familias navolatenses.<\/span><\/p>\n<p style=\"text-align: justify;\">\n<p><span style=\"font-size: 14pt; font-family: arial, helvetica, sans-serif;\">Hizo un llamado a la ciudadan\u00eda para que participe junto con el Gobierno para disminuir la propagaci\u00f3n del COVID-19, y hagan conciencia sobre esta peligrosa enfermedad, para que act\u00faen de una manera m\u00e1s responsable con el uso del cubrebocas, evitar aglomeraciones, y llevar a la pr\u00e1ctica todas las medidas preventivas.<\/span><\/p>\n<p style=\"text-align: justify;\">&nbsp;<\/p>\n<p style=\"text-align: justify;\">&nbsp;<\/p>\n<p style=\"text-align: justify;\"><span style=\"font-size: 14pt; font-family: arial, helvetica, sans-serif;\">REDACCI\u00d3N\/VISI\u00d3N CIUDADANA.<\/span><\/p>\n","protected":false},"excerpt":{"rendered":"<p>Ante el incremento de casos de COVID-19 en el municipio de Navolato en los \u00faltimos d\u00edas, el Comit\u00e9 Municipal de Salud que preside el alcalde Eliazar Guti\u00e9rrez Angulo, acord\u00f3 durante la sesi\u00f3n celebrada el d\u00eda de hoy, retomar una serie de medidas preventivas y acciones que permitan contener la cadena de contagios y la disminuci\u00f3n [&hellip;]<\/p>\n","protected":false},"author":1,"featured_media":1082,"comment_status":"closed","ping_status":"closed","sticky":false,"template":"","format":"standard","meta":{"footnotes":""},"categories":[24],"tags":[],"ppma_author":[31],"class_list":["post-17182","post","type-post","status-publish","format-standard","has-post-thumbnail","hentry","category-relevantes"],"aioseo_notices":[],"authors":[{"term_id":31,"user_id":1,"is_guest":0,"slug":"ivan3vino","display_name":"Iv\u00e1n Trevi\u00f1o","avatar_url":{"url":"https:\/\/visionciudadana.com.mx\/oficial\/wp-content\/uploads\/2025\/09\/columna-ivan-Trevino.png","url2x":"https:\/\/visionciudadana.com.mx\/oficial\/wp-content\/uploads\/2025\/09\/columna-ivan-Trevino.png"},"0":null,"1":"","2":"","3":"","4":"","5":"","6":"","7":"","8":""}],"_links":{"self":[{"href":"https:\/\/visionciudadana.com.mx\/oficial\/wp-json\/wp\/v2\/posts\/17182","targetHints":{"allow":["GET"]}}],"collection":[{"href":"https:\/\/visionciudadana.com.mx\/oficial\/wp-json\/wp\/v2\/posts"}],"about":[{"href":"https:\/\/visionciudadana.com.mx\/oficial\/wp-json\/wp\/v2\/types\/post"}],"author":[{"embeddable":true,"href":"https:\/\/visionciudadana.com.mx\/oficial\/wp-json\/wp\/v2\/users\/1"}],"replies":[{"embeddable":true,"href":"https:\/\/visionciudadana.com.mx\/oficial\/wp-json\/wp\/v2\/comments?post=17182"}],"version-history":[{"count":1,"href":"https:\/\/visionciudadana.com.mx\/oficial\/wp-json\/wp\/v2\/posts\/17182\/revisions"}],"predecessor-version":[{"id":30858,"href":"https:\/\/visionciudadana.com.mx\/oficial\/wp-json\/wp\/v2\/posts\/17182\/revisions\/30858"}],"wp:featuredmedia":[{"embeddable":true,"href":"https:\/\/visionciudadana.com.mx\/oficial\/wp-json\/wp\/v2\/media\/1082"}],"wp:attachment":[{"href":"https:\/\/visionciudadana.com.mx\/oficial\/wp-json\/wp\/v2\/media?parent=17182"}],"wp:term":[{"taxonomy":"category","embeddable":true,"href":"https:\/\/visionciudadana.com.mx\/oficial\/wp-json\/wp\/v2\/categories?post=17182"},{"taxonomy":"post_tag","embeddable":true,"href":"https:\/\/visionciudadana.com.mx\/oficial\/wp-json\/wp\/v2\/tags?post=17182"},{"taxonomy":"author","embeddable":true,"href":"https:\/\/visionciudadana.com.mx\/oficial\/wp-json\/wp\/v2\/ppma_author?post=17182"}],"curies":[{"name":"wp","href":"https:\/\/api.w.org\/{rel}","templated":true}]}}