{"id":17180,"date":"2021-07-08T01:19:01","date_gmt":"2021-07-08T01:19:01","guid":{"rendered":"https:\/\/visionciudadana.com.mx\/chio\/2021\/07\/08\/coepriss-exhorta-a-prevenir-el-covid-19-con-el-triangulo-de-la-vida\/"},"modified":"2025-06-25T00:11:59","modified_gmt":"2025-06-25T00:11:59","slug":"coepriss-exhorta-a-prevenir-el-covid-19-con-el-triangulo-de-la-vida","status":"publish","type":"post","link":"https:\/\/visionciudadana.com.mx\/oficial\/2021\/07\/08\/coepriss-exhorta-a-prevenir-el-covid-19-con-el-triangulo-de-la-vida\/","title":{"rendered":"Coepriss exhorta a prevenir el COVID-19 con el tri\u00e1ngulo de la vida"},"content":{"rendered":"<div>\n<p class=\"x_MsoNormal\"><b><span style=\"font-family: verdana, sans-serif; font-size: large;\"><\/span><\/b><\/p>\n<p><img fetchpriority=\"high\" decoding=\"async\" src=\"images\/2021\/julio21\/Sema\u0301foro_Amarillo.jpg\" alt=\"Sema\u0301foro Amarillo\" width=\"720\" height=\"480\" style=\"display: block; margin: 20px auto;\" \/><\/p>\n<p class=\"x_MsoNormal\" style=\"text-align: justify;\"><span style=\"font-family: arial, helvetica, sans-serif; font-size: 14pt;\">La Comisi\u00f3n Estatal para la Protecci\u00f3n contra Riesgos Sanitarios de Sinaloa (Coepriss) exhort\u00f3 a la poblaci\u00f3n a mantener el \u201cTri\u00e1ngulo de la Vida\u201d ante la pandemia vigente que consiste en tres sencillas medidas sanitarias.<\/span><\/p>\n<p style=\"text-align: justify;\">&nbsp;<\/p>\n<p class=\"x_MsoNormal\" style=\"text-align: justify;\"><span style=\"font-family: arial, helvetica, sans-serif; font-size: 14pt;\">El comisionado Jorge Alan Urbina Vidales precis\u00f3 que el \u201cTri\u00e1ngulo de la Vida\u201d consiste en la utilizaci\u00f3n del cubre bocas, el correcto lavado de manos o aplicaci\u00f3n de alcohol o gel antibacterial y una distancia f\u00edsica no menor a dos metros entre persona y persona para garantizar la protecci\u00f3n contra el virus causante del COVID-19.<\/span><\/p>\n<p class=\"x_MsoNormal\" style=\"text-align: justify;\"><span style=\"font-family: arial, helvetica, sans-serif; font-size: 14pt;\">Destac\u00f3 que ante la pandemia vigente en Sinaloa se debe fomentar el autocuidado de la salud personal y de nuestros seres queridos.<\/span><\/p>\n<p style=\"text-align: justify;\">&nbsp;<\/p>\n<p class=\"x_MsoNormal\" style=\"text-align: justify;\"><span style=\"font-family: arial, helvetica, sans-serif; font-size: 14pt;\">Precis\u00f3 que se est\u00e1n evaluando de manera permanente los protocolos sanitarios que se aplican para romper la cadena de transmisi\u00f3n del virus y prevenir la enfermedad.<\/span><\/p>\n<p style=\"text-align: justify;\">&nbsp;<\/p>\n<p class=\"x_MsoNormal\" style=\"text-align: justify;\"><span style=\"font-family: arial, helvetica, sans-serif; font-size: 14pt;\">\u201cEs importante respetar los protocolos sanitarios porque en todo M\u00e9xico, no solo en Sinaloa, se ha observado un relajamiento de las medidas de prevenci\u00f3n con el avance de la vacunaci\u00f3n\u201d, coment\u00f3.<\/span><\/p>\n<p style=\"text-align: justify;\">&nbsp;<\/p>\n<p class=\"x_MsoNormal\" style=\"text-align: justify;\"><span style=\"font-family: arial, helvetica, sans-serif; font-size: 14pt;\">Sin embargo, sostuvo que es indispensable que la poblaci\u00f3n fortalezca sus h\u00e1bitos de prevenci\u00f3n. \u201cUn error es pensar que con la vacunaci\u00f3n desaparece el riesgo de contraer la enfermedad o pensar que el virus ha desaparecido y olvidarse de las medidas de prevenci\u00f3n\u201d, apunt\u00f3.<\/span><\/p>\n<p style=\"text-align: justify;\">&nbsp;<\/p>\n<p class=\"x_MsoNormal\" style=\"text-align: justify;\"><span style=\"font-family: arial, helvetica, sans-serif; font-size: 14pt;\">\u201cEl veh\u00edculo en el que se mueve el virus es de persona a persona y el padecimiento puede ser asintom\u00e1tico o presentarse de manera leve y dependiendo el organismo puede ser mortal, pero cada persona contagiada es un transmisor del virus\u201d, asever\u00f3.<\/span><\/p>\n<p style=\"text-align: justify;\">&nbsp;<\/p>\n<p class=\"x_MsoNormal\" style=\"text-align: justify;\"><span style=\"font-family: arial, helvetica, sans-serif; font-size: 14pt;\">El comisionado Jorge Alan Urbina Vidales sostuvo que depende de cada persona implementar el autocuidado conservando las medidas de prevenci\u00f3n.<\/span><\/p>\n<p style=\"text-align: justify;\">&nbsp;<\/p>\n<p class=\"x_MsoNormal\" style=\"text-align: justify;\"><span style=\"font-family: arial, helvetica, sans-serif; font-size: 14pt;\">Explic\u00f3 que en Sinaloa no se ha intervenido con acciones de confinamiento pues a pesar de que hay una movilidad continua de las personas se espera que la poblaci\u00f3n act\u00fae con responsabilidad, de manera civilizada y atienda los llamados para mantener el tri\u00e1ngulo de la vida y el respeto a todos los protocolos sanitarios establecidos.<\/span><\/p>\n<p style=\"text-align: justify;\">&nbsp;<\/p>\n<p class=\"x_MsoNormal\" style=\"text-align: justify;\"><span style=\"font-family: arial, helvetica, sans-serif; font-size: 14pt;\">No obstante, advirti\u00f3 que se limitar\u00e1n los aforos en establecimientos comerciales, hoteles, restaurantes, en los puertos terrestres, mar\u00edtimos y a\u00e9reos, eventos sociales, antros y playas hasta en un 60 por ciento de acuerdo al sem\u00e1foro epidemiol\u00f3gico de cada municipio.<\/span><\/p>\n<p style=\"text-align: justify;\">&nbsp;<\/p>\n<p class=\"x_MsoNormal\" style=\"text-align: justify;\"><span style=\"font-family: arial, helvetica, sans-serif; font-size: 14pt;\">\u201cLos filtros sanitarios siguen funcionando y mantenemos una estrecha vigilancia en los espacios de concurrencia masiva para que las personas respeten las medidas de prevenci\u00f3n y los due\u00f1os de los establecimientos cumplan con los lineamientos t\u00e9cnicos y hagan la desinfecci\u00f3n al abrir y al cerrar sus negocios y en los restaurantes contin\u00faen con las acciones de desinfecci\u00f3n permanente\u201d, coment\u00f3.<\/span><\/p>\n<p style=\"text-align: justify;\">&nbsp;<\/p>\n<p class=\"x_MsoNormal\" style=\"text-align: justify;\"><span style=\"font-family: arial, helvetica, sans-serif; font-size: 14pt;\">Inform\u00f3 que el Secretario de Salud, Dr. Efr\u00e9n Encinas Torres, ha girado instrucciones para asegurar el distanciamiento social y en lo que se refiere a los hospitales p\u00fablicos se abrir\u00e1n \u00e1reas de atenci\u00f3n con aforos al 50 por ciento de su capacidad.<\/span><\/p>\n<p style=\"text-align: justify;\">&nbsp;<\/p>\n<p class=\"x_MsoNormal\" style=\"text-align: justify;\"><span style=\"font-family: arial, helvetica, sans-serif; font-size: 14pt;\">Sostuvo que en caso de contagio las personas deben permanecer en un lugar determinado hasta que se cumpla el tiempo necesario, seg\u00fan el criterio m\u00e9dico, en el que ya no exista riesgo de propagaci\u00f3n del virus. \u201cEs lo que conocemos como cuarentena\u201d, dijo.<\/span><\/p>\n<p style=\"text-align: justify;\">&nbsp;<\/p>\n<p class=\"x_MsoNormal\" style=\"text-align: justify;\"><span style=\"font-family: arial, helvetica, sans-serif; font-size: 14pt;\">Tambi\u00e9n afirm\u00f3 que es importante el aislamiento, concepto que se refiere a la separaci\u00f3n f\u00edsica de las personas contagiadas de aquellas que est\u00e1n sanas.<\/span><\/p>\n<p style=\"text-align: justify;\">&nbsp;<\/p>\n<p class=\"x_MsoNormal\" style=\"text-align: justify;\"><span style=\"font-family: arial, helvetica, sans-serif; font-size: 14pt;\">\u201cLa sana distancia consiste no solo en evitar el contacto directo con las personas sino mantener una distancia f\u00edsica no menor de dos metros entre persona y persona, implica tambi\u00e9n alejarse de manera voluntaria de lugares concurridos\u201d, sostuvo.&nbsp;<\/span><\/p>\n<\/div>\n<div style=\"text-align: justify;\">&nbsp;<\/div>\n<div style=\"text-align: justify;\">&nbsp;<\/div>\n<div style=\"text-align: justify;\"><span style=\"font-family: arial, helvetica, sans-serif; font-size: 14pt;\">REDACCI\u00d3N\/VISI\u00d3N CIUDADANA.&nbsp;<\/span><\/div>\n<div dir=\"ltr\">\n<div dir=\"ltr\">\n<div>\n<div dir=\"ltr\">\n<div style=\"text-align: justify;\"><span style=\"font-size: 14pt; font-family: arial, helvetica, sans-serif;\"><\/span><\/div>\n<\/div>\n<\/div>\n<\/div>\n<\/div>\n","protected":false},"excerpt":{"rendered":"<p>La Comisi\u00f3n Estatal para la Protecci\u00f3n contra Riesgos Sanitarios de Sinaloa (Coepriss) exhort\u00f3 a la poblaci\u00f3n a mantener el \u201cTri\u00e1ngulo de la Vida\u201d ante la pandemia vigente que consiste en tres sencillas medidas sanitarias. &nbsp; El comisionado Jorge Alan Urbina Vidales precis\u00f3 que el \u201cTri\u00e1ngulo de la Vida\u201d consiste en la utilizaci\u00f3n del cubre bocas, [&hellip;]<\/p>\n","protected":false},"author":1,"featured_media":1078,"comment_status":"closed","ping_status":"closed","sticky":false,"template":"","format":"standard","meta":{"footnotes":""},"categories":[24],"tags":[],"ppma_author":[31],"class_list":["post-17180","post","type-post","status-publish","format-standard","has-post-thumbnail","hentry","category-relevantes"],"aioseo_notices":[],"authors":[{"term_id":31,"user_id":1,"is_guest":0,"slug":"ivan3vino","display_name":"Iv\u00e1n Trevi\u00f1o","avatar_url":{"url":"https:\/\/visionciudadana.com.mx\/oficial\/wp-content\/uploads\/2025\/09\/columna-ivan-Trevino.png","url2x":"https:\/\/visionciudadana.com.mx\/oficial\/wp-content\/uploads\/2025\/09\/columna-ivan-Trevino.png"},"0":null,"1":"","2":"","3":"","4":"","5":"","6":"","7":"","8":""}],"_links":{"self":[{"href":"https:\/\/visionciudadana.com.mx\/oficial\/wp-json\/wp\/v2\/posts\/17180","targetHints":{"allow":["GET"]}}],"collection":[{"href":"https:\/\/visionciudadana.com.mx\/oficial\/wp-json\/wp\/v2\/posts"}],"about":[{"href":"https:\/\/visionciudadana.com.mx\/oficial\/wp-json\/wp\/v2\/types\/post"}],"author":[{"embeddable":true,"href":"https:\/\/visionciudadana.com.mx\/oficial\/wp-json\/wp\/v2\/users\/1"}],"replies":[{"embeddable":true,"href":"https:\/\/visionciudadana.com.mx\/oficial\/wp-json\/wp\/v2\/comments?post=17180"}],"version-history":[{"count":1,"href":"https:\/\/visionciudadana.com.mx\/oficial\/wp-json\/wp\/v2\/posts\/17180\/revisions"}],"predecessor-version":[{"id":30860,"href":"https:\/\/visionciudadana.com.mx\/oficial\/wp-json\/wp\/v2\/posts\/17180\/revisions\/30860"}],"wp:featuredmedia":[{"embeddable":true,"href":"https:\/\/visionciudadana.com.mx\/oficial\/wp-json\/wp\/v2\/media\/1078"}],"wp:attachment":[{"href":"https:\/\/visionciudadana.com.mx\/oficial\/wp-json\/wp\/v2\/media?parent=17180"}],"wp:term":[{"taxonomy":"category","embeddable":true,"href":"https:\/\/visionciudadana.com.mx\/oficial\/wp-json\/wp\/v2\/categories?post=17180"},{"taxonomy":"post_tag","embeddable":true,"href":"https:\/\/visionciudadana.com.mx\/oficial\/wp-json\/wp\/v2\/tags?post=17180"},{"taxonomy":"author","embeddable":true,"href":"https:\/\/visionciudadana.com.mx\/oficial\/wp-json\/wp\/v2\/ppma_author?post=17180"}],"curies":[{"name":"wp","href":"https:\/\/api.w.org\/{rel}","templated":true}]}}