{"id":17166,"date":"2021-07-03T19:46:54","date_gmt":"2021-07-03T19:46:54","guid":{"rendered":"https:\/\/visionciudadana.com.mx\/chio\/2021\/07\/03\/apuesta-ceaip-a-participacion-ciudadana-para-fortalecer-transparencia-en-sinaloa\/"},"modified":"2025-06-25T00:12:00","modified_gmt":"2025-06-25T00:12:00","slug":"apuesta-ceaip-a-participacion-ciudadana-para-fortalecer-transparencia-en-sinaloa","status":"publish","type":"post","link":"https:\/\/visionciudadana.com.mx\/oficial\/2021\/07\/03\/apuesta-ceaip-a-participacion-ciudadana-para-fortalecer-transparencia-en-sinaloa\/","title":{"rendered":"Apuesta Ceaip a participaci\u00f3n ciudadana,  para fortalecer transparencia en Sinaloa  \u00a0"},"content":{"rendered":"<p class=\"x_MsoNormal\" style=\"text-align: justify;\" align=\"center\"><b>&nbsp;<\/b><\/p>\n<p><img fetchpriority=\"high\" decoding=\"async\" src=\"images\/2021\/julio21\/apuesta_ceaip.PNG\" alt=\"apuesta ceaip\" width=\"649\" height=\"425\" style=\"display: block; margin: 20px auto;\" \/><\/p>\n<p>&nbsp;<\/p>\n<p class=\"x_MsoNormal\" style=\"text-align: justify;\" align=\"right\"><span style=\"font-size: 14pt; font-family: arial, helvetica, sans-serif;\">El ejercicio del Derecho de Acceso a la Informaci\u00f3n P\u00fablica transforma mentalidades, usos, utilidades y pr\u00e1cticas de las y los ciudadanos para incidir en cambios sociales, sostuvo Jos\u00e9 Alfredo Beltr\u00e1n Estrada, Presidente de Ceaip.<\/span><\/p>\n<p style=\"text-align: justify;\">&nbsp;<\/p>\n<p class=\"x_MsoNormal\" style=\"text-align: justify;\"><span style=\"font-size: 14pt; font-family: arial, helvetica, sans-serif;\">Esto al poner en marcha el Tercer Seminario Ciudadano \u201cDesarrollo de Capacidades para el Aprovechamiento del Derecho de Acceso a la Informaci\u00f3n P\u00fablica que realiza la Comisi\u00f3n Estatal para el Acceso a la Informaci\u00f3n P\u00fablica en el estado.<\/span><\/p>\n<p style=\"text-align: justify;\">&nbsp;<\/p>\n<p class=\"x_MsoNormal\" style=\"text-align: justify;\"><span style=\"font-size: 14pt; font-family: arial, helvetica, sans-serif;\">El Presidente de Ceaip dio la bienvenida a participantes a nombre del Pleno de Ceaip, del cual forma parte junto con los Comisionados Liliana Margarita Campuzano Vega y Jos\u00e9 Luis Moreno L\u00f3pez.<\/span><\/p>\n<p style=\"text-align: justify;\">&nbsp;<\/p>\n<p class=\"x_MsoNormal\" style=\"text-align: justify;\"><span style=\"font-size: 14pt; font-family: arial, helvetica, sans-serif;\">Consider\u00f3 fundamental hacer un cambio de estrategia y replantear el enfoque institucional de socializaci\u00f3n de estos temas, ante una necesidad de que prevalezca en Sinaloa una mayor participaci\u00f3n ciudadana.<\/span><\/p>\n<p style=\"text-align: justify;\">&nbsp;<\/p>\n<p class=\"x_MsoNormal\" style=\"text-align: justify;\"><span style=\"font-size: 14pt; font-family: arial, helvetica, sans-serif;\">\u201cCreemos en los activistas, las asociaciones civiles, las redes, observatorios y estamos a favor de que existan m\u00e1s actores y organizaciones sociales que est\u00e9n escrutando el ejercicio p\u00fablico y denotando cambios en sus comunidades, en sus colonias\u201d, asinti\u00f3.<\/span><\/p>\n<p style=\"text-align: justify;\">&nbsp;<\/p>\n<p class=\"x_MsoNormal\" style=\"text-align: justify;\"><span style=\"font-size: 14pt; font-family: arial, helvetica, sans-serif;\">De ah\u00ed el reorientar recursos para que se les aplique a trav\u00e9s de esquemas de capacitaci\u00f3n, dijo dirigi\u00e9ndose a las y los asistentes al seminario que ser\u00e1 impartido durante 11 s\u00e1bados de manera virtual.<\/span><\/p>\n<p style=\"text-align: justify;\">&nbsp;<\/p>\n<p class=\"x_MsoNormal\" style=\"text-align: justify;\"><span style=\"font-size: 14pt; font-family: arial, helvetica, sans-serif;\">Se pronunci\u00f3 por visualizar la construcci\u00f3n de grandes redes que acompa\u00f1en el ejercicio de la actividad p\u00fablica y contribuyan con el acompa\u00f1amiento a los gobernantes a hacer mejores administraciones p\u00fablicas.<\/span><\/p>\n<p style=\"text-align: justify;\">&nbsp;<\/p>\n<p class=\"x_MsoNormal\" style=\"text-align: justify;\"><span style=\"font-size: 14pt; font-family: arial, helvetica, sans-serif;\">\u201cCon estas actividades\u201d, dijo, \u201cla apuesta de nosotros es transformar nuestra realidad social a partir de sembrar semillas que fructifiquen muy pronto en ejercicios de escrutinio ciudadano de mayor alcance, es decir, el formar agentes de cambio en Sinaloa\u201d.<\/span><\/p>\n<p style=\"text-align: justify;\">&nbsp;<\/p>\n<p class=\"x_MsoNormal\" style=\"text-align: justify;\"><span style=\"font-size: 14pt; font-family: arial, helvetica, sans-serif;\">El tercer seminario ciudadano es impartido por Samuel Bonilla N\u00fa\u00f1ez, Coordinador del Programa Transparencia para Todos, quien cuenta con amplia trayectoria y conocimiento en materia de Acceso a la Informaci\u00f3n P\u00fablica y Libertad de Expresi\u00f3n.<\/span><\/p>\n<p style=\"text-align: justify;\">&nbsp;<\/p>\n<p class=\"x_MsoNormal\" style=\"text-align: justify;\"><span style=\"font-size: 14pt; font-family: arial, helvetica, sans-serif;\">Transparencia para Todos es una iniciativa ciudadana que desde hace 17 a\u00f1os promueve el aprovechamiento de este derecho.<\/span><\/p>\n<p style=\"text-align: justify;\">&nbsp;<\/p>\n<p class=\"x_MsoNormal\" style=\"text-align: justify;\"><span style=\"font-size: 14pt; font-family: arial, helvetica, sans-serif;\">Samuel Bonilla urgi\u00f3 la necesidad de expandir la base de usuarios y aprovechadores del Derecho Acceso a la Informaci\u00f3n P\u00fablica, no solo como derechohabientes, sino como beneficiarios.<\/span><\/p>\n<p style=\"text-align: justify;\">&nbsp;<\/p>\n<p class=\"x_MsoNormal\" style=\"text-align: justify;\"><span style=\"font-size: 14pt; font-family: arial, helvetica, sans-serif;\">\u201cHay que ampliar y llegar a sectores desprotegidos, a sectores donde no se ha alcanzado y que (este derecho) deje de estar fuera del alcance de muchas personas; debe llegar con quienes tienen un puesto en el mercado, con desempleados, ind\u00edgenas, a menores de edad para que realicen sus tareas, para que se resuelvan grandes problemas sociales en colonias\u201d, ejemplific\u00f3.<\/span><\/p>\n<p style=\"text-align: justify;\">&nbsp;<\/p>\n<p style=\"text-align: justify;\"><span style=\"font-size: 14pt; font-family: arial, helvetica, sans-serif;\">Dijo que se est\u00e1 ante un derecho multifuncional poco aprovechado que hay que sacar y compartir con los dem\u00e1s.<\/span><\/p>\n<p style=\"text-align: justify;\">&nbsp;<\/p>\n<p style=\"text-align: justify;\">&nbsp;<\/p>\n<p style=\"text-align: justify;\"><span style=\"font-size: 14pt; font-family: arial, helvetica, sans-serif;\">REDACCI\u00d3N\/VISI\u00d3N CIUDADANA.<\/span><\/p>\n","protected":false},"excerpt":{"rendered":"<p>&nbsp; &nbsp; El ejercicio del Derecho de Acceso a la Informaci\u00f3n P\u00fablica transforma mentalidades, usos, utilidades y pr\u00e1cticas de las y los ciudadanos para incidir en cambios sociales, sostuvo Jos\u00e9 Alfredo Beltr\u00e1n Estrada, Presidente de Ceaip. &nbsp; Esto al poner en marcha el Tercer Seminario Ciudadano \u201cDesarrollo de Capacidades para el Aprovechamiento del Derecho de [&hellip;]<\/p>\n","protected":false},"author":1,"featured_media":1060,"comment_status":"closed","ping_status":"closed","sticky":false,"template":"","format":"standard","meta":{"footnotes":""},"categories":[24],"tags":[],"ppma_author":[31],"class_list":["post-17166","post","type-post","status-publish","format-standard","has-post-thumbnail","hentry","category-relevantes"],"aioseo_notices":[],"authors":[{"term_id":31,"user_id":1,"is_guest":0,"slug":"ivan3vino","display_name":"Iv\u00e1n Trevi\u00f1o","avatar_url":{"url":"https:\/\/visionciudadana.com.mx\/oficial\/wp-content\/uploads\/2025\/09\/columna-ivan-Trevino.png","url2x":"https:\/\/visionciudadana.com.mx\/oficial\/wp-content\/uploads\/2025\/09\/columna-ivan-Trevino.png"},"0":null,"1":"","2":"","3":"","4":"","5":"","6":"","7":"","8":""}],"_links":{"self":[{"href":"https:\/\/visionciudadana.com.mx\/oficial\/wp-json\/wp\/v2\/posts\/17166","targetHints":{"allow":["GET"]}}],"collection":[{"href":"https:\/\/visionciudadana.com.mx\/oficial\/wp-json\/wp\/v2\/posts"}],"about":[{"href":"https:\/\/visionciudadana.com.mx\/oficial\/wp-json\/wp\/v2\/types\/post"}],"author":[{"embeddable":true,"href":"https:\/\/visionciudadana.com.mx\/oficial\/wp-json\/wp\/v2\/users\/1"}],"replies":[{"embeddable":true,"href":"https:\/\/visionciudadana.com.mx\/oficial\/wp-json\/wp\/v2\/comments?post=17166"}],"version-history":[{"count":1,"href":"https:\/\/visionciudadana.com.mx\/oficial\/wp-json\/wp\/v2\/posts\/17166\/revisions"}],"predecessor-version":[{"id":30864,"href":"https:\/\/visionciudadana.com.mx\/oficial\/wp-json\/wp\/v2\/posts\/17166\/revisions\/30864"}],"wp:featuredmedia":[{"embeddable":true,"href":"https:\/\/visionciudadana.com.mx\/oficial\/wp-json\/wp\/v2\/posts\/1060"}],"wp:attachment":[{"href":"https:\/\/visionciudadana.com.mx\/oficial\/wp-json\/wp\/v2\/media?parent=17166"}],"wp:term":[{"taxonomy":"category","embeddable":true,"href":"https:\/\/visionciudadana.com.mx\/oficial\/wp-json\/wp\/v2\/categories?post=17166"},{"taxonomy":"post_tag","embeddable":true,"href":"https:\/\/visionciudadana.com.mx\/oficial\/wp-json\/wp\/v2\/tags?post=17166"},{"taxonomy":"author","embeddable":true,"href":"https:\/\/visionciudadana.com.mx\/oficial\/wp-json\/wp\/v2\/ppma_author?post=17166"}],"curies":[{"name":"wp","href":"https:\/\/api.w.org\/{rel}","templated":true}]}}