{"id":17165,"date":"2021-07-03T00:30:09","date_gmt":"2021-07-03T00:30:09","guid":{"rendered":"https:\/\/visionciudadana.com.mx\/chio\/2021\/07\/03\/rosario-osuna-diputada-electa-por-el-distrito-21-por-el-partido-sinaloense-regresa-y-agradece-el-apoyo-ciudadano\/"},"modified":"2025-06-25T00:12:00","modified_gmt":"2025-06-25T00:12:00","slug":"rosario-osuna-diputada-electa-por-el-distrito-21-por-el-partido-sinaloense-regresa-y-agradece-el-apoyo-ciudadano","status":"publish","type":"post","link":"https:\/\/visionciudadana.com.mx\/oficial\/2021\/07\/03\/rosario-osuna-diputada-electa-por-el-distrito-21-por-el-partido-sinaloense-regresa-y-agradece-el-apoyo-ciudadano\/","title":{"rendered":"Rosario Osuna, diputada electa por el distrito 21 por el Partido Sinaloense, regresa y agradece el apoyo ciudadano.  \u00a0"},"content":{"rendered":"<p><img fetchpriority=\"high\" decoding=\"async\" src=\"images\/2021\/julio21\/regresa.jpg\" alt=\"regresa\" width=\"780\" height=\"420\" style=\"display: block; margin: 20px auto;\" \/><\/p>\n<div>&nbsp;<\/div>\n<div style=\"text-align: justify;\"><span style=\"font-size: 14pt; font-family: arial, helvetica, sans-serif;\">Chayito Osuna, una vez que recibi\u00f3 la constancia que la acredita como diputada electa por el distrito 21 ubicado en la zona urbana de Mazatl\u00e1n, se dio a la tarea de regresar a los hogares del total de las colonias que conforman este distrito, para agradecer el apoyo recibido el pasado 6 de junio, lo cual hizo posible que alcanzara la diputaci\u00f3n local antes se\u00f1alada, pero a la vez a reiterar su compromiso de trabajar por el bienestar de la poblaci\u00f3n, sobre todo la gente m\u00e1s vulnerable.<\/span><\/div>\n<div style=\"text-align: justify;\"><span style=\"font-size: 14pt; font-family: arial, helvetica, sans-serif;\"><\/span><\/div>\n<div style=\"text-align: justify;\"><span style=\"font-size: 14pt; font-family: arial, helvetica, sans-serif;\"><\/span><\/div>\n<div style=\"text-align: justify;\"><span style=\"font-size: 14pt; font-family: arial, helvetica, sans-serif;\"><\/span><\/div>\n<div style=\"text-align: justify;\"><span style=\"font-size: 14pt; font-family: arial, helvetica, sans-serif;\">Es as\u00ed como ya hizo presencia con los habitantes de la colonia que la vio crecer, Col. Francisco Villa, donde de manera personal agradeci\u00f3 el apoyo que se le brind\u00f3 de manera propia y al Partido Sinaloense presidido por el maestro H\u00e9ctor Melesio Cu\u00e9n Ojeda, a quien agradezco haberme dado esta oportunidad, donde hizo suya la frase del maestro; \u201cEs de hombres y mujeres bien nacidos ser agradecidos\u201d.<\/span><\/div>\n<div style=\"text-align: justify;\"><span style=\"font-size: 14pt; font-family: arial, helvetica, sans-serif;\"><\/span><\/div>\n<div style=\"text-align: justify;\"><span style=\"font-size: 14pt; font-family: arial, helvetica, sans-serif;\"><\/span><\/div>\n<div style=\"text-align: justify;\"><span style=\"font-size: 14pt; font-family: arial, helvetica, sans-serif;\"><\/span><\/div>\n<div style=\"text-align: justify;\"><span style=\"font-size: 14pt; font-family: arial, helvetica, sans-serif;\">Al momento ya hizo lo mismo al visitar casa por casa de las colonias Dorados de Villa, El Palmito donde agradeci\u00f3 el apoyo decidido de la l\u00edder Rita Castro. As\u00ed mismo atendi\u00f3 la invitaci\u00f3n de Rub\u00e9n Raksel Rivera y visit\u00f3 la Liga Femenil del Campo El Chafl\u00e1n ubicado en la colonia Valles del Ejido.<\/span><\/div>\n<div style=\"text-align: justify;\"><span style=\"font-size: 14pt; font-family: arial, helvetica, sans-serif;\"><\/span><\/div>\n<div style=\"text-align: justify;\"><span style=\"font-size: 14pt; font-family: arial, helvetica, sans-serif;\"><\/span><\/div>\n<div style=\"text-align: justify;\"><span style=\"font-size: 14pt; font-family: arial, helvetica, sans-serif;\"><\/span><\/div>\n<div style=\"text-align: justify;\"><span style=\"font-size: 14pt; font-family: arial, helvetica, sans-serif;\">Chayito Osuna no ha descuidado el apoyo que le brind\u00f3 la estructura del PAS participando en la reuni\u00f3n de delegados del distrito 21 y otros m\u00e1s, a quienes agradeci\u00f3 haber arropado su campa\u00f1a, reuni\u00f3n que estuvo encabezada por nuestro l\u00edder y presidente estatal del partido, maestro H\u00e9ctor Melesio Cu\u00e9n Ojeda, delegado pol\u00edtico de la regi\u00f3n, Rafael Mendoza Zatarain y la presidenta del Comit\u00e9 Directivo Municipal de Mazatl\u00e1n, la regidora electa Am\u00e9rica Carrasco.<\/span><\/div>\n<div style=\"text-align: justify;\"><span style=\"font-size: 14pt; font-family: arial, helvetica, sans-serif;\"><\/span><\/div>\n<div style=\"text-align: justify;\"><span style=\"font-size: 14pt; font-family: arial, helvetica, sans-serif;\"><\/span><\/div>\n<div style=\"text-align: justify;\"><span style=\"font-size: 14pt; font-family: arial, helvetica, sans-serif;\"><\/span><\/div>\n<div style=\"text-align: justify;\"><span style=\"font-size: 14pt; font-family: arial, helvetica, sans-serif;\">Tambi\u00e9n ya inici\u00f3 las gestiones, en d\u00edas pasados me reun\u00ed con el presidente municipal Luis Guillermo \u201cEl Qu\u00edmico\u201d Ben\u00edtez, para ir identificando las necesidades m\u00e1s apremiantes de los habitantes del distrito 21, coment\u00f3 Chayito Osuna,<\/span><\/div>\n<div style=\"text-align: justify;\"><span style=\"font-size: 14pt; font-family: arial, helvetica, sans-serif;\"><\/span><\/div>\n<div style=\"text-align: justify;\"><span style=\"font-size: 14pt; font-family: arial, helvetica, sans-serif;\"><\/span><\/div>\n<div style=\"text-align: justify;\"><span style=\"font-size: 14pt; font-family: arial, helvetica, sans-serif;\"><\/span><\/div>\n<div style=\"text-align: justify;\"><span style=\"font-size: 14pt; font-family: arial, helvetica, sans-serif;\">\u201cSiempre estar\u00e9 trabajando por el beneficio de la gente, sobre todo por los sectores con m\u00e1s necesidades, apoyar\u00e9 decididamente al deporte mazatleco, har\u00e9 equipo con toda la gente que me requiera, por ello retomo la frase del maestro Cu\u00e9n, los amigos se hacen antes\u201d. Fue la forma en que se expres\u00f3 Chayito Osuna.<\/span><\/div>\n<div style=\"text-align: justify;\">&nbsp;<\/div>\n<div style=\"text-align: justify;\">&nbsp;<\/div>\n<div style=\"text-align: justify;\"><span style=\"font-size: 14pt; font-family: arial, helvetica, sans-serif;\">REDACCI\u00d3N\/VISI\u00d3N CIUDADANA.<\/span><\/div>\n","protected":false},"excerpt":{"rendered":"<p>&nbsp; Chayito Osuna, una vez que recibi\u00f3 la constancia que la acredita como diputada electa por el distrito 21 ubicado en la zona urbana de Mazatl\u00e1n, se dio a la tarea de regresar a los hogares del total de las colonias que conforman este distrito, para agradecer el apoyo recibido el pasado 6 de junio, [&hellip;]<\/p>\n","protected":false},"author":1,"featured_media":1058,"comment_status":"closed","ping_status":"closed","sticky":false,"template":"","format":"standard","meta":{"footnotes":""},"categories":[13],"tags":[],"ppma_author":[31],"class_list":["post-17165","post","type-post","status-publish","format-standard","has-post-thumbnail","hentry","category-locales"],"aioseo_notices":[],"authors":[{"term_id":31,"user_id":1,"is_guest":0,"slug":"ivan3vino","display_name":"Iv\u00e1n Trevi\u00f1o","avatar_url":{"url":"https:\/\/visionciudadana.com.mx\/oficial\/wp-content\/uploads\/2025\/09\/columna-ivan-Trevino.png","url2x":"https:\/\/visionciudadana.com.mx\/oficial\/wp-content\/uploads\/2025\/09\/columna-ivan-Trevino.png"},"0":null,"1":"","2":"","3":"","4":"","5":"","6":"","7":"","8":""}],"_links":{"self":[{"href":"https:\/\/visionciudadana.com.mx\/oficial\/wp-json\/wp\/v2\/posts\/17165","targetHints":{"allow":["GET"]}}],"collection":[{"href":"https:\/\/visionciudadana.com.mx\/oficial\/wp-json\/wp\/v2\/posts"}],"about":[{"href":"https:\/\/visionciudadana.com.mx\/oficial\/wp-json\/wp\/v2\/types\/post"}],"author":[{"embeddable":true,"href":"https:\/\/visionciudadana.com.mx\/oficial\/wp-json\/wp\/v2\/users\/1"}],"replies":[{"embeddable":true,"href":"https:\/\/visionciudadana.com.mx\/oficial\/wp-json\/wp\/v2\/comments?post=17165"}],"version-history":[{"count":1,"href":"https:\/\/visionciudadana.com.mx\/oficial\/wp-json\/wp\/v2\/posts\/17165\/revisions"}],"predecessor-version":[{"id":30865,"href":"https:\/\/visionciudadana.com.mx\/oficial\/wp-json\/wp\/v2\/posts\/17165\/revisions\/30865"}],"wp:featuredmedia":[{"embeddable":true,"href":"https:\/\/visionciudadana.com.mx\/oficial\/wp-json\/wp\/v2\/media\/1058"}],"wp:attachment":[{"href":"https:\/\/visionciudadana.com.mx\/oficial\/wp-json\/wp\/v2\/media?parent=17165"}],"wp:term":[{"taxonomy":"category","embeddable":true,"href":"https:\/\/visionciudadana.com.mx\/oficial\/wp-json\/wp\/v2\/categories?post=17165"},{"taxonomy":"post_tag","embeddable":true,"href":"https:\/\/visionciudadana.com.mx\/oficial\/wp-json\/wp\/v2\/tags?post=17165"},{"taxonomy":"author","embeddable":true,"href":"https:\/\/visionciudadana.com.mx\/oficial\/wp-json\/wp\/v2\/ppma_author?post=17165"}],"curies":[{"name":"wp","href":"https:\/\/api.w.org\/{rel}","templated":true}]}}