{"id":17163,"date":"2021-07-02T23:54:04","date_gmt":"2021-07-02T23:54:04","guid":{"rendered":"https:\/\/visionciudadana.com.mx\/chio\/2021\/07\/02\/sinaloa-continua-con-el-nivel-de-riesgo-epidemico-moderado-en-color-amarillo\/"},"modified":"2025-06-25T00:12:00","modified_gmt":"2025-06-25T00:12:00","slug":"sinaloa-continua-con-el-nivel-de-riesgo-epidemico-moderado-en-color-amarillo","status":"publish","type":"post","link":"https:\/\/visionciudadana.com.mx\/oficial\/2021\/07\/02\/sinaloa-continua-con-el-nivel-de-riesgo-epidemico-moderado-en-color-amarillo\/","title":{"rendered":"Sinaloa contin\u00faa con el nivel de riesgo epid\u00e9mico moderado en color amarillo"},"content":{"rendered":"<p><img fetchpriority=\"high\" decoding=\"async\" src=\"images\/2021\/julio21\/riesgo.jpg\" alt=\"riesgo\" width=\"780\" height=\"420\" style=\"display: block; margin: 20px auto;\" \/><\/p>\n<p class=\"x_MsoNormal\" style=\"text-align: justify;\"><span style=\"font-size: 14pt; font-family: arial, helvetica, sans-serif;\">La Secretar\u00eda de Salud del gobierno federal, en seguimiento a la revisi\u00f3n de la metodolog\u00eda del sem\u00e1foro de riesgo epid\u00e9mico, informa que, para el Estado de Sinaloa, para la quincena del 5 al 18 de julio de 2021 permanecer\u00e1n vigentes los mismos valores del sem\u00e1foro de riesgo epid\u00e9mico, es decir, la entidad continua en sem\u00e1foro AMARILLO.<\/span><\/p>\n<p style=\"text-align: justify;\">&nbsp;<\/p>\n<p class=\"x_MsoNormal\" style=\"text-align: justify;\"><span style=\"font-size: 14pt; font-family: arial, helvetica, sans-serif;\">El Dr. Efr\u00e9n Encinas Torres, Secretario de Salud en Sinaloa, coment\u00f3 que debido a la importancia que esta informaci\u00f3n ha adquirido entre toda la sociedad, recalca a la poblaci\u00f3n que independientemente del color que marque el sem\u00e1foro epidemiol\u00f3gico se debe continuar extremando precauciones para as\u00ed evitar el mayor de los riesgos.<\/span><\/p>\n<p style=\"text-align: justify;\">&nbsp;<\/p>\n<p class=\"x_MsoNormal\" style=\"text-align: justify;\"><span style=\"font-size: 14pt; font-family: arial, helvetica, sans-serif;\">\u201cGusto de saludarlos como siempre para dar una informaci\u00f3n importante a toda la poblaci\u00f3n del estado de Sinaloa, que nos acaba de llegar la informaci\u00f3n oficial de la evaluaci\u00f3n del sem\u00e1foro epidemiol\u00f3gico que corresponde del 5 al 18 de julio del 2021 Sinaloa sigue en color AMARILLO, sin embargo, es importante resaltar y recalcar como siempre lo hemos se\u00f1alado, que independientemente del color epidemiol\u00f3gico en el que nos encontremos as\u00ed estuvi\u00e9ramos en color verde, hay que cuidarnos como si estuvi\u00e9ramos en el color rojo con el m\u00e1ximo cuidado para evitar el m\u00e1ximo riesgo, sigamos adelante con todas las medidas de prevenci\u00f3n y estoy seguro que entre todos podremos lograrlo\u201d, expres\u00f3.<\/span><\/p>\n<p style=\"text-align: justify;\">&nbsp;<\/p>\n<p class=\"x_MsoNormal\" style=\"text-align: justify;\"><span style=\"font-size: 14pt; font-family: arial, helvetica, sans-serif;\">Es as\u00ed que los indicadores tomados en cuenta para estas evaluaciones se han mantenido a pesar de la movilidad y relajamiento presentado por los sinaloenses, de esta manera y en tanto se presenta y analiza t\u00e9cnicamente la propuesta para una pr\u00f3xima reuni\u00f3n del Consejo Nacional de Salud y entra en vigor la nueva metodolog\u00eda de evaluaci\u00f3n de riesgo, nuestra entidad se posiciona en nivel de riesgo epid\u00e9mico MODERADO.<\/span><\/p>\n<p style=\"text-align: justify;\">&nbsp;<\/p>\n<p style=\"text-align: justify;\">&nbsp;<\/p>\n<p style=\"text-align: justify;\"><span style=\"font-size: 14pt; font-family: arial, helvetica, sans-serif;\">REDACCI\u00d3N\/VISI\u00d3N CIUDADANA.<\/span><\/p>\n","protected":false},"excerpt":{"rendered":"<p>La Secretar\u00eda de Salud del gobierno federal, en seguimiento a la revisi\u00f3n de la metodolog\u00eda del sem\u00e1foro de riesgo epid\u00e9mico, informa que, para el Estado de Sinaloa, para la quincena del 5 al 18 de julio de 2021 permanecer\u00e1n vigentes los mismos valores del sem\u00e1foro de riesgo epid\u00e9mico, es decir, la entidad continua en sem\u00e1foro [&hellip;]<\/p>\n","protected":false},"author":1,"featured_media":1054,"comment_status":"closed","ping_status":"closed","sticky":false,"template":"","format":"standard","meta":{"footnotes":""},"categories":[24],"tags":[],"ppma_author":[31],"class_list":["post-17163","post","type-post","status-publish","format-standard","has-post-thumbnail","hentry","category-relevantes"],"aioseo_notices":[],"authors":[{"term_id":31,"user_id":1,"is_guest":0,"slug":"ivan3vino","display_name":"Iv\u00e1n Trevi\u00f1o","avatar_url":{"url":"https:\/\/visionciudadana.com.mx\/oficial\/wp-content\/uploads\/2025\/09\/columna-ivan-Trevino.png","url2x":"https:\/\/visionciudadana.com.mx\/oficial\/wp-content\/uploads\/2025\/09\/columna-ivan-Trevino.png"},"0":null,"1":"","2":"","3":"","4":"","5":"","6":"","7":"","8":""}],"_links":{"self":[{"href":"https:\/\/visionciudadana.com.mx\/oficial\/wp-json\/wp\/v2\/posts\/17163","targetHints":{"allow":["GET"]}}],"collection":[{"href":"https:\/\/visionciudadana.com.mx\/oficial\/wp-json\/wp\/v2\/posts"}],"about":[{"href":"https:\/\/visionciudadana.com.mx\/oficial\/wp-json\/wp\/v2\/types\/post"}],"author":[{"embeddable":true,"href":"https:\/\/visionciudadana.com.mx\/oficial\/wp-json\/wp\/v2\/users\/1"}],"replies":[{"embeddable":true,"href":"https:\/\/visionciudadana.com.mx\/oficial\/wp-json\/wp\/v2\/comments?post=17163"}],"version-history":[{"count":1,"href":"https:\/\/visionciudadana.com.mx\/oficial\/wp-json\/wp\/v2\/posts\/17163\/revisions"}],"predecessor-version":[{"id":30867,"href":"https:\/\/visionciudadana.com.mx\/oficial\/wp-json\/wp\/v2\/posts\/17163\/revisions\/30867"}],"wp:featuredmedia":[{"embeddable":true,"href":"https:\/\/visionciudadana.com.mx\/oficial\/wp-json\/wp\/v2\/media\/1054"}],"wp:attachment":[{"href":"https:\/\/visionciudadana.com.mx\/oficial\/wp-json\/wp\/v2\/media?parent=17163"}],"wp:term":[{"taxonomy":"category","embeddable":true,"href":"https:\/\/visionciudadana.com.mx\/oficial\/wp-json\/wp\/v2\/categories?post=17163"},{"taxonomy":"post_tag","embeddable":true,"href":"https:\/\/visionciudadana.com.mx\/oficial\/wp-json\/wp\/v2\/tags?post=17163"},{"taxonomy":"author","embeddable":true,"href":"https:\/\/visionciudadana.com.mx\/oficial\/wp-json\/wp\/v2\/ppma_author?post=17163"}],"curies":[{"name":"wp","href":"https:\/\/api.w.org\/{rel}","templated":true}]}}