{"id":17161,"date":"2021-07-02T23:40:58","date_gmt":"2021-07-02T23:40:58","guid":{"rendered":"https:\/\/visionciudadana.com.mx\/chio\/2021\/07\/02\/refrenda-la-licenciatura-en-biologia-la-calidad-educativa-que-brinda-sus-estudiantes\/"},"modified":"2025-06-25T00:12:01","modified_gmt":"2025-06-25T00:12:01","slug":"refrenda-la-licenciatura-en-biologia-la-calidad-educativa-que-brinda-sus-estudiantes","status":"publish","type":"post","link":"https:\/\/visionciudadana.com.mx\/oficial\/2021\/07\/02\/refrenda-la-licenciatura-en-biologia-la-calidad-educativa-que-brinda-sus-estudiantes\/","title":{"rendered":"Refrenda la Licenciatura en Biolog\u00eda la calidad educativa que brinda sus estudiantes"},"content":{"rendered":"<p style=\"text-align: justify;\"><img fetchpriority=\"high\" decoding=\"async\" src=\"images\/2021\/julio21\/biologia.jpg\" alt=\"biologia\" width=\"780\" height=\"420\" style=\"display: block; margin: 20px auto;\" \/><\/p>\n<p class=\"x_MsoNormal\" style=\"text-align: justify;\"><span style=\"font-size: 14pt; font-family: arial, helvetica, sans-serif;\">La Licenciatura en Biolog\u00eda que oferta la Facultad de Biolog\u00eda de la Universidad Aut\u00f3noma de Sinaloa (UAS), obtuvo recientemente el Nivel 1 por parte de los Comit\u00e9s Interinstitucionales para la Evaluaci\u00f3n de la Educaci\u00f3n Superior (CIEES), por la calidad del programa educativo y de su planta docente.<\/span><\/p>\n<p style=\"text-align: justify;\">&nbsp;<\/p>\n<p class=\"x_MsoNormal\" style=\"text-align: justify;\"><span style=\"font-size: 14pt; font-family: arial, helvetica, sans-serif;\">El doctor Vicente Olim\u00f3n Andal\u00f3n, director de la Facultad, destac\u00f3 que este reconocimiento es un incentivo para seguir contribuyendo en la formaci\u00f3n integral de sus estudiantes, proporcion\u00e1ndoles las competencias necesarias para que se desempe\u00f1en de forma profesional y a la altura de los retos actuales.<\/span><\/p>\n<p style=\"text-align: justify;\">&nbsp;<\/p>\n<p class=\"x_MsoNormal\" style=\"text-align: justify;\"><span style=\"font-size: 14pt; font-family: arial, helvetica, sans-serif;\">A trav\u00e9s de estas acciones la facultad cumple con la misi\u00f3n planteada de formar j\u00f3venes con compromiso social que generen, apliquen y difundan el conocimiento cient\u00edfico y tecnol\u00f3gico de las ciencias biol\u00f3gicas, con las habilidades necesarias para que realicen un aprovechamiento sustentable de los recursos naturales.<\/span><\/p>\n<p style=\"text-align: justify;\">&nbsp;<\/p>\n<p class=\"x_MsoNormal\" style=\"text-align: justify;\"><span style=\"font-size: 14pt; font-family: arial, helvetica, sans-serif;\">En ese sentido, Olim\u00f3n Andal\u00f3n precis\u00f3 que la Licenciatura en Biolog\u00eda cuenta con una estructura curricular flexible, con un enfoque por competencias que destaca por contemplar en su tronco com\u00fan un n\u00facleo b\u00e1sico de asignaturas de nivel nacional, que permite a los estudiantes tener la posibilidad de cursar semestres o periodos en otras instituciones del pa\u00eds y del extranjero.<\/span><\/p>\n<p style=\"text-align: justify;\">&nbsp;<\/p>\n<p class=\"x_MsoNormal\" style=\"text-align: justify;\"><span style=\"font-size: 14pt; font-family: arial, helvetica, sans-serif;\">El funcionario universitario enfatiz\u00f3 que la unidad acad\u00e9mica labora bajo la encomienda del Rector, Dr. Jes\u00fas Madue\u00f1a Molina, de convertir a la UAS en un referente de calidad acad\u00e9mica y cient\u00edfica en el noroeste del pa\u00eds.<\/span><\/p>\n<p style=\"text-align: justify;\">&nbsp;<\/p>\n<p class=\"x_MsoNormal\" style=\"text-align: justify;\"><span style=\"font-size: 14pt; font-family: arial, helvetica, sans-serif;\">La Facultad de Biolog\u00eda se plantea como objetivo continuar afianzando la calidad de la Licenciatura en Biolog\u00eda, con cuerpos acad\u00e9micos consolidados que generar\u00e1n redes de colaboraci\u00f3n con investigadores locales, nacionales y del extranjero.<\/span><\/p>\n<p style=\"text-align: justify;\">&nbsp;<\/p>\n<p style=\"text-align: justify;\">&nbsp;<\/p>\n<p style=\"text-align: justify;\"><span style=\"font-size: 14pt; font-family: arial, helvetica, sans-serif;\">REDACCI\u00d3N\/VISI\u00d3N CIUDADANA.<\/span><\/p>\n","protected":false},"excerpt":{"rendered":"<p>La Licenciatura en Biolog\u00eda que oferta la Facultad de Biolog\u00eda de la Universidad Aut\u00f3noma de Sinaloa (UAS), obtuvo recientemente el Nivel 1 por parte de los Comit\u00e9s Interinstitucionales para la Evaluaci\u00f3n de la Educaci\u00f3n Superior (CIEES), por la calidad del programa educativo y de su planta docente. &nbsp; El doctor Vicente Olim\u00f3n Andal\u00f3n, director de [&hellip;]<\/p>\n","protected":false},"author":1,"featured_media":1050,"comment_status":"closed","ping_status":"closed","sticky":false,"template":"","format":"standard","meta":{"footnotes":""},"categories":[13],"tags":[],"ppma_author":[31],"class_list":["post-17161","post","type-post","status-publish","format-standard","has-post-thumbnail","hentry","category-locales"],"aioseo_notices":[],"authors":[{"term_id":31,"user_id":1,"is_guest":0,"slug":"ivan3vino","display_name":"Iv\u00e1n Trevi\u00f1o","avatar_url":{"url":"https:\/\/visionciudadana.com.mx\/oficial\/wp-content\/uploads\/2025\/09\/columna-ivan-Trevino.png","url2x":"https:\/\/visionciudadana.com.mx\/oficial\/wp-content\/uploads\/2025\/09\/columna-ivan-Trevino.png"},"0":null,"1":"","2":"","3":"","4":"","5":"","6":"","7":"","8":""}],"_links":{"self":[{"href":"https:\/\/visionciudadana.com.mx\/oficial\/wp-json\/wp\/v2\/posts\/17161","targetHints":{"allow":["GET"]}}],"collection":[{"href":"https:\/\/visionciudadana.com.mx\/oficial\/wp-json\/wp\/v2\/posts"}],"about":[{"href":"https:\/\/visionciudadana.com.mx\/oficial\/wp-json\/wp\/v2\/types\/post"}],"author":[{"embeddable":true,"href":"https:\/\/visionciudadana.com.mx\/oficial\/wp-json\/wp\/v2\/users\/1"}],"replies":[{"embeddable":true,"href":"https:\/\/visionciudadana.com.mx\/oficial\/wp-json\/wp\/v2\/comments?post=17161"}],"version-history":[{"count":1,"href":"https:\/\/visionciudadana.com.mx\/oficial\/wp-json\/wp\/v2\/posts\/17161\/revisions"}],"predecessor-version":[{"id":30869,"href":"https:\/\/visionciudadana.com.mx\/oficial\/wp-json\/wp\/v2\/posts\/17161\/revisions\/30869"}],"wp:featuredmedia":[{"embeddable":true,"href":"https:\/\/visionciudadana.com.mx\/oficial\/wp-json\/wp\/v2\/media\/1050"}],"wp:attachment":[{"href":"https:\/\/visionciudadana.com.mx\/oficial\/wp-json\/wp\/v2\/media?parent=17161"}],"wp:term":[{"taxonomy":"category","embeddable":true,"href":"https:\/\/visionciudadana.com.mx\/oficial\/wp-json\/wp\/v2\/categories?post=17161"},{"taxonomy":"post_tag","embeddable":true,"href":"https:\/\/visionciudadana.com.mx\/oficial\/wp-json\/wp\/v2\/tags?post=17161"},{"taxonomy":"author","embeddable":true,"href":"https:\/\/visionciudadana.com.mx\/oficial\/wp-json\/wp\/v2\/ppma_author?post=17161"}],"curies":[{"name":"wp","href":"https:\/\/api.w.org\/{rel}","templated":true}]}}