{"id":17157,"date":"2021-07-02T23:10:53","date_gmt":"2021-07-02T23:10:53","guid":{"rendered":"https:\/\/visionciudadana.com.mx\/chio\/2021\/07\/02\/choferes-de-transporte-publico-que-no-portaban-cubrebocas-son-detenidos-por-la-sspytm\/"},"modified":"2025-06-25T00:12:01","modified_gmt":"2025-06-25T00:12:01","slug":"choferes-de-transporte-publico-que-no-portaban-cubrebocas-son-detenidos-por-la-sspytm","status":"publish","type":"post","link":"https:\/\/visionciudadana.com.mx\/oficial\/2021\/07\/02\/choferes-de-transporte-publico-que-no-portaban-cubrebocas-son-detenidos-por-la-sspytm\/","title":{"rendered":"Choferes de transporte p\u00fablico que no portaban cubrebocas; son detenidos por la SSPyTM"},"content":{"rendered":"<p><img fetchpriority=\"high\" decoding=\"async\" src=\"images\/2021\/julio21\/detienen.jpg\" alt=\"detienen\" width=\"780\" height=\"420\" style=\"display: block; margin: 20px auto;\" \/><\/p>\n<div style=\"text-align: justify;\"><span style=\"font-size: 14pt; font-family: arial, helvetica, sans-serif;\">Dando cumplimiento a la Ley Administrativa, y para disminuir el \u00edndice de contagios por Covid, la ma\u00f1ana de hoy fueron detenidas dos unidades del transporte p\u00fablico y sus respectivos choferes, esto por no portar el cubrebocas.&nbsp;<\/span><\/div>\n<div style=\"text-align: justify;\">&nbsp;<\/div>\n<div style=\"text-align: justify;\">&nbsp;<\/div>\n<div style=\"text-align: justify;\"><span style=\"font-size: 14pt; font-family: arial, helvetica, sans-serif;\">Los implicados fueron turnados a Barandilla y ser\u00e1 el Juez quien impondr\u00e1 la sanci\u00f3n correspondiente, as\u00ed lo inform\u00f3 el Director de la Unidad de Vialidad y Tr\u00e1nsito, el Suboficial P\u00e1nfilo Antonio D\u00edaz Ju\u00e1rez.&nbsp;<\/span><\/div>\n<div style=\"text-align: justify;\">&nbsp;<\/div>\n<div style=\"text-align: justify;\">&nbsp;<\/div>\n<div style=\"text-align: justify;\"><span style=\"font-size: 14pt; font-family: arial, helvetica, sans-serif;\">\u201cNos percatamos que ambos conductores, tanto el del VEGAS como el del CIRCUITO SUR no tra\u00edan cubrebocas, fueron interceptados, fueron detenidas tanto las unidades como los conductores, quienes pasaron a Barandilla, ya el Juez de Barandilla pondr\u00e1 la multa o sanci\u00f3n con horas. Ah\u00ed determina el Juez de Barandilla, las unidades las tenemos en los patios de Tr\u00e1nsito, hasta que acrediten la propiedad los propietarios de los camiones, podr\u00e1n liberar las unidades\u201d, comunic\u00f3 D\u00edaz Ju\u00e1rez.<\/span><\/div>\n<div style=\"text-align: justify;\">&nbsp;<\/div>\n<div style=\"text-align: justify;\">&nbsp;<\/div>\n<div style=\"text-align: justify;\"><span style=\"font-size: 14pt; font-family: arial, helvetica, sans-serif;\">Manifest\u00f3 tambi\u00e9n, que esta medida obedece a los acuerdos a los que se lleg\u00f3 con el gremio del transporte p\u00fablico urbano.&nbsp;<\/span><\/div>\n<div style=\"text-align: justify;\">&nbsp;<\/div>\n<div style=\"text-align: justify;\">&nbsp;<\/div>\n<div style=\"text-align: justify;\"><span style=\"font-size: 14pt; font-family: arial, helvetica, sans-serif;\">\u201cTuvimos una reuni\u00f3n con el gremio transportista el Sr. Presidente, Jes\u00fas Estrada Ferreiro, y su servidor llegamos a algunos acuerdos, que sus conductores deben portar el cubrebocas en forma reglamentaria, al no traerlos, pues es una sanci\u00f3n donde se aplica el Art\u00edculo 59, fracci\u00f3n VII del Bando, aqu\u00ed es, para bajar los \u00edndices del Covid 19\u201d, y afirm\u00f3, que el conductor debe poner el ejemplo al usuario, portando el cubrebocas, de otra forma no puede evitar que el usuario ingrese sin \u00e9l, es as\u00ed que ambos deben portarlo.<\/span><\/div>\n<div style=\"text-align: justify;\">&nbsp;<\/div>\n<div style=\"text-align: justify;\">&nbsp;<\/div>\n<div style=\"text-align: justify;\"><span style=\"font-size: 14pt; font-family: arial, helvetica, sans-serif;\">D\u00edaz Ju\u00e1rez, indic\u00f3 que la idea no es detener a las personas, pero se debe trabajar para bajar los \u00edndices de contagio, y para ello redoblar\u00e1n esfuerzos.<\/span><\/div>\n<div style=\"text-align: justify;\"><span style=\"font-size: 14pt; font-family: arial, helvetica, sans-serif;\">\u201cQuisi\u00e9ramos que no hubiera m\u00e1s detenciones, pero tenemos que redoblar esfuerzos tanto el gremio de choferes, los usuarios y la autoridad para bajar los \u00edndices, esto va hacia arriba, el Covid, lo que queremos es prevenirlo y es una forma de prevenir los contagios\u201d, puntualiz\u00f3 el Subinspector, quien explic\u00f3, que es mucha la gente que hace uso del transporte p\u00fablico para trasladarse de un punto a otro, y que portar el cubreboca al interior es una manera de prevenci\u00f3n.&nbsp; &nbsp;<\/span><\/div>\n<div style=\"text-align: justify;\">&nbsp;<\/div>\n<div style=\"text-align: justify;\">&nbsp;<\/div>\n<div style=\"text-align: justify;\"><span style=\"font-size: 14pt; font-family: arial, helvetica, sans-serif;\">Asimismo, ante el aumento de casos en el Municipio, el funcionario explic\u00f3 que ya es del conocimiento de todos que esta medida ha sido dispuesta en todos los lugares p\u00fablicos, como es el caso de los supermercados donde es obligatorio el uso de este aditamento, y todos lo portan de manera reglamentaria, por ello, expres\u00f3 que en el caso del Transporte P\u00fablico no puede ser diferente.<\/span><\/div>\n<div style=\"text-align: justify;\">&nbsp;<\/div>\n<div style=\"text-align: justify;\">&nbsp;<\/div>\n<div style=\"text-align: justify;\"><span style=\"font-size: 14pt; font-family: arial, helvetica, sans-serif;\">\u201cT\u00fa vas a una tienda departamental o a un supermercado y es obligatorio usar cubrebocas, por qu\u00e9 no hacerlo en el cami\u00f3n, tenemos que hacerlo en el cami\u00f3n para qu\u00e9, para bajar los \u00edndices del Covid, porque eso nos preocupa, y tenemos que hacerlo\u201d, puntualiz\u00f3.<\/span><\/div>\n<div style=\"text-align: justify;\">&nbsp;<\/div>\n<div style=\"text-align: justify;\">&nbsp;<\/div>\n<div style=\"text-align: justify;\"><span style=\"font-size: 14pt; font-family: arial, helvetica, sans-serif;\">Por instrucci\u00f3n del Gobierno de Culiac\u00e1n, la SSPyTM continuar\u00e1 desarrollando las estrategias necesarias para mantener a la poblaci\u00f3n segura.<\/span><\/div>\n<div style=\"text-align: justify;\">&nbsp;<\/div>\n<div style=\"text-align: justify;\">&nbsp;<\/div>\n<div style=\"text-align: justify;\">&nbsp;<\/div>\n<div style=\"text-align: justify;\">&nbsp;<\/div>\n<div style=\"text-align: justify;\"><span style=\"font-size: 14pt; font-family: arial, helvetica, sans-serif;\">REDACCI\u00d3N\/VISI\u00d3N CIUDADANA.<\/span><\/div>\n","protected":false},"excerpt":{"rendered":"<p>Dando cumplimiento a la Ley Administrativa, y para disminuir el \u00edndice de contagios por Covid, la ma\u00f1ana de hoy fueron detenidas dos unidades del transporte p\u00fablico y sus respectivos choferes, esto por no portar el cubrebocas.&nbsp; &nbsp; &nbsp; Los implicados fueron turnados a Barandilla y ser\u00e1 el Juez quien impondr\u00e1 la sanci\u00f3n correspondiente, as\u00ed lo [&hellip;]<\/p>\n","protected":false},"author":1,"featured_media":1042,"comment_status":"closed","ping_status":"closed","sticky":false,"template":"","format":"standard","meta":{"footnotes":""},"categories":[24],"tags":[],"ppma_author":[31],"class_list":["post-17157","post","type-post","status-publish","format-standard","has-post-thumbnail","hentry","category-relevantes"],"aioseo_notices":[],"authors":[{"term_id":31,"user_id":1,"is_guest":0,"slug":"ivan3vino","display_name":"Iv\u00e1n Trevi\u00f1o","avatar_url":{"url":"https:\/\/visionciudadana.com.mx\/oficial\/wp-content\/uploads\/2025\/09\/columna-ivan-Trevino.png","url2x":"https:\/\/visionciudadana.com.mx\/oficial\/wp-content\/uploads\/2025\/09\/columna-ivan-Trevino.png"},"0":null,"1":"","2":"","3":"","4":"","5":"","6":"","7":"","8":""}],"_links":{"self":[{"href":"https:\/\/visionciudadana.com.mx\/oficial\/wp-json\/wp\/v2\/posts\/17157","targetHints":{"allow":["GET"]}}],"collection":[{"href":"https:\/\/visionciudadana.com.mx\/oficial\/wp-json\/wp\/v2\/posts"}],"about":[{"href":"https:\/\/visionciudadana.com.mx\/oficial\/wp-json\/wp\/v2\/types\/post"}],"author":[{"embeddable":true,"href":"https:\/\/visionciudadana.com.mx\/oficial\/wp-json\/wp\/v2\/users\/1"}],"replies":[{"embeddable":true,"href":"https:\/\/visionciudadana.com.mx\/oficial\/wp-json\/wp\/v2\/comments?post=17157"}],"version-history":[{"count":1,"href":"https:\/\/visionciudadana.com.mx\/oficial\/wp-json\/wp\/v2\/posts\/17157\/revisions"}],"predecessor-version":[{"id":30873,"href":"https:\/\/visionciudadana.com.mx\/oficial\/wp-json\/wp\/v2\/posts\/17157\/revisions\/30873"}],"wp:featuredmedia":[{"embeddable":true,"href":"https:\/\/visionciudadana.com.mx\/oficial\/wp-json\/wp\/v2\/media\/1042"}],"wp:attachment":[{"href":"https:\/\/visionciudadana.com.mx\/oficial\/wp-json\/wp\/v2\/media?parent=17157"}],"wp:term":[{"taxonomy":"category","embeddable":true,"href":"https:\/\/visionciudadana.com.mx\/oficial\/wp-json\/wp\/v2\/categories?post=17157"},{"taxonomy":"post_tag","embeddable":true,"href":"https:\/\/visionciudadana.com.mx\/oficial\/wp-json\/wp\/v2\/tags?post=17157"},{"taxonomy":"author","embeddable":true,"href":"https:\/\/visionciudadana.com.mx\/oficial\/wp-json\/wp\/v2\/ppma_author?post=17157"}],"curies":[{"name":"wp","href":"https:\/\/api.w.org\/{rel}","templated":true}]}}