{"id":17144,"date":"2021-06-30T22:34:37","date_gmt":"2021-06-30T22:34:37","guid":{"rendered":"https:\/\/visionciudadana.com.mx\/chio\/2021\/06\/30\/culmina-primera-etapa-de-eliminacion-de-contaminacion-visual\/"},"modified":"2025-06-25T00:12:02","modified_gmt":"2025-06-25T00:12:02","slug":"culmina-primera-etapa-de-eliminacion-de-contaminacion-visual","status":"publish","type":"post","link":"https:\/\/visionciudadana.com.mx\/oficial\/2021\/06\/30\/culmina-primera-etapa-de-eliminacion-de-contaminacion-visual\/","title":{"rendered":"culmina primera etapa de eliminaci\u00f3n de contaminaci\u00f3n visual"},"content":{"rendered":"<p style=\"text-align: justify;\"><img decoding=\"async\" src=\"images\/2021\/junio21\/con_retiro.PNG\" alt=\"con retiro\" style=\"display: block; margin: 20px auto;\" \/><\/p>\n<p class=\"x_MsoNormal\" style=\"text-align: justify;\"><span style=\"font-size: 14pt; font-family: arial, helvetica, sans-serif;\">Esta ma\u00f1ana se retir\u00f3 el \u00faltimo espectacular correspondiente a la primera etapa del programa de eliminaci\u00f3n de contaminaci\u00f3n visual; dicha estructura se localizaba por la avenida \u00c1lvaro Obreg\u00f3n sobre un conocido edificio ubicado en la esquina de dicha avenida y la calle Gral. Antonio Rosales.<\/span><\/p>\n<p style=\"text-align: justify;\">&nbsp;<\/p>\n<p class=\"x_MsoNormal\" style=\"text-align: justify;\"><span style=\"font-size: 14pt; font-family: arial, helvetica, sans-serif;\">De este modo se da seguimiento al compromiso que hizo el alcalde Lic. Jes\u00fas Estrada Ferreiro para mejorar las condiciones de visibilidad de la ciudad, sobre todo de las avenidas principales, haci\u00e9ndolas lucir m\u00e1s limpias y ordenadas.<\/span><\/p>\n<p style=\"text-align: justify;\">&nbsp;<\/p>\n<p class=\"x_MsoNormal\" style=\"text-align: justify;\"><span style=\"font-size: 14pt; font-family: arial, helvetica, sans-serif;\">La primera etapa comprendi\u00f3 el retiro de 16 estructuras en el tramo establecido por la mencionada avenida entre la calle Ignacio Zaragoza y hasta el bulevar Leyva Solano, inform\u00f3 el titular de la Coordinaci\u00f3n de Inspecci\u00f3n y Vigilancia, Luis Alfonso Meza Espinoza.<\/span><\/p>\n<p style=\"text-align: justify;\">&nbsp;<\/p>\n<p class=\"x_MsoNormal\" style=\"text-align: justify;\"><span style=\"font-size: 14pt; font-family: arial, helvetica, sans-serif;\">Asimismo, se\u00f1al\u00f3 que se prev\u00e9 que estos trabajos contin\u00faen en breve tiempo, ello con el objetivo de seguir retirando diversas estructuras que se encuentran mal colocadas, o bien, fueron instaladas de manera arbitraria y eliminar as\u00ed riesgos para la ciudadan\u00eda.<\/span><\/p>\n<p style=\"text-align: justify;\">&nbsp;<\/p>\n<p style=\"text-align: justify;\">&nbsp;<\/p>\n<p style=\"text-align: justify;\">&nbsp;<\/p>\n<p style=\"text-align: justify;\"><span style=\"font-size: 14pt; font-family: arial, helvetica, sans-serif;\">REDACCI\u00d3N\/VISI\u00d3N CIUDADANA.<\/span><\/p>\n","protected":false},"excerpt":{"rendered":"<p>Esta ma\u00f1ana se retir\u00f3 el \u00faltimo espectacular correspondiente a la primera etapa del programa de eliminaci\u00f3n de contaminaci\u00f3n visual; dicha estructura se localizaba por la avenida \u00c1lvaro Obreg\u00f3n sobre un conocido edificio ubicado en la esquina de dicha avenida y la calle Gral. Antonio Rosales. &nbsp; De este modo se da seguimiento al compromiso que [&hellip;]<\/p>\n","protected":false},"author":1,"featured_media":1022,"comment_status":"closed","ping_status":"closed","sticky":false,"template":"","format":"standard","meta":{"footnotes":""},"categories":[24],"tags":[],"ppma_author":[31],"class_list":["post-17144","post","type-post","status-publish","format-standard","has-post-thumbnail","hentry","category-relevantes"],"aioseo_notices":[],"authors":[{"term_id":31,"user_id":1,"is_guest":0,"slug":"ivan3vino","display_name":"Iv\u00e1n Trevi\u00f1o","avatar_url":{"url":"https:\/\/visionciudadana.com.mx\/oficial\/wp-content\/uploads\/2025\/09\/columna-ivan-Trevino.png","url2x":"https:\/\/visionciudadana.com.mx\/oficial\/wp-content\/uploads\/2025\/09\/columna-ivan-Trevino.png"},"0":null,"1":"","2":"","3":"","4":"","5":"","6":"","7":"","8":""}],"_links":{"self":[{"href":"https:\/\/visionciudadana.com.mx\/oficial\/wp-json\/wp\/v2\/posts\/17144","targetHints":{"allow":["GET"]}}],"collection":[{"href":"https:\/\/visionciudadana.com.mx\/oficial\/wp-json\/wp\/v2\/posts"}],"about":[{"href":"https:\/\/visionciudadana.com.mx\/oficial\/wp-json\/wp\/v2\/types\/post"}],"author":[{"embeddable":true,"href":"https:\/\/visionciudadana.com.mx\/oficial\/wp-json\/wp\/v2\/users\/1"}],"replies":[{"embeddable":true,"href":"https:\/\/visionciudadana.com.mx\/oficial\/wp-json\/wp\/v2\/comments?post=17144"}],"version-history":[{"count":1,"href":"https:\/\/visionciudadana.com.mx\/oficial\/wp-json\/wp\/v2\/posts\/17144\/revisions"}],"predecessor-version":[{"id":30880,"href":"https:\/\/visionciudadana.com.mx\/oficial\/wp-json\/wp\/v2\/posts\/17144\/revisions\/30880"}],"wp:featuredmedia":[{"embeddable":true,"href":"https:\/\/visionciudadana.com.mx\/oficial\/wp-json\/wp\/v2\/media\/1022"}],"wp:attachment":[{"href":"https:\/\/visionciudadana.com.mx\/oficial\/wp-json\/wp\/v2\/media?parent=17144"}],"wp:term":[{"taxonomy":"category","embeddable":true,"href":"https:\/\/visionciudadana.com.mx\/oficial\/wp-json\/wp\/v2\/categories?post=17144"},{"taxonomy":"post_tag","embeddable":true,"href":"https:\/\/visionciudadana.com.mx\/oficial\/wp-json\/wp\/v2\/tags?post=17144"},{"taxonomy":"author","embeddable":true,"href":"https:\/\/visionciudadana.com.mx\/oficial\/wp-json\/wp\/v2\/ppma_author?post=17144"}],"curies":[{"name":"wp","href":"https:\/\/api.w.org\/{rel}","templated":true}]}}