{"id":17140,"date":"2021-06-30T21:24:49","date_gmt":"2021-06-30T21:24:49","guid":{"rendered":"https:\/\/visionciudadana.com.mx\/chio\/2021\/06\/30\/preside-alcalde-toma-de-protesta-del-nuevo-consejo-directivo-de-ejecutivos-de-ventas-y-mercadotecnia\/"},"modified":"2025-06-25T00:12:03","modified_gmt":"2025-06-25T00:12:03","slug":"preside-alcalde-toma-de-protesta-del-nuevo-consejo-directivo-de-ejecutivos-de-ventas-y-mercadotecnia","status":"publish","type":"post","link":"https:\/\/visionciudadana.com.mx\/oficial\/2021\/06\/30\/preside-alcalde-toma-de-protesta-del-nuevo-consejo-directivo-de-ejecutivos-de-ventas-y-mercadotecnia\/","title":{"rendered":"Preside Alcalde toma de protesta del nuevo Consejo Directivo de Ejecutivos de Ventas y Mercadotecnia"},"content":{"rendered":"<p style=\"text-align: justify;\"><img decoding=\"async\" src=\"images\/2021\/junio21\/preside-alcalda.jpg\" alt=\"preside alcalda\" style=\"display: block; margin: 20px auto;\" \/><\/p>\n<p class=\"x_MsoNormal\" style=\"text-align: justify;\"><span style=\"font-size: 14pt; font-family: arial, helvetica, sans-serif;\">El presidente municipal Lic. Jes\u00fas Estrada Ferreiro, asisti\u00f3 como invitado de honor a la ceremonia de toma de protesta del nuevo Consejo Directivo para el ejercicio social 2021-2022 de Ejecutivos de Ventas y Mercadotecnia, A.C.<\/span><\/p>\n<p style=\"text-align: justify;\">&nbsp;<\/p>\n<p class=\"x_MsoNormal\" style=\"text-align: justify;\"><span style=\"font-size: 14pt; font-family: arial, helvetica, sans-serif;\">Durante el evento, el primer edil felicit\u00f3 a Mario Alberto Medina, presidente saliente, por los logros alcanzado durante su gesti\u00f3n al frente de dicho organismo; asimismo, dese\u00f3 el mayor de los \u00e9xitos a Ricardo Morales, por asumir los retos y la responsabilidad de esta Asociaci\u00f3n por el bien de sus agremiados y el desarrollo comercial del municipio.<\/span><\/p>\n<p style=\"text-align: justify;\">&nbsp;<\/p>\n<p class=\"x_MsoNormal\" style=\"text-align: justify;\"><span style=\"font-size: 14pt; font-family: arial, helvetica, sans-serif;\">Estrada Ferreiro manifest\u00f3 su compromiso y disposici\u00f3n de trabajar estrechamente con representantes de las c\u00e1maras de comercio e iniciativa privada a fin de potencializar los \u00edndices de competitividad de la capital, pues resalt\u00f3 que ello se traduce en la generaci\u00f3n de empleos y mayor estabilidad econ\u00f3mica a favor de las familias culiacanenses.<\/span><\/p>\n<p style=\"text-align: justify;\">&nbsp;<\/p>\n<p class=\"x_MsoNormal\" style=\"text-align: justify;\"><span style=\"font-size: 14pt; font-family: arial, helvetica, sans-serif;\">Finalmente, los exhort\u00f3 a colaborar con la autoridad municipal siendo empresas y ciudadanos responsables, cumpliendo cada uno desde sus trincheras sus obligaciones como contribuyentes, ya que a trav\u00e9s de la captaci\u00f3n de estos recursos es posible ofrecer obras y servicios p\u00fablicos de calidad a la poblaci\u00f3n.<\/span><\/p>\n<p style=\"text-align: justify;\">&nbsp;<\/p>\n<p style=\"text-align: justify;\">&nbsp;<\/p>\n<p style=\"text-align: justify;\"><span style=\"font-size: 14pt; font-family: arial, helvetica, sans-serif;\">REDACCI\u00d3N\/VISI\u00d3N CIUDADANA.<\/span><\/p>\n","protected":false},"excerpt":{"rendered":"<p>El presidente municipal Lic. Jes\u00fas Estrada Ferreiro, asisti\u00f3 como invitado de honor a la ceremonia de toma de protesta del nuevo Consejo Directivo para el ejercicio social 2021-2022 de Ejecutivos de Ventas y Mercadotecnia, A.C. &nbsp; Durante el evento, el primer edil felicit\u00f3 a Mario Alberto Medina, presidente saliente, por los logros alcanzado durante su [&hellip;]<\/p>\n","protected":false},"author":1,"featured_media":1014,"comment_status":"closed","ping_status":"closed","sticky":false,"template":"","format":"standard","meta":{"footnotes":""},"categories":[13],"tags":[],"ppma_author":[31],"class_list":["post-17140","post","type-post","status-publish","format-standard","has-post-thumbnail","hentry","category-locales"],"aioseo_notices":[],"authors":[{"term_id":31,"user_id":1,"is_guest":0,"slug":"ivan3vino","display_name":"Iv\u00e1n Trevi\u00f1o","avatar_url":{"url":"https:\/\/visionciudadana.com.mx\/oficial\/wp-content\/uploads\/2025\/09\/columna-ivan-Trevino.png","url2x":"https:\/\/visionciudadana.com.mx\/oficial\/wp-content\/uploads\/2025\/09\/columna-ivan-Trevino.png"},"0":null,"1":"","2":"","3":"","4":"","5":"","6":"","7":"","8":""}],"_links":{"self":[{"href":"https:\/\/visionciudadana.com.mx\/oficial\/wp-json\/wp\/v2\/posts\/17140","targetHints":{"allow":["GET"]}}],"collection":[{"href":"https:\/\/visionciudadana.com.mx\/oficial\/wp-json\/wp\/v2\/posts"}],"about":[{"href":"https:\/\/visionciudadana.com.mx\/oficial\/wp-json\/wp\/v2\/types\/post"}],"author":[{"embeddable":true,"href":"https:\/\/visionciudadana.com.mx\/oficial\/wp-json\/wp\/v2\/users\/1"}],"replies":[{"embeddable":true,"href":"https:\/\/visionciudadana.com.mx\/oficial\/wp-json\/wp\/v2\/comments?post=17140"}],"version-history":[{"count":1,"href":"https:\/\/visionciudadana.com.mx\/oficial\/wp-json\/wp\/v2\/posts\/17140\/revisions"}],"predecessor-version":[{"id":30884,"href":"https:\/\/visionciudadana.com.mx\/oficial\/wp-json\/wp\/v2\/posts\/17140\/revisions\/30884"}],"wp:featuredmedia":[{"embeddable":true,"href":"https:\/\/visionciudadana.com.mx\/oficial\/wp-json\/wp\/v2\/media\/1014"}],"wp:attachment":[{"href":"https:\/\/visionciudadana.com.mx\/oficial\/wp-json\/wp\/v2\/media?parent=17140"}],"wp:term":[{"taxonomy":"category","embeddable":true,"href":"https:\/\/visionciudadana.com.mx\/oficial\/wp-json\/wp\/v2\/categories?post=17140"},{"taxonomy":"post_tag","embeddable":true,"href":"https:\/\/visionciudadana.com.mx\/oficial\/wp-json\/wp\/v2\/tags?post=17140"},{"taxonomy":"author","embeddable":true,"href":"https:\/\/visionciudadana.com.mx\/oficial\/wp-json\/wp\/v2\/ppma_author?post=17140"}],"curies":[{"name":"wp","href":"https:\/\/api.w.org\/{rel}","templated":true}]}}