{"id":17139,"date":"2021-06-30T21:17:51","date_gmt":"2021-06-30T21:17:51","guid":{"rendered":"https:\/\/visionciudadana.com.mx\/chio\/2021\/06\/30\/la-licenciatura-en-turismo-es-reconocida-como-un-programa-de-calidad\/"},"modified":"2025-06-25T00:12:03","modified_gmt":"2025-06-25T00:12:03","slug":"la-licenciatura-en-turismo-es-reconocida-como-un-programa-de-calidad","status":"publish","type":"post","link":"https:\/\/visionciudadana.com.mx\/oficial\/2021\/06\/30\/la-licenciatura-en-turismo-es-reconocida-como-un-programa-de-calidad\/","title":{"rendered":"La Licenciatura en Turismo es reconocida como un programa de calidad  \u00a0"},"content":{"rendered":"<p><img fetchpriority=\"high\" decoding=\"async\" src=\"images\/2021\/lic-turismo.jpg\" alt=\"lic turismo\" width=\"780\" height=\"420\" style=\"display: block; margin-left: auto; margin-right: auto;\" \/><\/p>\n<p>&nbsp;<\/p>\n<p class=\"x_MsoNormal\" style=\"text-align: justify;\"><span lang=\"ES-US\" style=\"font-size: 14pt; font-family: arial, helvetica, sans-serif;\">Por cumplir con los est\u00e1ndares de calidad educativa, los Comit\u00e9s Interinstitucionales para la Evaluaci\u00f3n de la Educaci\u00f3n Superior A.C. (CIEES), otorgaron la acreditaci\u00f3n a la Licenciatura en Turismo, que se imparte en la Escuela de Turismo, en Mazatl\u00e1n, adscrita a la Universidad Aut\u00f3noma de Sinaloa (UAS).<\/span><\/p>\n<p style=\"text-align: justify;\">&nbsp;<\/p>\n<p class=\"x_MsoNormal\" style=\"text-align: justify;\"><span lang=\"ES-US\" style=\"font-size: 14pt; font-family: arial, helvetica, sans-serif;\">Bertha Elena F\u00e9lix Colado, directora de la unidad acad\u00e9mica, inform\u00f3 que por cumplir satisfactoriamente con los requisitos acad\u00e9micos establecidos, el organismo evaluador entreg\u00f3 este reconocimiento el pasado mes de abril, el cual, establece que la instituci\u00f3n cumple con los indicadores para la formaci\u00f3n de profesionistas en el \u00e1rea, y cuya vigencia es de tres a\u00f1os.<\/span><\/p>\n<p style=\"text-align: justify;\">&nbsp;<\/p>\n<p class=\"x_MsoNormal\" style=\"text-align: justify;\"><span lang=\"ES-US\" style=\"font-size: 14pt; font-family: arial, helvetica, sans-serif;\">\u00abEsta evaluaci\u00f3n la hacen organismos externos, es muy importante debido a la naturaleza de nuestra instituci\u00f3n que est\u00e1 en la b\u00fasqueda de la mejora continua de todos los programas educativos, m\u00e1s a\u00fan al tratarse del \u00e1rea de turismo por la importancia que imprime para la econom\u00eda local\u00bb, se\u00f1al\u00f3.<\/span><\/p>\n<p style=\"text-align: justify;\">&nbsp;<\/p>\n<p class=\"x_MsoNormal\" style=\"text-align: justify;\"><span lang=\"ES-US\" style=\"font-size: 14pt; font-family: arial, helvetica, sans-serif;\">La funcionaria universitaria consider\u00f3 el proceso de acreditaci\u00f3n como una experiencia enriquecedora que fortalece el trabajo acad\u00e9mico, aspecto fundamental para una instituci\u00f3n educativa como la UAS.<\/span><\/p>\n<p style=\"text-align: justify;\">&nbsp;<\/p>\n<p class=\"x_MsoNormal\" style=\"text-align: justify;\"><span lang=\"ES-US\" style=\"font-size: 14pt; font-family: arial, helvetica, sans-serif;\">En ese sentido este ejercicio cumple con la cultura de la evaluaci\u00f3n que caracteriza a la Universidad, y cuya finalidad es propiciar la mejora continua de sus programas acad\u00e9micos y seguir formando profesionistas con altos est\u00e1ndares educativos.<\/span><\/p>\n<p style=\"text-align: justify;\">&nbsp;<\/p>\n<p class=\"x_MsoNormal\" style=\"text-align: justify;\"><span lang=\"ES-US\" style=\"font-size: 14pt; font-family: arial, helvetica, sans-serif;\">\u00abHa sido muy enriquecedor, gratificante y profesionalmente muy satisfactorio saber que los alumnos que egresan van a salir con esta fortaleza. En la localidad, como bien sabemos, la importancia del turismo es cada vez mayor, y creo que es muy importante que los alumnos salgan con esta fortaleza en su formaci\u00f3n, es importante para todos los \u00e1mbitos, pero a nivel local, es una gran oportunidad y va a respaldar la formaci\u00f3n de los egresados de la Licenciatura en Turismo\u00bb, expres\u00f3.<\/span><\/p>\n<p style=\"text-align: justify;\">&nbsp;<\/p>\n<p class=\"x_MsoNormal\" style=\"text-align: justify;\"><span lang=\"ES-US\" style=\"font-size: 14pt; font-family: arial, helvetica, sans-serif;\">F\u00e9lix Colado mencion\u00f3 que contar con un programa educativo acreditado es muestra del trabajo constante que eleva los indicadores de calidad acad\u00e9mica, por ello, valor\u00f3 el apoyo recibido por parte de la administraci\u00f3n central y de su equipo de trabajo.<\/span><\/p>\n<p style=\"text-align: justify;\">&nbsp;<\/p>\n<p class=\"x_MsoNormal\" style=\"text-align: justify;\"><span lang=\"ES-US\" style=\"font-size: 14pt; font-family: arial, helvetica, sans-serif;\">\u00abReconozco todo el trabajo que la administraci\u00f3n central, encabezada por nuestro rector, el doctor Jes\u00fas Madue\u00f1a Molina, ha impulsado, y a su vez nos ha proporcionado las herramientas para que nosotros podamos seguir trabajando constantemente en este tipo de actividades\u00bb, declar\u00f3.<\/span><\/p>\n<p style=\"text-align: justify;\">&nbsp;<\/p>\n<p style=\"text-align: justify;\">&nbsp;<\/p>\n<p style=\"text-align: justify;\"><span style=\"font-size: 14pt; font-family: arial, helvetica, sans-serif;\">REDACCI\u00d3N\/VISI\u00d3N CIUDADANA.<\/span><\/p>\n<div style=\"text-align: justify;\"><span style=\"font-size: 14pt; font-family: arial, helvetica, sans-serif;\"><\/span><\/div>\n","protected":false},"excerpt":{"rendered":"<p>&nbsp; Por cumplir con los est\u00e1ndares de calidad educativa, los Comit\u00e9s Interinstitucionales para la Evaluaci\u00f3n de la Educaci\u00f3n Superior A.C. (CIEES), otorgaron la acreditaci\u00f3n a la Licenciatura en Turismo, que se imparte en la Escuela de Turismo, en Mazatl\u00e1n, adscrita a la Universidad Aut\u00f3noma de Sinaloa (UAS). &nbsp; Bertha Elena F\u00e9lix Colado, directora de la [&hellip;]<\/p>\n","protected":false},"author":1,"featured_media":1012,"comment_status":"closed","ping_status":"closed","sticky":false,"template":"","format":"standard","meta":{"footnotes":""},"categories":[13],"tags":[],"ppma_author":[31],"class_list":["post-17139","post","type-post","status-publish","format-standard","has-post-thumbnail","hentry","category-locales"],"aioseo_notices":[],"authors":[{"term_id":31,"user_id":1,"is_guest":0,"slug":"ivan3vino","display_name":"Iv\u00e1n Trevi\u00f1o","avatar_url":{"url":"https:\/\/visionciudadana.com.mx\/oficial\/wp-content\/uploads\/2025\/09\/columna-ivan-Trevino.png","url2x":"https:\/\/visionciudadana.com.mx\/oficial\/wp-content\/uploads\/2025\/09\/columna-ivan-Trevino.png"},"0":null,"1":"","2":"","3":"","4":"","5":"","6":"","7":"","8":""}],"_links":{"self":[{"href":"https:\/\/visionciudadana.com.mx\/oficial\/wp-json\/wp\/v2\/posts\/17139","targetHints":{"allow":["GET"]}}],"collection":[{"href":"https:\/\/visionciudadana.com.mx\/oficial\/wp-json\/wp\/v2\/posts"}],"about":[{"href":"https:\/\/visionciudadana.com.mx\/oficial\/wp-json\/wp\/v2\/types\/post"}],"author":[{"embeddable":true,"href":"https:\/\/visionciudadana.com.mx\/oficial\/wp-json\/wp\/v2\/users\/1"}],"replies":[{"embeddable":true,"href":"https:\/\/visionciudadana.com.mx\/oficial\/wp-json\/wp\/v2\/comments?post=17139"}],"version-history":[{"count":1,"href":"https:\/\/visionciudadana.com.mx\/oficial\/wp-json\/wp\/v2\/posts\/17139\/revisions"}],"predecessor-version":[{"id":30885,"href":"https:\/\/visionciudadana.com.mx\/oficial\/wp-json\/wp\/v2\/posts\/17139\/revisions\/30885"}],"wp:featuredmedia":[{"embeddable":true,"href":"https:\/\/visionciudadana.com.mx\/oficial\/wp-json\/wp\/v2\/media\/1012"}],"wp:attachment":[{"href":"https:\/\/visionciudadana.com.mx\/oficial\/wp-json\/wp\/v2\/media?parent=17139"}],"wp:term":[{"taxonomy":"category","embeddable":true,"href":"https:\/\/visionciudadana.com.mx\/oficial\/wp-json\/wp\/v2\/categories?post=17139"},{"taxonomy":"post_tag","embeddable":true,"href":"https:\/\/visionciudadana.com.mx\/oficial\/wp-json\/wp\/v2\/tags?post=17139"},{"taxonomy":"author","embeddable":true,"href":"https:\/\/visionciudadana.com.mx\/oficial\/wp-json\/wp\/v2\/ppma_author?post=17139"}],"curies":[{"name":"wp","href":"https:\/\/api.w.org\/{rel}","templated":true}]}}