{"id":17127,"date":"2021-06-28T22:51:18","date_gmt":"2021-06-28T22:51:18","guid":{"rendered":"https:\/\/visionciudadana.com.mx\/chio\/2021\/06\/28\/continua-retoque-de-pintura-en-accesos-del-parque-culiacan-87\/"},"modified":"2025-06-25T00:12:03","modified_gmt":"2025-06-25T00:12:03","slug":"continua-retoque-de-pintura-en-accesos-del-parque-culiacan-87","status":"publish","type":"post","link":"https:\/\/visionciudadana.com.mx\/oficial\/2021\/06\/28\/continua-retoque-de-pintura-en-accesos-del-parque-culiacan-87\/","title":{"rendered":"Contin\u00faa retoque de pintura en accesos del Parque Culiac\u00e1n 87"},"content":{"rendered":"<p><img decoding=\"async\" src=\"images\/2021\/junio21\/retoque.jpg\" alt=\"retoque\" style=\"display: block; margin: 20px auto;\" \/><\/p>\n<p class=\"x_MsoNormal\" style=\"text-align: justify;\"><span style=\"font-size: 14pt; font-family: arial, helvetica, sans-serif;\">Los accesos al Parque Culiac\u00e1n 87 siguen siendo mejorados por el Gobierno de Culiac\u00e1n, esto para lograr un tr\u00e1nsito m\u00e1s seguro, tanto de peatones como automovilistas.<\/span><\/p>\n<p style=\"text-align: justify;\">&nbsp;<\/p>\n<p class=\"x_MsoNormal\" style=\"text-align: justify;\"><span style=\"font-size: 14pt; font-family: arial, helvetica, sans-serif;\">Personal de la Direcci\u00f3n de Movilidad del municipio continu\u00f3 con labores de pintado de flechas de direcci\u00f3n en dichos accesos, as\u00ed como delimitaci\u00f3n de carriles, donde aplic\u00f3 pintura de tr\u00e1fico amarilla.<\/span><\/p>\n<p style=\"text-align: justify;\">&nbsp;<\/p>\n<p class=\"x_MsoNormal\" style=\"text-align: justify;\"><span style=\"font-size: 14pt; font-family: arial, helvetica, sans-serif;\">La instrucci\u00f3n del alcalde Lic. Jes\u00fas Estrada Ferreiro es continuar con las acciones de mantenimiento en todo el espacio recreativo que diariamente es visitado por culiacanenses que gustan de practicar deporte o pasar tiempo de sana convivencia familiar.<\/span><\/p>\n<p style=\"text-align: justify;\">&nbsp;<\/p>\n<p style=\"text-align: justify;\"><span style=\"font-size: 14pt; font-family: arial, helvetica, sans-serif;\">REDACCI\u00d3N\/VISI\u00d3N CIUDADANA.<\/span><\/p>\n","protected":false},"excerpt":{"rendered":"<p>Los accesos al Parque Culiac\u00e1n 87 siguen siendo mejorados por el Gobierno de Culiac\u00e1n, esto para lograr un tr\u00e1nsito m\u00e1s seguro, tanto de peatones como automovilistas. &nbsp; Personal de la Direcci\u00f3n de Movilidad del municipio continu\u00f3 con labores de pintado de flechas de direcci\u00f3n en dichos accesos, as\u00ed como delimitaci\u00f3n de carriles, donde aplic\u00f3 pintura [&hellip;]<\/p>\n","protected":false},"author":1,"featured_media":993,"comment_status":"closed","ping_status":"closed","sticky":false,"template":"","format":"standard","meta":{"footnotes":""},"categories":[13],"tags":[],"ppma_author":[31],"class_list":["post-17127","post","type-post","status-publish","format-standard","has-post-thumbnail","hentry","category-locales"],"aioseo_notices":[],"authors":[{"term_id":31,"user_id":1,"is_guest":0,"slug":"ivan3vino","display_name":"Iv\u00e1n Trevi\u00f1o","avatar_url":{"url":"https:\/\/visionciudadana.com.mx\/oficial\/wp-content\/uploads\/2025\/09\/columna-ivan-Trevino.png","url2x":"https:\/\/visionciudadana.com.mx\/oficial\/wp-content\/uploads\/2025\/09\/columna-ivan-Trevino.png"},"0":null,"1":"","2":"","3":"","4":"","5":"","6":"","7":"","8":""}],"_links":{"self":[{"href":"https:\/\/visionciudadana.com.mx\/oficial\/wp-json\/wp\/v2\/posts\/17127","targetHints":{"allow":["GET"]}}],"collection":[{"href":"https:\/\/visionciudadana.com.mx\/oficial\/wp-json\/wp\/v2\/posts"}],"about":[{"href":"https:\/\/visionciudadana.com.mx\/oficial\/wp-json\/wp\/v2\/types\/post"}],"author":[{"embeddable":true,"href":"https:\/\/visionciudadana.com.mx\/oficial\/wp-json\/wp\/v2\/users\/1"}],"replies":[{"embeddable":true,"href":"https:\/\/visionciudadana.com.mx\/oficial\/wp-json\/wp\/v2\/comments?post=17127"}],"version-history":[{"count":1,"href":"https:\/\/visionciudadana.com.mx\/oficial\/wp-json\/wp\/v2\/posts\/17127\/revisions"}],"predecessor-version":[{"id":30892,"href":"https:\/\/visionciudadana.com.mx\/oficial\/wp-json\/wp\/v2\/posts\/17127\/revisions\/30892"}],"wp:featuredmedia":[{"embeddable":true,"href":"https:\/\/visionciudadana.com.mx\/oficial\/wp-json\/wp\/v2\/posts\/993"}],"wp:attachment":[{"href":"https:\/\/visionciudadana.com.mx\/oficial\/wp-json\/wp\/v2\/media?parent=17127"}],"wp:term":[{"taxonomy":"category","embeddable":true,"href":"https:\/\/visionciudadana.com.mx\/oficial\/wp-json\/wp\/v2\/categories?post=17127"},{"taxonomy":"post_tag","embeddable":true,"href":"https:\/\/visionciudadana.com.mx\/oficial\/wp-json\/wp\/v2\/tags?post=17127"},{"taxonomy":"author","embeddable":true,"href":"https:\/\/visionciudadana.com.mx\/oficial\/wp-json\/wp\/v2\/ppma_author?post=17127"}],"curies":[{"name":"wp","href":"https:\/\/api.w.org\/{rel}","templated":true}]}}