{"id":17125,"date":"2021-06-28T22:37:12","date_gmt":"2021-06-28T22:37:12","guid":{"rendered":"https:\/\/visionciudadana.com.mx\/chio\/2021\/06\/28\/comunicacion-permanente-con-el-sector-empresarial-de-ahome-gerardo-vargas-landeros\/"},"modified":"2025-06-25T00:12:04","modified_gmt":"2025-06-25T00:12:04","slug":"comunicacion-permanente-con-el-sector-empresarial-de-ahome-gerardo-vargas-landeros","status":"publish","type":"post","link":"https:\/\/visionciudadana.com.mx\/oficial\/2021\/06\/28\/comunicacion-permanente-con-el-sector-empresarial-de-ahome-gerardo-vargas-landeros\/","title":{"rendered":"Comunicaci\u00f3n permanente con el sector empresarial de Ahome: Gerardo Vargas Landeros"},"content":{"rendered":"<p style=\"text-align: justify;\">&nbsp;<\/p>\n<p><img fetchpriority=\"high\" decoding=\"async\" src=\"images\/2021\/junio21\/gerard.jpg\" alt=\"gerard\" width=\"780\" height=\"420\" style=\"display: block; margin: 20px auto;\" \/><\/p>\n<p class=\"x_s6\" style=\"text-align: justify;\"><span style=\"font-size: 14pt; font-family: arial, helvetica, sans-serif;\"><span class=\"x_s4\"><span class=\"x_bumpedFont15\">A s<\/span><\/span><span class=\"x_s4\"><span class=\"x_bumpedFont15\">ostener una comunicaci\u00f3n permanente, buscar la realizaci\u00f3n de la planta<\/span><\/span><span class=\"x_s4\"><span class=\"x_bumpedFont15\">&nbsp;de Fertilizantes GPO en&nbsp;<\/span><\/span><span class=\"x_s4\"><span class=\"x_bumpedFont15\">Topolobampo<\/span><\/span><span class=\"x_s4\"><span class=\"x_bumpedFont15\">&nbsp;y &nbsp;llevar a cabo&nbsp;<\/span><\/span><span class=\"x_s4\"><span class=\"x_bumpedFont15\">una&nbsp;<\/span><\/span><span class=\"x_s4\"><span class=\"x_bumpedFont15\">reingiener\u00eda<\/span><\/span><span class=\"x_s4\"><span class=\"x_bumpedFont15\">administrativa en los procesos y tr\u00e1mites municipales<\/span><\/span><span class=\"x_s4\"><span class=\"x_bumpedFont15\">, se comprometi\u00f3&nbsp;<\/span><\/span><span class=\"x_s4\"><span class=\"x_bumpedFont15\">Gerardo Vargas Landeros, preside<\/span><\/span><span class=\"x_s4\"><span class=\"x_bumpedFont15\">nte municipal electo<\/span><\/span><span class=\"x_s4\"><span class=\"x_bumpedFont15\">&nbsp;de Ahome con los integrantes de la&nbsp;<\/span><\/span><span class=\"x_s4\"><span class=\"x_bumpedFont15\">Intercamaral<\/span><\/span><span class=\"x_s4\"><span class=\"x_bumpedFont15\">&nbsp;de Los Mochis.<\/span><\/span><\/span><\/p>\n<p style=\"text-align: justify;\">&nbsp;<\/p>\n<p class=\"x_s6\" style=\"text-align: justify;\"><span style=\"font-size: 14pt; font-family: arial, helvetica, sans-serif;\"><span class=\"x_s4\"><span class=\"x_bumpedFont15\">En el marco de una reuni\u00f3n con el<\/span><\/span><span class=\"x_s4\"><span class=\"x_bumpedFont15\">&nbsp;sector empresarial, encabezados su dirigente H\u00e9ctor Ibarra y Fernando Valenzuela, presidente de la C\u00e1mara de la Construcci\u00f3n,&nbsp;<\/span><\/span><span class=\"x_s4\"><span class=\"x_bumpedFont15\">quien a nombre de los agremiados<\/span><\/span><span class=\"x_s4\"><span class=\"x_bumpedFont15\">&nbsp;de la&nbsp;<\/span><\/span><span class=\"x_s4\"><span class=\"x_bumpedFont15\">Intercamaral<\/span><\/span><span class=\"x_s4\"><span class=\"x_bumpedFont15\">expres\u00f3&nbsp;<\/span><\/span><span class=\"x_s4\"><span class=\"x_bumpedFont15\">las&nbsp;<\/span><\/span><span class=\"x_s4\"><span class=\"x_bumpedFont15\">necesidades que est\u00e1<\/span><\/span><span class=\"x_s4\"><span class=\"x_bumpedFont15\">&nbsp;viviendo&nbsp;<\/span><\/span><span class=\"x_s4\"><span class=\"x_bumpedFont15\">este sector&nbsp;<\/span><\/span><span class=\"x_s4\"><span class=\"x_bumpedFont15\">y sobre todo&nbsp;<\/span><\/span><span class=\"x_s4\"><span class=\"x_bumpedFont15\">pidi\u00f3 cr<\/span><\/span><span class=\"x_s4\"><span class=\"x_bumpedFont15\">e<\/span><\/span><span class=\"x_s4\"><span class=\"x_bumpedFont15\">ar<\/span><\/span><span class=\"x_s4\"><span class=\"x_bumpedFont15\">&nbsp;un puente de<\/span><\/span><span class=\"x_s4\"><span class=\"x_bumpedFont15\">&nbsp;comunicaci\u00f3n con&nbsp;<\/span><\/span><span class=\"x_s4\"><span class=\"x_bumpedFont15\">pr\u00f3ximo A<\/span><\/span><span class=\"x_s4\"><span class=\"x_bumpedFont15\">lcalde de Los Mochis.<\/span><\/span><\/span><\/p>\n<p style=\"text-align: justify;\">&nbsp;<\/p>\n<p class=\"x_s6\" style=\"text-align: justify;\"><span style=\"font-size: 14pt; font-family: arial, helvetica, sans-serif;\"><span class=\"x_s4\"><span class=\"x_bumpedFont15\">E<\/span><\/span><span class=\"x_s4\"><span class=\"x_bumpedFont15\">l presidente municipal electo de Ahome agradeci\u00f3 a los integrantes de la&nbsp;<\/span><\/span><span class=\"x_s4\"><span class=\"x_bumpedFont15\">Intercamaral<\/span><\/span><span class=\"x_s4\"><span class=\"x_bumpedFont15\">&nbsp;de Los Mochis la oportunidad de intercam<\/span><\/span><span class=\"x_s4\"><span class=\"x_bumpedFont15\">biar opiniones,&nbsp;<\/span><\/span><span class=\"x_s4\"><span class=\"x_bumpedFont15\">as\u00ed como tambi\u00e9n, estableci\u00f3&nbsp;<\/span><\/span><span class=\"x_s4\"><span class=\"x_bumpedFont15\">que se hizo el&nbsp;<\/span><\/span><span class=\"x_s4\"><span class=\"x_bumpedFont15\">compromiso formal de reuni<\/span><\/span><span class=\"x_s4\"><span class=\"x_bumpedFont15\">rse<\/span><\/span><span class=\"x_s4\"><span class=\"x_bumpedFont15\">, cuando menos una vez por mes.&nbsp;<\/span><\/span><span class=\"x_s4\"><span class=\"x_bumpedFont15\">\u201c<\/span><\/span><span class=\"x_s4\"><span class=\"x_bumpedFont15\">Les ofrec\u00ed que fuera, no nada m\u00e1s hasta el 1 de noviembre, sino que fuera antes,<\/span><\/span><span class=\"x_s4\"><span class=\"x_bumpedFont15\">para que las acciones que la&nbsp;<\/span><\/span><span class=\"x_s4\"><span class=\"x_bumpedFont15\">Intercamaral<\/span><\/span><span class=\"x_s4\"><span class=\"x_bumpedFont15\">&nbsp;proponga se incluyan dentro del Plan Municipal de D<\/span><\/span><span class=\"x_s4\"><span class=\"x_bumpedFont15\">esarrollo<\/span><\/span><span class=\"x_s4\"><span class=\"x_bumpedFont15\">&nbsp;2021-2024\u201d.<\/span><\/span><\/span><\/p>\n<p style=\"text-align: justify;\">&nbsp;<\/p>\n<p class=\"x_s6\" style=\"text-align: justify;\"><span style=\"font-size: 14pt; font-family: arial, helvetica, sans-serif;\"><span class=\"x_s4\"><span class=\"x_bumpedFont15\">Respecto a la Planta de F<\/span><\/span><span class=\"x_s4\"><span class=\"x_bumpedFont15\">ertilizantes GPO,&nbsp;<\/span><\/span><span class=\"x_s4\"><span class=\"x_bumpedFont15\">Gerardo Vargas Landeros indic\u00f3 que<\/span><\/span><span class=\"x_s4\"><span class=\"x_bumpedFont15\">&nbsp;\u201c<\/span><\/span><span class=\"x_s4\"><span class=\"x_bumpedFont15\">es algo que tenemos que buscar<\/span><\/span><span class=\"x_s4\"><span class=\"x_bumpedFont15\">&nbsp;que sea una realidad. Voy regresando de la ciudad de M\u00e9xico, en donde estuve platicando con algunas autoridades federales, y se va a tratar de agilizar las cosas, &nbsp;cumpliendo con la L<\/span><\/span><span class=\"x_s4\"><span class=\"x_bumpedFont15\">ey, eso es muy importante\u201d. T<\/span><\/span><span class=\"x_s4\"><span class=\"x_bumpedFont15\">ambi\u00e9n, he estado en comunicaci\u00f3n con el director de la empresa de Fertilizantes para que conjuntamente, ellos, nosotros y sector empresarial poder empujar las cosas lo m\u00e1s pronto posible<\/span><\/span><\/span><\/p>\n<p style=\"text-align: justify;\">&nbsp;<\/p>\n<p class=\"x_s6\" style=\"text-align: justify;\"><span style=\"font-size: 14pt; font-family: arial, helvetica, sans-serif;\"><span class=\"x_s4\"><span class=\"x_bumpedFont15\">Record\u00f3&nbsp;<\/span><\/span><span class=\"x_s4\"><span class=\"x_bumpedFont15\">que cuando era Secretario General de Gobierno&nbsp;<\/span><\/span><span class=\"x_s4\"><span class=\"x_bumpedFont15\">se trajo esa planta a<\/span><\/span><span class=\"x_s4\"><span class=\"x_bumpedFont15\">l municipio y&nbsp;<\/span><\/span><span class=\"x_s4\"><span class=\"x_bumpedFont15\">tambi\u00e9n se incorpor\u00f3&nbsp;<\/span><\/span><span class=\"x_s4\"><span class=\"x_bumpedFont15\">el gas<\/span><\/span><span class=\"x_s4\"><span class=\"x_bumpedFont15\">natural, y lo&nbsp;<\/span><\/span><span class=\"x_s4\"><span class=\"x_bumpedFont15\">que queremos y debemos de hacer&nbsp;<\/span><\/span><span class=\"x_s4\"><span class=\"x_bumpedFont15\">es m\u00ed<\/span><\/span><span class=\"x_s4\"><span class=\"x_bumpedFont15\">nimamente&nbsp;<\/span><\/span><span class=\"x_s4\"><span class=\"x_bumpedFont15\">de<\/span><\/span><span class=\"x_s4\"><span class=\"x_bumpedFont15\">tonarlo, pero, no nadas m\u00e1s para&nbsp;<\/span><\/span><span class=\"x_s4\"><span class=\"x_bumpedFont15\">Topolobampo<\/span><\/span><span class=\"x_s4\"><span class=\"x_bumpedFont15\">, sino para todo el&nbsp;<\/span><\/span><span class=\"x_s4\"><span class=\"x_bumpedFont15\">municipio de Ahome\u201d.&nbsp;<\/span><\/span><\/span><\/p>\n<p style=\"text-align: justify;\">&nbsp;<\/p>\n<p class=\"x_s6\" style=\"text-align: justify;\"><span style=\"font-size: 14pt; font-family: arial, helvetica, sans-serif;\"><span class=\"x_s4\"><span class=\"x_bumpedFont15\">L<\/span><\/span><span class=\"x_s4\"><span class=\"x_bumpedFont15\">os miembros de la&nbsp;<\/span><\/span><span class=\"x_s4\"><span class=\"x_bumpedFont15\">Intercamaral<\/span><\/span><span class=\"x_s4\"><span class=\"x_bumpedFont15\">&nbsp;traen acercamiento con empresas muy importantes que est\u00e1n esperando la soluci\u00f3n a la planta de fertilizantes para poder venir a&nbsp;<\/span><\/span><span class=\"x_s4\"><span class=\"x_bumpedFont15\">a<\/span><\/span><span class=\"x_s4\"><span class=\"x_bumpedFont15\">sentarse en el munici<\/span><\/span><span class=\"x_s4\"><span class=\"x_bumpedFont15\">pio, afirm\u00f3 el presidente municipal electo de Ahome.<\/span><\/span><\/span><\/p>\n<p style=\"text-align: justify;\">&nbsp;<\/p>\n<p class=\"x_s6\" style=\"text-align: justify;\"><span style=\"font-size: 14pt; font-family: arial, helvetica, sans-serif;\"><span class=\"x_s4\"><span class=\"x_bumpedFont15\">\u201cC<\/span><\/span><span class=\"x_s4\"><span class=\"x_bumpedFont15\">oincidimos que Ahome es el polo de desarrollo industrial del Estado de Sinaloa, as\u00ed que nos comprometimos a agarrarnos de la mano, todos juntos, ir transitando con lo industriales, con los agricultores, con los constructores, con los restauranteros, con todos los que forman la&nbsp;<\/span><\/span><span class=\"x_s4\"><span class=\"x_bumpedFont15\">intercamaral<\/span><\/span><span class=\"x_s4\"><span class=\"x_bumpedFont15\">&nbsp;para hace<\/span><\/span><span class=\"x_s4\"><span class=\"x_bumpedFont15\">r las cosas juntos\u201d, puntualiz\u00f3.<\/span><\/span><\/span><\/p>\n<p style=\"text-align: justify;\">&nbsp;<\/p>\n<p class=\"x_s6\" style=\"text-align: justify;\"><span style=\"font-size: 14pt; font-family: arial, helvetica, sans-serif;\"><span class=\"x_s4\"><span class=\"x_bumpedFont15\">En torno, a los tr\u00e1mites que se lleva<\/span><\/span><span class=\"x_s4\"><span class=\"x_bumpedFont15\">n a cabo en el municipio Gerardo Vargas destac\u00f3<\/span><\/span><span class=\"x_s4\"><span class=\"x_bumpedFont15\">&nbsp;que&nbsp;<\/span><\/span><span class=\"x_s4\"><span class=\"x_bumpedFont15\">participar\u00e1 conjuntamente con la&nbsp;<\/span><\/span><span class=\"x_s4\"><span class=\"x_bumpedFont15\">intercamaral<\/span><\/span><span class=\"x_s4\"><span class=\"x_bumpedFont15\">&nbsp;en los temas de una&nbsp;<\/span><\/span><span class=\"x_s4\"><span class=\"x_bumpedFont15\">reingiener\u00eda<\/span><\/span><span class=\"x_s4\"><span class=\"x_bumpedFont15\">&nbsp;de los procesos y &nbsp;tr\u00e1mites que se llevan a cabo al interior del ayuntamiento,&nbsp;<\/span><\/span><span class=\"x_s4\"><span class=\"x_bumpedFont15\">\u201c<\/span><\/span><span class=\"x_s4\"><span class=\"x_bumpedFont15\">vamos a trabajar junto con ellos para delinear cuales son los procesos que debemos de seguir, y agilizar de una manera impo<\/span><\/span><span class=\"x_s4\"><span class=\"x_bumpedFont15\">rtante todos esos tr\u00e1mites, para&nbsp;<\/span><\/span><span class=\"x_s4\"><span class=\"x_bumpedFont15\">lograr que la econom\u00eda se detone m\u00e1s r\u00e1pido, que la econom\u00eda empiece a funcionar m\u00e1s r\u00e1pido, y sobre todo en ese sentido de confianza entre la autoridad y la clase empresarial, vayamos mejorando desde ahorita para que a partir del 1 de noviembre, pues las cosas se hagan como los&nbsp;<\/span><\/span><span class=\"x_s4\"><span class=\"x_bumpedFont15\">ah<\/span><\/span><span class=\"x_s4\"><span class=\"x_bumpedFont15\">omens<\/span><\/span><span class=\"x_s4\"><span class=\"x_bumpedFont15\">es<\/span><\/span><span class=\"x_s4\"><span class=\"x_bumpedFont15\">, lo merec<\/span><\/span><span class=\"x_s4\"><span class=\"x_bumpedFont15\">emos\u201d.<\/span><\/span><\/span><\/p>\n<p style=\"text-align: justify;\">&nbsp;<\/p>\n<p style=\"text-align: justify;\">&nbsp;<\/p>\n<p style=\"text-align: justify;\"><span style=\"font-size: 14pt; font-family: arial, helvetica, sans-serif;\">REDACCI\u00d3N\/VISI\u00d3N CIUDADANA.<\/span><\/p>\n","protected":false},"excerpt":{"rendered":"<p>&nbsp; A sostener una comunicaci\u00f3n permanente, buscar la realizaci\u00f3n de la planta&nbsp;de Fertilizantes GPO en&nbsp;Topolobampo&nbsp;y &nbsp;llevar a cabo&nbsp;una&nbsp;reingiener\u00edaadministrativa en los procesos y tr\u00e1mites municipales, se comprometi\u00f3&nbsp;Gerardo Vargas Landeros, presidente municipal electo&nbsp;de Ahome con los integrantes de la&nbsp;Intercamaral&nbsp;de Los Mochis. &nbsp; En el marco de una reuni\u00f3n con el&nbsp;sector empresarial, encabezados su dirigente H\u00e9ctor Ibarra y [&hellip;]<\/p>\n","protected":false},"author":1,"featured_media":571,"comment_status":"closed","ping_status":"closed","sticky":false,"template":"","format":"standard","meta":{"footnotes":""},"categories":[24],"tags":[],"ppma_author":[31],"class_list":["post-17125","post","type-post","status-publish","format-standard","has-post-thumbnail","hentry","category-relevantes"],"aioseo_notices":[],"authors":[{"term_id":31,"user_id":1,"is_guest":0,"slug":"ivan3vino","display_name":"Iv\u00e1n Trevi\u00f1o","avatar_url":{"url":"https:\/\/visionciudadana.com.mx\/oficial\/wp-content\/uploads\/2025\/09\/columna-ivan-Trevino.png","url2x":"https:\/\/visionciudadana.com.mx\/oficial\/wp-content\/uploads\/2025\/09\/columna-ivan-Trevino.png"},"0":null,"1":"","2":"","3":"","4":"","5":"","6":"","7":"","8":""}],"_links":{"self":[{"href":"https:\/\/visionciudadana.com.mx\/oficial\/wp-json\/wp\/v2\/posts\/17125","targetHints":{"allow":["GET"]}}],"collection":[{"href":"https:\/\/visionciudadana.com.mx\/oficial\/wp-json\/wp\/v2\/posts"}],"about":[{"href":"https:\/\/visionciudadana.com.mx\/oficial\/wp-json\/wp\/v2\/types\/post"}],"author":[{"embeddable":true,"href":"https:\/\/visionciudadana.com.mx\/oficial\/wp-json\/wp\/v2\/users\/1"}],"replies":[{"embeddable":true,"href":"https:\/\/visionciudadana.com.mx\/oficial\/wp-json\/wp\/v2\/comments?post=17125"}],"version-history":[{"count":1,"href":"https:\/\/visionciudadana.com.mx\/oficial\/wp-json\/wp\/v2\/posts\/17125\/revisions"}],"predecessor-version":[{"id":30894,"href":"https:\/\/visionciudadana.com.mx\/oficial\/wp-json\/wp\/v2\/posts\/17125\/revisions\/30894"}],"wp:featuredmedia":[{"embeddable":true,"href":"https:\/\/visionciudadana.com.mx\/oficial\/wp-json\/wp\/v2\/posts\/571"}],"wp:attachment":[{"href":"https:\/\/visionciudadana.com.mx\/oficial\/wp-json\/wp\/v2\/media?parent=17125"}],"wp:term":[{"taxonomy":"category","embeddable":true,"href":"https:\/\/visionciudadana.com.mx\/oficial\/wp-json\/wp\/v2\/categories?post=17125"},{"taxonomy":"post_tag","embeddable":true,"href":"https:\/\/visionciudadana.com.mx\/oficial\/wp-json\/wp\/v2\/tags?post=17125"},{"taxonomy":"author","embeddable":true,"href":"https:\/\/visionciudadana.com.mx\/oficial\/wp-json\/wp\/v2\/ppma_author?post=17125"}],"curies":[{"name":"wp","href":"https:\/\/api.w.org\/{rel}","templated":true}]}}