{"id":17124,"date":"2021-06-28T22:25:41","date_gmt":"2021-06-28T22:25:41","guid":{"rendered":"https:\/\/visionciudadana.com.mx\/chio\/2021\/06\/28\/exige-pri-que-gobierno-de-morena-cumpla-con-pacientes-con-cancer\/"},"modified":"2025-06-25T00:12:04","modified_gmt":"2025-06-25T00:12:04","slug":"exige-pri-que-gobierno-de-morena-cumpla-con-pacientes-con-cancer","status":"publish","type":"post","link":"https:\/\/visionciudadana.com.mx\/oficial\/2021\/06\/28\/exige-pri-que-gobierno-de-morena-cumpla-con-pacientes-con-cancer\/","title":{"rendered":"Exige PRI que gobierno de Morena cumpla con pacientes con c\u00e1ncer"},"content":{"rendered":"<p style=\"text-align: justify;\">&nbsp;<\/p>\n<p style=\"text-align: justify;\"><img fetchpriority=\"high\" decoding=\"async\" src=\"images\/2021\/junio21\/que_morena.PNG\" alt=\"que morena\" width=\"504\" height=\"282\" style=\"display: block; margin: 20px auto;\" \/><\/p>\n<div style=\"text-align: justify;\">\n<p class=\"x_MsoNormal\"><span style=\"font-size: 14pt; font-family: arial, helvetica, sans-serif;\">Acusar a las familias de ni\u00f1os con c\u00e1ncer de ser parte de un complot golpista es inhumano, indignante y representa un insulto para la tragedia que est\u00e1n viviendo, afirm\u00f3 Alejandro Moreno, presidente del Comit\u00e9 Ejecutivo Nacional (CEN) del Partido Revolucionario Institucional (PRI).<\/span><\/p>\n<p>&nbsp;<\/p>\n<p class=\"x_MsoNormal\"><span style=\"font-size: 14pt; font-family: arial, helvetica, sans-serif;\">Tras las declaraciones del subsecretario de salud, Hugo L\u00f3pez-Gatell Ram\u00edrez, que tachan de golpistas a quienes leg\u00edtimamente exigen al Estado Mexicano el cumplimiento de sus obligaciones con los pacientes con c\u00e1ncer, el l\u00edder del partido tricolor demand\u00f3 que el gobierno de Morena asuma inmediatamente su papel y d\u00e9 soluci\u00f3n, en vez de intentar ocultar su ineptitud.&nbsp;<\/span><\/p>\n<p>&nbsp;<\/p>\n<p class=\"x_MsoNormal\"><span style=\"font-size: 14pt; font-family: arial, helvetica, sans-serif;\">A su vez, en la cuenta oficial de este instituto pol\u00edtico se calific\u00f3 como \u201cmiserables\u201d los se\u00f1alamientos realizados por el funcionario y se pidi\u00f3, por la salud de los mexicanos, separarlo de su cargo, de manera inmediata.<\/span><\/p>\n<p>&nbsp;<\/p>\n<p class=\"x_MsoNormal\"><span style=\"font-size: 14pt; font-family: arial, helvetica, sans-serif;\">Por su parte, Carolina Viggiano, Secretaria General del CEN del PRI, asever\u00f3 que a diario mueren 6 ni\u00f1os con c\u00e1ncer en M\u00e9xico y para nuestro gobierno esto significa \u00abser golpista\u00bb, al tiempo que cuestion\u00f3 cu\u00e1ntos tratamientos se comprar\u00edan con los m\u00e1s de 500 millones de pesos que se usar\u00e1n en la consulta popular.<\/span><\/p>\n<\/div>\n<p style=\"text-align: justify;\">&nbsp;<\/p>\n<p style=\"text-align: justify;\">&nbsp;<\/p>\n<p style=\"text-align: justify;\"><span style=\"font-size: 14pt; font-family: arial, helvetica, sans-serif;\">REDACCI\u00d3N\/VISI\u00d3N CIUDADANA.<\/span><\/p>\n","protected":false},"excerpt":{"rendered":"<p>&nbsp; Acusar a las familias de ni\u00f1os con c\u00e1ncer de ser parte de un complot golpista es inhumano, indignante y representa un insulto para la tragedia que est\u00e1n viviendo, afirm\u00f3 Alejandro Moreno, presidente del Comit\u00e9 Ejecutivo Nacional (CEN) del Partido Revolucionario Institucional (PRI). &nbsp; Tras las declaraciones del subsecretario de salud, Hugo L\u00f3pez-Gatell Ram\u00edrez, que [&hellip;]<\/p>\n","protected":false},"author":1,"featured_media":988,"comment_status":"closed","ping_status":"closed","sticky":false,"template":"","format":"standard","meta":{"footnotes":""},"categories":[13],"tags":[],"ppma_author":[31],"class_list":["post-17124","post","type-post","status-publish","format-standard","has-post-thumbnail","hentry","category-locales"],"aioseo_notices":[],"authors":[{"term_id":31,"user_id":1,"is_guest":0,"slug":"ivan3vino","display_name":"Iv\u00e1n Trevi\u00f1o","avatar_url":{"url":"https:\/\/visionciudadana.com.mx\/oficial\/wp-content\/uploads\/2025\/09\/columna-ivan-Trevino.png","url2x":"https:\/\/visionciudadana.com.mx\/oficial\/wp-content\/uploads\/2025\/09\/columna-ivan-Trevino.png"},"0":null,"1":"","2":"","3":"","4":"","5":"","6":"","7":"","8":""}],"_links":{"self":[{"href":"https:\/\/visionciudadana.com.mx\/oficial\/wp-json\/wp\/v2\/posts\/17124","targetHints":{"allow":["GET"]}}],"collection":[{"href":"https:\/\/visionciudadana.com.mx\/oficial\/wp-json\/wp\/v2\/posts"}],"about":[{"href":"https:\/\/visionciudadana.com.mx\/oficial\/wp-json\/wp\/v2\/types\/post"}],"author":[{"embeddable":true,"href":"https:\/\/visionciudadana.com.mx\/oficial\/wp-json\/wp\/v2\/users\/1"}],"replies":[{"embeddable":true,"href":"https:\/\/visionciudadana.com.mx\/oficial\/wp-json\/wp\/v2\/comments?post=17124"}],"version-history":[{"count":1,"href":"https:\/\/visionciudadana.com.mx\/oficial\/wp-json\/wp\/v2\/posts\/17124\/revisions"}],"predecessor-version":[{"id":30895,"href":"https:\/\/visionciudadana.com.mx\/oficial\/wp-json\/wp\/v2\/posts\/17124\/revisions\/30895"}],"wp:featuredmedia":[{"embeddable":true,"href":"https:\/\/visionciudadana.com.mx\/oficial\/wp-json\/wp\/v2\/posts\/988"}],"wp:attachment":[{"href":"https:\/\/visionciudadana.com.mx\/oficial\/wp-json\/wp\/v2\/media?parent=17124"}],"wp:term":[{"taxonomy":"category","embeddable":true,"href":"https:\/\/visionciudadana.com.mx\/oficial\/wp-json\/wp\/v2\/categories?post=17124"},{"taxonomy":"post_tag","embeddable":true,"href":"https:\/\/visionciudadana.com.mx\/oficial\/wp-json\/wp\/v2\/tags?post=17124"},{"taxonomy":"author","embeddable":true,"href":"https:\/\/visionciudadana.com.mx\/oficial\/wp-json\/wp\/v2\/ppma_author?post=17124"}],"curies":[{"name":"wp","href":"https:\/\/api.w.org\/{rel}","templated":true}]}}