{"id":17123,"date":"2021-06-28T21:49:14","date_gmt":"2021-06-28T21:49:14","guid":{"rendered":"https:\/\/visionciudadana.com.mx\/chio\/2021\/06\/28\/ruben-rocha-moya-nombra-a-alejandro-higuera-osuna-como-su-secretario-particular\/"},"modified":"2025-06-25T00:12:04","modified_gmt":"2025-06-25T00:12:04","slug":"ruben-rocha-moya-nombra-a-alejandro-higuera-osuna-como-su-secretario-particular","status":"publish","type":"post","link":"https:\/\/visionciudadana.com.mx\/oficial\/2021\/06\/28\/ruben-rocha-moya-nombra-a-alejandro-higuera-osuna-como-su-secretario-particular\/","title":{"rendered":"Rub\u00e9n Rocha Moya nombra a Alejandro Higuera Osuna como su Secretario Particular"},"content":{"rendered":"<p style=\"text-align: justify;\"><img fetchpriority=\"high\" decoding=\"async\" src=\"images\/2021\/junio21\/alejandro-higue.jpg\" alt=\"alejandro higue\" width=\"780\" height=\"420\" style=\"display: block; margin: 20px auto;\" \/><\/p>\n<p style=\"text-align: justify;\">&nbsp;<\/p>\n<p class=\"x_MsoNormal\" style=\"text-align: justify;\"><span style=\"font-size: 14pt; font-family: arial, helvetica, sans-serif;\">El gobernador electo Rub\u00e9n Rocha Moya extendi\u00f3 este mediod\u00eda el primer nombramiento oficial al designar al excoordinador general de la campa\u00f1a por la gubernatura, Lic. Alejandro Higuera Osuna, como su Secretario Particular, quien entre otras funciones tendr\u00e1 la responsabilidad de organizar, supervisar, planear y llevar la agenda del pr\u00f3ximo mandatario estatal con miras al proceso de entrega-recepci\u00f3n de la administraci\u00f3n estatal.<\/span><\/p>\n<p style=\"text-align: justify;\">&nbsp;<\/p>\n<p class=\"x_MsoNormal\" style=\"text-align: justify;\"><span style=\"font-size: 14pt; font-family: arial, helvetica, sans-serif;\">Como coordinador general de campa\u00f1a, Higuera Osuna dirigi\u00f3 la organizaci\u00f3n de 340 eventos encabezados por el entonces candidato Rub\u00e9n Rocha Moya, en los que se recorri\u00f3 4 veces todo el estado, y de los cuales, 18 fueron foros tem\u00e1ticos y sectoriales, 47 encuentros con medios y ruedas de prensa, 6 caravanas, una moto rodada, 2 cabalgatas y 3 debates con candidatas y candidatos, as\u00ed como los cierres en los 18 municipios.<\/span><\/p>\n<p style=\"text-align: justify;\">&nbsp;<\/p>\n<p class=\"x_MsoNormal\" style=\"text-align: justify;\"><span style=\"font-size: 14pt; font-family: arial, helvetica, sans-serif;\">Alejandro Higuera Osuna naci\u00f3 el 17 de febrero de 1963 en Mazatl\u00e1n; es Profesor de Educaci\u00f3n Primaria por La Escuela Normal del Sur de Sinaloa;&nbsp; Licenciado en Contadur\u00eda P\u00fablica por la Universidad Aut\u00f3noma de Sinaloa; se ha desempe\u00f1ado como Presidente Municipal de Mazatl\u00e1n en tres periodos: 1999-2001, 2005-2007 y 2011-2013; fue diputado federal en las LIX y LVI legislaturas y diputado local en las LIX y LIII legislaturas del estado.<\/span><\/p>\n<p style=\"text-align: justify;\">&nbsp;<\/p>\n<p style=\"text-align: justify;\">&nbsp;<\/p>\n<p style=\"text-align: justify;\"><span style=\"font-size: 14pt; font-family: arial, helvetica, sans-serif;\">REDACCI\u00d3N\/VISI\u00d3N CIUDADANA.<\/span><\/p>\n","protected":false},"excerpt":{"rendered":"<p>&nbsp; El gobernador electo Rub\u00e9n Rocha Moya extendi\u00f3 este mediod\u00eda el primer nombramiento oficial al designar al excoordinador general de la campa\u00f1a por la gubernatura, Lic. Alejandro Higuera Osuna, como su Secretario Particular, quien entre otras funciones tendr\u00e1 la responsabilidad de organizar, supervisar, planear y llevar la agenda del pr\u00f3ximo mandatario estatal con miras al [&hellip;]<\/p>\n","protected":false},"author":1,"featured_media":986,"comment_status":"closed","ping_status":"closed","sticky":false,"template":"","format":"standard","meta":{"footnotes":""},"categories":[24],"tags":[],"ppma_author":[31],"class_list":["post-17123","post","type-post","status-publish","format-standard","has-post-thumbnail","hentry","category-relevantes"],"aioseo_notices":[],"authors":[{"term_id":31,"user_id":1,"is_guest":0,"slug":"ivan3vino","display_name":"Iv\u00e1n Trevi\u00f1o","avatar_url":{"url":"https:\/\/visionciudadana.com.mx\/oficial\/wp-content\/uploads\/2025\/09\/columna-ivan-Trevino.png","url2x":"https:\/\/visionciudadana.com.mx\/oficial\/wp-content\/uploads\/2025\/09\/columna-ivan-Trevino.png"},"0":null,"1":"","2":"","3":"","4":"","5":"","6":"","7":"","8":""}],"_links":{"self":[{"href":"https:\/\/visionciudadana.com.mx\/oficial\/wp-json\/wp\/v2\/posts\/17123","targetHints":{"allow":["GET"]}}],"collection":[{"href":"https:\/\/visionciudadana.com.mx\/oficial\/wp-json\/wp\/v2\/posts"}],"about":[{"href":"https:\/\/visionciudadana.com.mx\/oficial\/wp-json\/wp\/v2\/types\/post"}],"author":[{"embeddable":true,"href":"https:\/\/visionciudadana.com.mx\/oficial\/wp-json\/wp\/v2\/users\/1"}],"replies":[{"embeddable":true,"href":"https:\/\/visionciudadana.com.mx\/oficial\/wp-json\/wp\/v2\/comments?post=17123"}],"version-history":[{"count":1,"href":"https:\/\/visionciudadana.com.mx\/oficial\/wp-json\/wp\/v2\/posts\/17123\/revisions"}],"predecessor-version":[{"id":30896,"href":"https:\/\/visionciudadana.com.mx\/oficial\/wp-json\/wp\/v2\/posts\/17123\/revisions\/30896"}],"wp:featuredmedia":[{"embeddable":true,"href":"https:\/\/visionciudadana.com.mx\/oficial\/wp-json\/wp\/v2\/posts\/986"}],"wp:attachment":[{"href":"https:\/\/visionciudadana.com.mx\/oficial\/wp-json\/wp\/v2\/media?parent=17123"}],"wp:term":[{"taxonomy":"category","embeddable":true,"href":"https:\/\/visionciudadana.com.mx\/oficial\/wp-json\/wp\/v2\/categories?post=17123"},{"taxonomy":"post_tag","embeddable":true,"href":"https:\/\/visionciudadana.com.mx\/oficial\/wp-json\/wp\/v2\/tags?post=17123"},{"taxonomy":"author","embeddable":true,"href":"https:\/\/visionciudadana.com.mx\/oficial\/wp-json\/wp\/v2\/ppma_author?post=17123"}],"curies":[{"name":"wp","href":"https:\/\/api.w.org\/{rel}","templated":true}]}}