{"id":17122,"date":"2021-06-28T21:43:50","date_gmt":"2021-06-28T21:43:50","guid":{"rendered":"https:\/\/visionciudadana.com.mx\/chio\/2021\/06\/28\/el-programa-fabricas-comunitarias-de-block-beneficio-a-mas-de-4-mil-familias-rosy-fuentes\/"},"modified":"2025-06-25T00:12:04","modified_gmt":"2025-06-25T00:12:04","slug":"el-programa-fabricas-comunitarias-de-block-beneficio-a-mas-de-4-mil-familias-rosy-fuentes","status":"publish","type":"post","link":"https:\/\/visionciudadana.com.mx\/oficial\/2021\/06\/28\/el-programa-fabricas-comunitarias-de-block-beneficio-a-mas-de-4-mil-familias-rosy-fuentes\/","title":{"rendered":"El programa F\u00e1bricas Comunitarias de Block benefici\u00f3 a m\u00e1s de 4 mil familias: Rosy Fuentes"},"content":{"rendered":"<p class=\"x_MsoNormal\"><i><span lang=\"ES-TRAD\">&nbsp;<img fetchpriority=\"high\" decoding=\"async\" src=\"images\/2021\/junio21\/clausuran.jpg\" alt=\"clausuran\" width=\"780\" height=\"420\" style=\"display: block; margin: 20px auto;\" \/><\/span><\/i><\/p>\n<p>&nbsp;<\/p>\n<p class=\"x_gmail-Bullet\" style=\"text-align: justify;\"><span style=\"font-size: 14pt; font-family: arial, helvetica, sans-serif;\">Con gran orgullo la presidenta del Sistema DIF Sinaloa, Rosy Fuentes de Ordaz clausur\u00f3 el programa de F\u00e1bricas Comunitarias de Block, el cual fue reconocido a nivel nacional por ser un modelo \u00fanico en el pa\u00eds y de gran impacto en comunidades.<\/span><\/p>\n<p style=\"text-align: justify;\">&nbsp;<\/p>\n<p class=\"x_gmail-Bullet\" style=\"text-align: justify;\"><span style=\"font-size: 14pt; font-family: arial, helvetica, sans-serif;\">Rosy Fuentes de Ordaz llev\u00f3 a cabo la clausura del programa en compa\u00f1\u00eda del presidente municipal de Elota, Geovani Escobar Manjarrez, la presidenta municipal de DIF, Brenda G\u00f3mez y el director de DIF Sinaloa, Ulises Medrano N\u00fa\u00f1ez, quienes han trabajado de manera coordinada para el desarrollo y crecimiento de las f\u00e1bricas de block.<\/span><\/p>\n<p style=\"text-align: justify;\">&nbsp;<\/p>\n<p class=\"x_gmail-Bullet\" style=\"text-align: justify;\"><span style=\"font-size: 14pt; font-family: arial, helvetica, sans-serif;\">Rosy Fuentes comparti\u00f3 que en esta administraci\u00f3n con este proyecto se fabricaron en total de 2 millones de piezas de block con una inversi\u00f3n de m\u00e1s de 27 millones de pesos, benefici\u00e1ndose a m\u00e1s de 4 mil familias de diferentes comunidades.<\/span><\/p>\n<p style=\"text-align: justify;\">&nbsp;<\/p>\n<p class=\"x_gmail-Bullet\" style=\"text-align: justify;\"><span style=\"font-size: 14pt; font-family: arial, helvetica, sans-serif;\">La presidenta del DI agradeci\u00f3 el apoyo que el gobernador, Quirino Ordaz Coppel les ha brindado para poder impulsar a las familias sinaloenses.<\/span><\/p>\n<p style=\"text-align: justify;\">&nbsp;<\/p>\n<p class=\"x_gmail-Bullet\" style=\"text-align: justify;\"><span style=\"font-size: 14pt; font-family: arial, helvetica, sans-serif;\">\u201cEste programa nos enorgullece much\u00edsimo, hemos ganado premios a nivel nacional, el \u00e9xito de estas f\u00e1bricas de block ha sido su gente\u201d.<\/span><\/p>\n<p style=\"text-align: justify;\">&nbsp;<\/p>\n<p class=\"x_gmail-Bullet\" style=\"text-align: justify;\"><span style=\"font-size: 14pt; font-family: arial, helvetica, sans-serif;\">Reconoci\u00f3 tambi\u00e9n el trabajo y esfuerzo de las familias que han formado parte de las f\u00e1bricas, programa que ha contribuido al fortalecimiento de la convivencia de quienes viven en las comunidades.<\/span><\/p>\n<p style=\"text-align: justify;\">&nbsp;<\/p>\n<p class=\"x_gmail-Bullet\" style=\"text-align: justify;\"><span style=\"font-size: 14pt; font-family: arial, helvetica, sans-serif;\">Por su parte el alcalde de Elota, Geovani Escobar agradeci\u00f3 el apoyo que DIF Sinaloa ha brindado a este municipio y que con la fabricaci\u00f3n de block se contribuir\u00e1 a reducir la carencia de una vivienda digna en las familias con mayor necesidad.<\/span><\/p>\n<p style=\"text-align: justify;\">&nbsp;<\/p>\n<p class=\"x_gmail-Bullet\" style=\"text-align: justify;\"><span style=\"font-size: 14pt; font-family: arial, helvetica, sans-serif;\">Este es un programa que fue activado en esta administraci\u00f3n y que ha ganado el primer lugar a nivel nacional en el 2019 en el Encuentro Nacional de Alimentaci\u00f3n y Desarrollo Comunitario.<\/span><\/p>\n<p style=\"text-align: justify;\">&nbsp;<\/p>\n<p class=\"x_gmail-Bullet\" style=\"text-align: justify;\"><span style=\"font-size: 14pt; font-family: arial, helvetica, sans-serif;\">Las F\u00e1bricas Comunitarias de Block oper\u00f3 de la siguiente manera: se realiz\u00f3 un diagn\u00f3stico en las comunidades de aquellas familias con carencia por acceso a una vivienda digna, se conformaron comit\u00e9s, se brind\u00f3 la capacitaci\u00f3n necesaria al grupo de trabajo y DIF Sinaloa prest\u00f3 la m\u00e1quina para la fabricaci\u00f3n del block.<\/span><\/p>\n<p style=\"text-align: justify;\">&nbsp;<\/p>\n<p class=\"x_gmail-Bullet\" style=\"text-align: justify;\"><span style=\"font-size: 14pt; font-family: arial, helvetica, sans-serif;\">Adem\u00e1s, se les apoy\u00f3 con todos los insumos, (cemento, sellador, arena, material el\u00e9ctrico, pala, carrucha, manguera, tarimas) y se les gu\u00edo durante todo el proceso, ya que son las propias familias quienes aportan el 100% de la mano de obra.<\/span><\/p>\n<p style=\"text-align: justify;\">&nbsp;<\/p>\n<p style=\"text-align: justify;\">&nbsp;<\/p>\n<p style=\"text-align: justify;\"><span style=\"font-size: 14pt; font-family: arial, helvetica, sans-serif;\">REDACCI\u00d3N\/VISI\u00d3N CIUDADANA.<\/span><\/p>\n","protected":false},"excerpt":{"rendered":"<p>&nbsp; &nbsp; Con gran orgullo la presidenta del Sistema DIF Sinaloa, Rosy Fuentes de Ordaz clausur\u00f3 el programa de F\u00e1bricas Comunitarias de Block, el cual fue reconocido a nivel nacional por ser un modelo \u00fanico en el pa\u00eds y de gran impacto en comunidades. &nbsp; Rosy Fuentes de Ordaz llev\u00f3 a cabo la clausura del [&hellip;]<\/p>\n","protected":false},"author":1,"featured_media":984,"comment_status":"closed","ping_status":"closed","sticky":false,"template":"","format":"standard","meta":{"footnotes":""},"categories":[13],"tags":[],"ppma_author":[31],"class_list":["post-17122","post","type-post","status-publish","format-standard","has-post-thumbnail","hentry","category-locales"],"aioseo_notices":[],"authors":[{"term_id":31,"user_id":1,"is_guest":0,"slug":"ivan3vino","display_name":"Iv\u00e1n Trevi\u00f1o","avatar_url":{"url":"https:\/\/visionciudadana.com.mx\/oficial\/wp-content\/uploads\/2025\/09\/columna-ivan-Trevino.png","url2x":"https:\/\/visionciudadana.com.mx\/oficial\/wp-content\/uploads\/2025\/09\/columna-ivan-Trevino.png"},"0":null,"1":"","2":"","3":"","4":"","5":"","6":"","7":"","8":""}],"_links":{"self":[{"href":"https:\/\/visionciudadana.com.mx\/oficial\/wp-json\/wp\/v2\/posts\/17122","targetHints":{"allow":["GET"]}}],"collection":[{"href":"https:\/\/visionciudadana.com.mx\/oficial\/wp-json\/wp\/v2\/posts"}],"about":[{"href":"https:\/\/visionciudadana.com.mx\/oficial\/wp-json\/wp\/v2\/types\/post"}],"author":[{"embeddable":true,"href":"https:\/\/visionciudadana.com.mx\/oficial\/wp-json\/wp\/v2\/users\/1"}],"replies":[{"embeddable":true,"href":"https:\/\/visionciudadana.com.mx\/oficial\/wp-json\/wp\/v2\/comments?post=17122"}],"version-history":[{"count":1,"href":"https:\/\/visionciudadana.com.mx\/oficial\/wp-json\/wp\/v2\/posts\/17122\/revisions"}],"predecessor-version":[{"id":30897,"href":"https:\/\/visionciudadana.com.mx\/oficial\/wp-json\/wp\/v2\/posts\/17122\/revisions\/30897"}],"wp:featuredmedia":[{"embeddable":true,"href":"https:\/\/visionciudadana.com.mx\/oficial\/wp-json\/wp\/v2\/posts\/984"}],"wp:attachment":[{"href":"https:\/\/visionciudadana.com.mx\/oficial\/wp-json\/wp\/v2\/media?parent=17122"}],"wp:term":[{"taxonomy":"category","embeddable":true,"href":"https:\/\/visionciudadana.com.mx\/oficial\/wp-json\/wp\/v2\/categories?post=17122"},{"taxonomy":"post_tag","embeddable":true,"href":"https:\/\/visionciudadana.com.mx\/oficial\/wp-json\/wp\/v2\/tags?post=17122"},{"taxonomy":"author","embeddable":true,"href":"https:\/\/visionciudadana.com.mx\/oficial\/wp-json\/wp\/v2\/ppma_author?post=17122"}],"curies":[{"name":"wp","href":"https:\/\/api.w.org\/{rel}","templated":true}]}}