{"id":17121,"date":"2021-06-28T21:36:16","date_gmt":"2021-06-28T21:36:16","guid":{"rendered":"https:\/\/visionciudadana.com.mx\/chio\/2021\/06\/28\/rosy-fuentes-lleva-programa-recreativo-para-personas-con-discapacidad-a-la-isla-de-la-piedra\/"},"modified":"2025-06-25T00:12:04","modified_gmt":"2025-06-25T00:12:04","slug":"rosy-fuentes-lleva-programa-recreativo-para-personas-con-discapacidad-a-la-isla-de-la-piedra","status":"publish","type":"post","link":"https:\/\/visionciudadana.com.mx\/oficial\/2021\/06\/28\/rosy-fuentes-lleva-programa-recreativo-para-personas-con-discapacidad-a-la-isla-de-la-piedra\/","title":{"rendered":"Rosy Fuentes lleva programa recreativo para personas con discapacidad a la Isla de la Piedra"},"content":{"rendered":"<p>&nbsp;<\/p>\n<p class=\"x_MsoNormal\" align=\"center\"><b><span lang=\"ES-TRAD\"><img fetchpriority=\"high\" decoding=\"async\" src=\"images\/2021\/junio21\/playa-inclu.jpg\" alt=\"playa inclu\" width=\"780\" height=\"420\" style=\"display: block; margin: 20px auto;\" \/>&nbsp;<\/span><\/b><\/p>\n<p class=\"x_MsoNormal\" style=\"text-align: justify;\"><span lang=\"ES-TRAD\" style=\"font-size: 14pt; font-family: arial, helvetica, sans-serif;\">Acompa\u00f1ada de la presidenta del DIF municipal, Gabriela Pe\u00f1a Chico y el director de DIF Sinaloa, Ulises Medrano N\u00fa\u00f1ez se adentraron al mar para llevar acabo la actividad recreativa la cual se vivi\u00f3 con mucha alegr\u00eda.<\/span><\/p>\n<p>&nbsp;<\/p>\n<p class=\"x_MsoNormal\" style=\"text-align: justify;\"><span lang=\"ES-TRAD\" style=\"font-size: 14pt; font-family: arial, helvetica, sans-serif;\">Este programa de Recreaci\u00f3n Social para Personas con Discapacidad, est\u00e1 alineado al modelo de inclusi\u00f3n para una Vida Digna que opera DIF Sinaloa y en los pr\u00f3ximos meses se llevar\u00e1 tambi\u00e9n a otras playas del estado.<\/span><\/p>\n<p>&nbsp;<\/p>\n<p class=\"x_MsoNormal\" style=\"text-align: justify;\"><span lang=\"ES-TRAD\" style=\"font-size: 14pt; font-family: arial, helvetica, sans-serif;\">Lorena, de 29 a\u00f1os expres\u00f3 que desde hace 20 a\u00f1os no ten\u00eda la oportunidad disfrutar el mar, de sus olas por lo que agradeci\u00f3 a Rosy Fuentes que hayan implementado este programa de inclusi\u00f3n.<\/span><\/p>\n<p style=\"text-align: justify;\">&nbsp;<\/p>\n<p class=\"x_MsoNormal\" style=\"text-align: justify;\"><span lang=\"ES-TRAD\" style=\"font-size: 14pt; font-family: arial, helvetica, sans-serif;\">\u00abFue muy bonito volver a sentir el mar, estuve siempre cuidada, espero sea un programa que&nbsp;&nbsp; pueda estarse realizando de manera constante\u201d.<\/span><\/p>\n<p style=\"text-align: justify;\">&nbsp;<\/p>\n<p class=\"x_MsoNormal\" style=\"text-align: justify;\"><span lang=\"ES-TRAD\" style=\"font-size: 14pt; font-family: arial, helvetica, sans-serif;\">Por su parte la presidenta de DIF Sinaloa dijo que es un programa de gran impacto, ya que hay personas con discapacidad que no ten\u00edan la oportunidad de disfrutar el mar, por lo que en esta ocasi\u00f3n recibieron los beneficios del mar, as\u00ed como vivir un momento divertido al lado de sus familias.<\/span><\/p>\n<p style=\"text-align: justify;\">&nbsp;<\/p>\n<p class=\"x_MsoNormal\" style=\"text-align: justify;\"><span lang=\"ES-TRAD\" style=\"font-size: 14pt; font-family: arial, helvetica, sans-serif;\">\u201cEstuvimos felices en esta playa incluyente, les da la oportunidad a quienes no pueden ba\u00f1arse en el mar hacerlo de una manera segura\u201d expres\u00f3.<\/span><\/p>\n<p style=\"text-align: justify;\">&nbsp;<\/p>\n<p class=\"x_MsoNormal\" style=\"text-align: justify;\"><span lang=\"ES-TRAD\" style=\"font-size: 14pt; font-family: arial, helvetica, sans-serif;\">Estas actividades se realizan con planeaci\u00f3n y seguridad de acuerdo a los protocolos de las autoridades.<\/span><\/p>\n<p style=\"text-align: justify;\">&nbsp;<\/p>\n<p class=\"x_MsoNormal\" style=\"text-align: justify;\"><span lang=\"ES-TRAD\" style=\"font-size: 14pt; font-family: arial, helvetica, sans-serif;\">Playas Incluyentes es un programa en el que se visitan distintas playas del estado que consiste en llevar equipo anfibio: sillas anfibias de adulto e infantiles.<\/span><\/p>\n<p style=\"text-align: justify;\">&nbsp;<\/p>\n<p class=\"x_MsoNormal\" style=\"text-align: justify;\"><span lang=\"ES-TRAD\" style=\"font-size: 14pt; font-family: arial, helvetica, sans-serif;\">Tambi\u00e9n se llevan andaderas y muletas anfibias, as\u00ed como chalecos salvavidas que permiten que los beneficiados disfruten del mar de manera segura.<\/span><\/p>\n<p style=\"text-align: justify;\">&nbsp;<\/p>\n<p class=\"x_MsoNormal\" style=\"text-align: justify;\"><span lang=\"ES-TRAD\" style=\"font-size: 14pt; font-family: arial, helvetica, sans-serif;\">Sistema DIF reitera a todas las familias sinaloenses su compromiso para que todas las personas tengan asegurada su movilidad y accesibilidad a los distintos espacios p\u00fablicos.<\/span><\/p>\n<p style=\"text-align: justify;\">&nbsp;<\/p>\n<p style=\"text-align: justify;\"><span style=\"font-size: 14pt; font-family: arial, helvetica, sans-serif;\">REDACCI\u00d3N\/VISI\u00d3N CIUDADANA.<\/span><\/p>\n","protected":false},"excerpt":{"rendered":"<p>&nbsp; &nbsp; Acompa\u00f1ada de la presidenta del DIF municipal, Gabriela Pe\u00f1a Chico y el director de DIF Sinaloa, Ulises Medrano N\u00fa\u00f1ez se adentraron al mar para llevar acabo la actividad recreativa la cual se vivi\u00f3 con mucha alegr\u00eda. &nbsp; Este programa de Recreaci\u00f3n Social para Personas con Discapacidad, est\u00e1 alineado al modelo de inclusi\u00f3n para [&hellip;]<\/p>\n","protected":false},"author":1,"featured_media":982,"comment_status":"closed","ping_status":"closed","sticky":false,"template":"","format":"standard","meta":{"footnotes":""},"categories":[13],"tags":[],"ppma_author":[31],"class_list":["post-17121","post","type-post","status-publish","format-standard","has-post-thumbnail","hentry","category-locales"],"aioseo_notices":[],"authors":[{"term_id":31,"user_id":1,"is_guest":0,"slug":"ivan3vino","display_name":"Iv\u00e1n Trevi\u00f1o","avatar_url":{"url":"https:\/\/visionciudadana.com.mx\/oficial\/wp-content\/uploads\/2025\/09\/columna-ivan-Trevino.png","url2x":"https:\/\/visionciudadana.com.mx\/oficial\/wp-content\/uploads\/2025\/09\/columna-ivan-Trevino.png"},"0":null,"1":"","2":"","3":"","4":"","5":"","6":"","7":"","8":""}],"_links":{"self":[{"href":"https:\/\/visionciudadana.com.mx\/oficial\/wp-json\/wp\/v2\/posts\/17121","targetHints":{"allow":["GET"]}}],"collection":[{"href":"https:\/\/visionciudadana.com.mx\/oficial\/wp-json\/wp\/v2\/posts"}],"about":[{"href":"https:\/\/visionciudadana.com.mx\/oficial\/wp-json\/wp\/v2\/types\/post"}],"author":[{"embeddable":true,"href":"https:\/\/visionciudadana.com.mx\/oficial\/wp-json\/wp\/v2\/users\/1"}],"replies":[{"embeddable":true,"href":"https:\/\/visionciudadana.com.mx\/oficial\/wp-json\/wp\/v2\/comments?post=17121"}],"version-history":[{"count":1,"href":"https:\/\/visionciudadana.com.mx\/oficial\/wp-json\/wp\/v2\/posts\/17121\/revisions"}],"predecessor-version":[{"id":30898,"href":"https:\/\/visionciudadana.com.mx\/oficial\/wp-json\/wp\/v2\/posts\/17121\/revisions\/30898"}],"wp:featuredmedia":[{"embeddable":true,"href":"https:\/\/visionciudadana.com.mx\/oficial\/wp-json\/wp\/v2\/media\/982"}],"wp:attachment":[{"href":"https:\/\/visionciudadana.com.mx\/oficial\/wp-json\/wp\/v2\/media?parent=17121"}],"wp:term":[{"taxonomy":"category","embeddable":true,"href":"https:\/\/visionciudadana.com.mx\/oficial\/wp-json\/wp\/v2\/categories?post=17121"},{"taxonomy":"post_tag","embeddable":true,"href":"https:\/\/visionciudadana.com.mx\/oficial\/wp-json\/wp\/v2\/tags?post=17121"},{"taxonomy":"author","embeddable":true,"href":"https:\/\/visionciudadana.com.mx\/oficial\/wp-json\/wp\/v2\/ppma_author?post=17121"}],"curies":[{"name":"wp","href":"https:\/\/api.w.org\/{rel}","templated":true}]}}