{"id":17120,"date":"2021-06-28T21:31:05","date_gmt":"2021-06-28T21:31:05","guid":{"rendered":"https:\/\/visionciudadana.com.mx\/chio\/2021\/06\/28\/aplica-gobierno-de-culiacan-acciones-de-mantenimiento-y-mejora-en-la-infraestructura-urbana\/"},"modified":"2025-06-25T00:12:04","modified_gmt":"2025-06-25T00:12:04","slug":"aplica-gobierno-de-culiacan-acciones-de-mantenimiento-y-mejora-en-la-infraestructura-urbana","status":"publish","type":"post","link":"https:\/\/visionciudadana.com.mx\/oficial\/2021\/06\/28\/aplica-gobierno-de-culiacan-acciones-de-mantenimiento-y-mejora-en-la-infraestructura-urbana\/","title":{"rendered":"Aplica Gobierno de Culiac\u00e1n acciones de mantenimiento y mejora en la infraestructura urbana"},"content":{"rendered":"<p style=\"text-align: justify;\">&nbsp;<\/p>\n<p><img fetchpriority=\"high\" decoding=\"async\" src=\"images\/2021\/junio21\/aplica-gob.jpg\" alt=\"aplica gob\" width=\"780\" height=\"420\" style=\"display: block; margin: 20px auto;\" \/><\/p>\n<p class=\"x_MsoNormal\" style=\"text-align: justify;\"><span style=\"font-size: 14pt; font-family: arial, helvetica, sans-serif;\">Para el Gobierno de Culiac\u00e1n que encabeza el alcalde Lic. Jes\u00fas Estrada Ferreiro, es una labor prioritaria mantener los espacios p\u00fablicos y la infraestructura urbana en buenas condiciones, pues adem\u00e1s de proyectar una buena imagen de la ciudad a trav\u00e9s de estas acciones, se contribuye a generar mayores condiciones de seguridad y orden.<\/span><\/p>\n<p style=\"text-align: justify;\">&nbsp;<\/p>\n<p class=\"x_MsoNormal\" style=\"text-align: justify;\"><span style=\"font-size: 14pt; font-family: arial, helvetica, sans-serif;\">Muestra de ello, es la reciente instalaci\u00f3n del barandal llevada a cabo por personal de la Secretar\u00eda de Obras y Servicios P\u00fablicos por la calle Jes\u00fas Andrade y bulevar Francisco I. Madero, con el objetivo de resguardar el drenaje pluvial que cruza por ambas vialidades, adem\u00e1s de prevenir accidentes para los conductores que por ah\u00ed transitan.<\/span><\/p>\n<p style=\"text-align: justify;\">&nbsp;<\/p>\n<p class=\"x_MsoNormal\" style=\"text-align: justify;\"><span style=\"font-size: 14pt; font-family: arial, helvetica, sans-serif;\">En dicho espacio, se coloc\u00f3 la reja de acero por el per\u00edmetro del desag\u00fce, procurando cubrir el \u00e1rea para prevenir accidentes que pudiesen suscitarse durante la temporada de lluvias.<\/span><\/p>\n<p style=\"text-align: justify;\">&nbsp;<\/p>\n<p class=\"x_MsoNormal\" style=\"text-align: justify;\"><span style=\"font-size: 14pt; font-family: arial, helvetica, sans-serif;\">Asimismo, en la colonia Rosario Uz\u00e1rraga se coloc\u00f3 tambi\u00e9n un barandal de protecci\u00f3n en el arroyo que por ah\u00ed cruza para evitar situaciones de riesgo para los habitantes del sector.&nbsp;<\/span><\/p>\n<p style=\"text-align: justify;\">&nbsp;<\/p>\n<p style=\"text-align: justify;\">&nbsp;<\/p>\n<p style=\"text-align: justify;\"><span style=\"font-size: 14pt; font-family: arial, helvetica, sans-serif;\">REDACCI\u00d3N\/VISI\u00d3N CIUDADANA.<\/span><\/p>\n","protected":false},"excerpt":{"rendered":"<p>&nbsp; Para el Gobierno de Culiac\u00e1n que encabeza el alcalde Lic. Jes\u00fas Estrada Ferreiro, es una labor prioritaria mantener los espacios p\u00fablicos y la infraestructura urbana en buenas condiciones, pues adem\u00e1s de proyectar una buena imagen de la ciudad a trav\u00e9s de estas acciones, se contribuye a generar mayores condiciones de seguridad y orden. &nbsp; [&hellip;]<\/p>\n","protected":false},"author":1,"featured_media":980,"comment_status":"closed","ping_status":"closed","sticky":false,"template":"","format":"standard","meta":{"footnotes":""},"categories":[13],"tags":[],"ppma_author":[31],"class_list":["post-17120","post","type-post","status-publish","format-standard","has-post-thumbnail","hentry","category-locales"],"aioseo_notices":[],"authors":[{"term_id":31,"user_id":1,"is_guest":0,"slug":"ivan3vino","display_name":"Iv\u00e1n Trevi\u00f1o","avatar_url":{"url":"https:\/\/visionciudadana.com.mx\/oficial\/wp-content\/uploads\/2025\/09\/columna-ivan-Trevino.png","url2x":"https:\/\/visionciudadana.com.mx\/oficial\/wp-content\/uploads\/2025\/09\/columna-ivan-Trevino.png"},"0":null,"1":"","2":"","3":"","4":"","5":"","6":"","7":"","8":""}],"_links":{"self":[{"href":"https:\/\/visionciudadana.com.mx\/oficial\/wp-json\/wp\/v2\/posts\/17120","targetHints":{"allow":["GET"]}}],"collection":[{"href":"https:\/\/visionciudadana.com.mx\/oficial\/wp-json\/wp\/v2\/posts"}],"about":[{"href":"https:\/\/visionciudadana.com.mx\/oficial\/wp-json\/wp\/v2\/types\/post"}],"author":[{"embeddable":true,"href":"https:\/\/visionciudadana.com.mx\/oficial\/wp-json\/wp\/v2\/users\/1"}],"replies":[{"embeddable":true,"href":"https:\/\/visionciudadana.com.mx\/oficial\/wp-json\/wp\/v2\/comments?post=17120"}],"version-history":[{"count":1,"href":"https:\/\/visionciudadana.com.mx\/oficial\/wp-json\/wp\/v2\/posts\/17120\/revisions"}],"predecessor-version":[{"id":30899,"href":"https:\/\/visionciudadana.com.mx\/oficial\/wp-json\/wp\/v2\/posts\/17120\/revisions\/30899"}],"wp:featuredmedia":[{"embeddable":true,"href":"https:\/\/visionciudadana.com.mx\/oficial\/wp-json\/wp\/v2\/posts\/980"}],"wp:attachment":[{"href":"https:\/\/visionciudadana.com.mx\/oficial\/wp-json\/wp\/v2\/media?parent=17120"}],"wp:term":[{"taxonomy":"category","embeddable":true,"href":"https:\/\/visionciudadana.com.mx\/oficial\/wp-json\/wp\/v2\/categories?post=17120"},{"taxonomy":"post_tag","embeddable":true,"href":"https:\/\/visionciudadana.com.mx\/oficial\/wp-json\/wp\/v2\/tags?post=17120"},{"taxonomy":"author","embeddable":true,"href":"https:\/\/visionciudadana.com.mx\/oficial\/wp-json\/wp\/v2\/ppma_author?post=17120"}],"curies":[{"name":"wp","href":"https:\/\/api.w.org\/{rel}","templated":true}]}}