{"id":17119,"date":"2021-06-28T21:24:40","date_gmt":"2021-06-28T21:24:40","guid":{"rendered":"https:\/\/visionciudadana.com.mx\/chio\/2021\/06\/28\/rocha-moya-y-ordaz-coppel-coordinan-acciones-para-concretar-proyectos-y-programas-con-la-federacion\/"},"modified":"2025-06-25T00:12:05","modified_gmt":"2025-06-25T00:12:05","slug":"rocha-moya-y-ordaz-coppel-coordinan-acciones-para-concretar-proyectos-y-programas-con-la-federacion","status":"publish","type":"post","link":"https:\/\/visionciudadana.com.mx\/oficial\/2021\/06\/28\/rocha-moya-y-ordaz-coppel-coordinan-acciones-para-concretar-proyectos-y-programas-con-la-federacion\/","title":{"rendered":"Rocha Moya y Ordaz Coppel coordinan acciones para concretar proyectos y programas con la federaci\u00f3n"},"content":{"rendered":"<p><img fetchpriority=\"high\" decoding=\"async\" src=\"images\/2021\/junio21\/rocha_y_coppel.PNG\" alt=\"rocha y coppel\" width=\"771\" height=\"489\" style=\"display: block; margin-left: auto; margin-right: auto;\" \/><\/p>\n<p class=\"x_MsoNormal\" align=\"center\">&nbsp;<\/p>\n<p class=\"x_MsoNormal\" style=\"text-align: justify;\"><span style=\"font-size: 14pt; font-family: arial, helvetica, sans-serif;\">El gobernador electo de Sinaloa, Rub\u00e9n Rocha Moya, dio a conocer que a la par con el proceso de entrega y recepci\u00f3n que est\u00e1 por iniciar con el Gobierno en funciones que encabeza el titular el Poder Ejecutivo local Quirino Ordaz Coppel, se coordinar\u00e1n con algunos de los titulares de las Secretar\u00edas federales y estatales para concretar proyectos y programas que beneficien a las familias sinaloenses m\u00e1s vulnerables.<\/span><\/p>\n<p style=\"text-align: justify;\">&nbsp;<\/p>\n<p class=\"x_MsoNormal\" style=\"text-align: justify;\"><span style=\"font-size: 14pt; font-family: arial, helvetica, sans-serif;\">Rocha Moya coment\u00f3 que recientemente se reuni\u00f3 con el presidente Andr\u00e9s Manuel L\u00f3pez Obrador en Palacio Nacional, donde le plante\u00f3 la necesidad de llevar a cabo proyectos como el puente de la presa Huites, que est\u00e1 en el troncal Topolobampo-Ojinaga, obra que impulsar\u00e1 el desarrollo econ\u00f3mico de la zona norte del estado, principalmente de la sierra.<\/span><\/p>\n<p style=\"text-align: justify;\">&nbsp;<\/p>\n<p class=\"x_MsoNormal\" style=\"text-align: justify;\"><span style=\"font-size: 14pt; font-family: arial, helvetica, sans-serif;\">\u201cDurante estos meses de transici\u00f3n hemos conversado con el gobernador Quirino Ordaz porque hay asuntos que tenemos que canalizar juntos como es el caso del puente de la presa Huites, es algo que ya estaba caminando, pero lo vamos hacer juntos porque hubo algunas modificaciones del proyecto, particularmente del puente\u201d, puntualiz\u00f3.&nbsp;<\/span><\/p>\n<p style=\"text-align: justify;\">&nbsp;<\/p>\n<p class=\"x_MsoNormal\" style=\"text-align: justify;\"><span style=\"font-size: 14pt; font-family: arial, helvetica, sans-serif;\">Rub\u00e9n Rocha destac\u00f3 que ha habido entendimiento con las distintas Secretar\u00edas locales en el proceso de entrega y recepci\u00f3n del Gobierno, lo cual permitir\u00e1 \u201ceslabonar\u201d asuntos administrativos con los funcionarios federales y estatales a fin de iniciar la transformaci\u00f3n de Sinaloa a partir del 01 de noviembre.&nbsp;<\/span><\/p>\n<p style=\"text-align: justify;\">&nbsp;<\/p>\n<p class=\"x_MsoNormal\" style=\"text-align: justify;\"><span style=\"font-size: 14pt; font-family: arial, helvetica, sans-serif;\">Por otra parte, el pr\u00f3ximo gobernador constitucional de Sinaloa reiter\u00f3 que a\u00fan no hay nombres definidos de las mujeres y hombres que lo acompa\u00f1ar\u00e1n en el gabinete durante la administraci\u00f3n, agradeci\u00f3 a la opini\u00f3n p\u00fablica la menci\u00f3n de algunos personajes porque le permite reflexionar y valorar, sin embargo, \u201cno hay piezas definidas, lo que todos queremos es que el nuevo Gobierno sirva de la mejor manera a Sinaloa\u201d.&nbsp;<\/span><\/p>\n<p style=\"text-align: justify;\">&nbsp;<\/p>\n<p style=\"text-align: justify;\">&nbsp;<\/p>\n<p style=\"text-align: justify;\"><span style=\"font-size: 14pt; font-family: arial, helvetica, sans-serif;\">REDACCI\u00d3N\/VISI\u00d3N CIUDADANA.<\/span><\/p>\n","protected":false},"excerpt":{"rendered":"<p>&nbsp; El gobernador electo de Sinaloa, Rub\u00e9n Rocha Moya, dio a conocer que a la par con el proceso de entrega y recepci\u00f3n que est\u00e1 por iniciar con el Gobierno en funciones que encabeza el titular el Poder Ejecutivo local Quirino Ordaz Coppel, se coordinar\u00e1n con algunos de los titulares de las Secretar\u00edas federales y [&hellip;]<\/p>\n","protected":false},"author":1,"featured_media":978,"comment_status":"closed","ping_status":"closed","sticky":false,"template":"","format":"standard","meta":{"footnotes":""},"categories":[24],"tags":[],"ppma_author":[31],"class_list":["post-17119","post","type-post","status-publish","format-standard","has-post-thumbnail","hentry","category-relevantes"],"aioseo_notices":[],"authors":[{"term_id":31,"user_id":1,"is_guest":0,"slug":"ivan3vino","display_name":"Iv\u00e1n Trevi\u00f1o","avatar_url":{"url":"https:\/\/visionciudadana.com.mx\/oficial\/wp-content\/uploads\/2025\/09\/columna-ivan-Trevino.png","url2x":"https:\/\/visionciudadana.com.mx\/oficial\/wp-content\/uploads\/2025\/09\/columna-ivan-Trevino.png"},"0":null,"1":"","2":"","3":"","4":"","5":"","6":"","7":"","8":""}],"_links":{"self":[{"href":"https:\/\/visionciudadana.com.mx\/oficial\/wp-json\/wp\/v2\/posts\/17119","targetHints":{"allow":["GET"]}}],"collection":[{"href":"https:\/\/visionciudadana.com.mx\/oficial\/wp-json\/wp\/v2\/posts"}],"about":[{"href":"https:\/\/visionciudadana.com.mx\/oficial\/wp-json\/wp\/v2\/types\/post"}],"author":[{"embeddable":true,"href":"https:\/\/visionciudadana.com.mx\/oficial\/wp-json\/wp\/v2\/users\/1"}],"replies":[{"embeddable":true,"href":"https:\/\/visionciudadana.com.mx\/oficial\/wp-json\/wp\/v2\/comments?post=17119"}],"version-history":[{"count":1,"href":"https:\/\/visionciudadana.com.mx\/oficial\/wp-json\/wp\/v2\/posts\/17119\/revisions"}],"predecessor-version":[{"id":30900,"href":"https:\/\/visionciudadana.com.mx\/oficial\/wp-json\/wp\/v2\/posts\/17119\/revisions\/30900"}],"wp:featuredmedia":[{"embeddable":true,"href":"https:\/\/visionciudadana.com.mx\/oficial\/wp-json\/wp\/v2\/media\/978"}],"wp:attachment":[{"href":"https:\/\/visionciudadana.com.mx\/oficial\/wp-json\/wp\/v2\/media?parent=17119"}],"wp:term":[{"taxonomy":"category","embeddable":true,"href":"https:\/\/visionciudadana.com.mx\/oficial\/wp-json\/wp\/v2\/categories?post=17119"},{"taxonomy":"post_tag","embeddable":true,"href":"https:\/\/visionciudadana.com.mx\/oficial\/wp-json\/wp\/v2\/tags?post=17119"},{"taxonomy":"author","embeddable":true,"href":"https:\/\/visionciudadana.com.mx\/oficial\/wp-json\/wp\/v2\/ppma_author?post=17119"}],"curies":[{"name":"wp","href":"https:\/\/api.w.org\/{rel}","templated":true}]}}