{"id":17118,"date":"2021-06-28T21:17:44","date_gmt":"2021-06-28T21:17:44","guid":{"rendered":"https:\/\/visionciudadana.com.mx\/chio\/2021\/06\/28\/inicia-operativo-cubrebocas-en-el-primer-cuadro-de-la-ciudad\/"},"modified":"2025-06-25T00:12:05","modified_gmt":"2025-06-25T00:12:05","slug":"inicia-operativo-cubrebocas-en-el-primer-cuadro-de-la-ciudad","status":"publish","type":"post","link":"https:\/\/visionciudadana.com.mx\/oficial\/2021\/06\/28\/inicia-operativo-cubrebocas-en-el-primer-cuadro-de-la-ciudad\/","title":{"rendered":"Inicia Operativo Cubrebocas en el primer cuadro de la ciudad*"},"content":{"rendered":"<p style=\"text-align: justify;\">&nbsp;<\/p>\n<p><img fetchpriority=\"high\" decoding=\"async\" src=\"images\/2021\/junio21\/inicia-operatio.jpg\" alt=\"inicia operatio\" width=\"780\" height=\"420\" style=\"display: block; margin: 20px auto;\" \/><\/p>\n<p class=\"x_MsoNormal\" style=\"text-align: justify;\"><span style=\"font-size: 14pt; font-family: arial, helvetica, sans-serif;\">En apego a los acuerdos alcanzados entre el alcalde Lic. Jes\u00fas Estrada Ferreiro y concesionarios del transporte p\u00fablico, este d\u00eda el Gobierno de Culiac\u00e1n despleg\u00f3 el Operativo Cubrebocas encabezado por la Secretar\u00eda de Seguridad P\u00fablica y Tr\u00e1nsito Municipal y la Direcci\u00f3n de Salud Municipal en el primer cuadro de la ciudad.<\/span><\/p>\n<p style=\"text-align: justify;\">&nbsp;<\/p>\n<p class=\"x_MsoNormal\" style=\"text-align: justify;\"><span style=\"font-size: 14pt; font-family: arial, helvetica, sans-serif;\">Estas acciones corresponden al reforzamiento de las medidas preventivas que desarrolla la autoridad municipal, luego del incremento de casos de Covid-19 en la ciudad en las \u00faltimas semanas.<\/span><\/p>\n<p style=\"text-align: justify;\">&nbsp;<\/p>\n<p class=\"x_MsoNormal\" style=\"text-align: justify;\"><span style=\"font-size: 14pt; font-family: arial, helvetica, sans-serif;\">La finalidad de este ejercicio es para concientizar y recordar tanto a conductores de camiones urbanos, como a usuarios, la importancia de utilizar de manera correcta el cubrebocas, aunado al acato de la sana distancia y lavado frecuente de manos, factores de suma importancia para inhibir el riesgo de contagios.<\/span><\/p>\n<p style=\"text-align: justify;\">&nbsp;<\/p>\n<p class=\"x_MsoNormal\" style=\"text-align: justify;\"><span style=\"font-size: 14pt; font-family: arial, helvetica, sans-serif;\">Cada patrulla integrada por elementos municipales tiene asignadas a ciertas rutas de camiones urbanos, a las cuales de forma aleatoria aplican el operativo de revisi\u00f3n para invitar a los conductores a portar el cubrebocas al igual que a los propios pasajeros.<\/span><\/p>\n<p style=\"text-align: justify;\">&nbsp;<\/p>\n<p class=\"x_MsoNormal\" style=\"text-align: justify;\"><span style=\"font-size: 14pt; font-family: arial, helvetica, sans-serif;\">En caso de no atender el llamado, los oficiales de vialidad tienen facultades para solicitar el apoyo de la Polic\u00eda Municipal para que cumplan las disposiciones recomendadas por el Sector Salud.<\/span><\/p>\n<p style=\"text-align: justify;\">&nbsp;<\/p>\n<p class=\"x_MsoNormal\" style=\"text-align: justify;\"><span style=\"font-size: 14pt; font-family: arial, helvetica, sans-serif;\">La pandemia todav\u00eda no termina, es por ello que el Gobierno de Culiac\u00e1n solicita a la poblaci\u00f3n colaborar con las medidas sanitarias, ya que de ello depender\u00e1 disminuir los contagios en la ciudad y con ello salvaguardar la salud p\u00fablica de todos los Culiacanenses.<\/span><\/p>\n<p style=\"text-align: justify;\">&nbsp;<\/p>\n<p style=\"text-align: justify;\">&nbsp;<\/p>\n<p style=\"text-align: justify;\"><span style=\"font-size: 14pt; font-family: arial, helvetica, sans-serif;\">REDACCI\u00d3N\/VISI\u00d3N CIUDADANA.<\/span><\/p>\n","protected":false},"excerpt":{"rendered":"<p>&nbsp; En apego a los acuerdos alcanzados entre el alcalde Lic. Jes\u00fas Estrada Ferreiro y concesionarios del transporte p\u00fablico, este d\u00eda el Gobierno de Culiac\u00e1n despleg\u00f3 el Operativo Cubrebocas encabezado por la Secretar\u00eda de Seguridad P\u00fablica y Tr\u00e1nsito Municipal y la Direcci\u00f3n de Salud Municipal en el primer cuadro de la ciudad. &nbsp; Estas acciones [&hellip;]<\/p>\n","protected":false},"author":1,"featured_media":976,"comment_status":"closed","ping_status":"closed","sticky":false,"template":"","format":"standard","meta":{"footnotes":""},"categories":[24],"tags":[],"ppma_author":[31],"class_list":["post-17118","post","type-post","status-publish","format-standard","has-post-thumbnail","hentry","category-relevantes"],"aioseo_notices":[],"authors":[{"term_id":31,"user_id":1,"is_guest":0,"slug":"ivan3vino","display_name":"Iv\u00e1n Trevi\u00f1o","avatar_url":{"url":"https:\/\/visionciudadana.com.mx\/oficial\/wp-content\/uploads\/2025\/09\/columna-ivan-Trevino.png","url2x":"https:\/\/visionciudadana.com.mx\/oficial\/wp-content\/uploads\/2025\/09\/columna-ivan-Trevino.png"},"0":null,"1":"","2":"","3":"","4":"","5":"","6":"","7":"","8":""}],"_links":{"self":[{"href":"https:\/\/visionciudadana.com.mx\/oficial\/wp-json\/wp\/v2\/posts\/17118","targetHints":{"allow":["GET"]}}],"collection":[{"href":"https:\/\/visionciudadana.com.mx\/oficial\/wp-json\/wp\/v2\/posts"}],"about":[{"href":"https:\/\/visionciudadana.com.mx\/oficial\/wp-json\/wp\/v2\/types\/post"}],"author":[{"embeddable":true,"href":"https:\/\/visionciudadana.com.mx\/oficial\/wp-json\/wp\/v2\/users\/1"}],"replies":[{"embeddable":true,"href":"https:\/\/visionciudadana.com.mx\/oficial\/wp-json\/wp\/v2\/comments?post=17118"}],"version-history":[{"count":1,"href":"https:\/\/visionciudadana.com.mx\/oficial\/wp-json\/wp\/v2\/posts\/17118\/revisions"}],"predecessor-version":[{"id":30901,"href":"https:\/\/visionciudadana.com.mx\/oficial\/wp-json\/wp\/v2\/posts\/17118\/revisions\/30901"}],"wp:featuredmedia":[{"embeddable":true,"href":"https:\/\/visionciudadana.com.mx\/oficial\/wp-json\/wp\/v2\/media\/976"}],"wp:attachment":[{"href":"https:\/\/visionciudadana.com.mx\/oficial\/wp-json\/wp\/v2\/media?parent=17118"}],"wp:term":[{"taxonomy":"category","embeddable":true,"href":"https:\/\/visionciudadana.com.mx\/oficial\/wp-json\/wp\/v2\/categories?post=17118"},{"taxonomy":"post_tag","embeddable":true,"href":"https:\/\/visionciudadana.com.mx\/oficial\/wp-json\/wp\/v2\/tags?post=17118"},{"taxonomy":"author","embeddable":true,"href":"https:\/\/visionciudadana.com.mx\/oficial\/wp-json\/wp\/v2\/ppma_author?post=17118"}],"curies":[{"name":"wp","href":"https:\/\/api.w.org\/{rel}","templated":true}]}}