{"id":17116,"date":"2021-06-28T21:12:30","date_gmt":"2021-06-28T21:12:30","guid":{"rendered":"https:\/\/visionciudadana.com.mx\/chio\/2021\/06\/28\/hospital-general-de-escuinapa-trabaja-nuevamente-al-servicio-de-la-poblacion\/"},"modified":"2025-06-25T00:12:05","modified_gmt":"2025-06-25T00:12:05","slug":"hospital-general-de-escuinapa-trabaja-nuevamente-al-servicio-de-la-poblacion","status":"publish","type":"post","link":"https:\/\/visionciudadana.com.mx\/oficial\/2021\/06\/28\/hospital-general-de-escuinapa-trabaja-nuevamente-al-servicio-de-la-poblacion\/","title":{"rendered":"Hospital general de Escuinapa trabaja nuevamente al servicio de la poblaci\u00f3n"},"content":{"rendered":"<p><img fetchpriority=\"high\" decoding=\"async\" src=\"images\/2021\/junio21\/hospital-escui.jpg\" alt=\"hospital escui\" width=\"780\" height=\"420\" style=\"display: block; margin: 20px auto;\" \/><\/p>\n<p>&nbsp;<\/p>\n<p class=\"x_MsoNormal\" style=\"text-align: justify;\"><span style=\"font-size: 14pt; font-family: arial, helvetica, sans-serif;\">Los Servicios de Salud de Sinaloa en su firme inter\u00e9s de garantizar la atenci\u00f3n en este rubro a toda la poblaci\u00f3n del estado informa que el Hospital General de Escuinapa estar\u00e1 a disposici\u00f3n de las personas que necesiten acudir para recibir los cuidados o servicios que en materia de salud les sean indispensables.<\/span><\/p>\n<p style=\"text-align: justify;\">&nbsp;<\/p>\n<p class=\"x_MsoNormal\" style=\"text-align: justify;\"><span style=\"font-size: 14pt; font-family: arial, helvetica, sans-serif;\">El Dr. \u00d3scar Garz\u00f3n L\u00f3pez, director de Atenci\u00f3n M\u00e9dica, por instrucciones precisas del Dr. Efr\u00e9n Encinas Torres, director general de los Servicios de Salud de Sinaloa, dio el nombramiento al Dr. Francisco Javier Prado Yuriar, como nuevo director general del Hospital General de Escuinapa, quien se encargar\u00e1 de trabajar para que esta instituci\u00f3n brinde de manera permanente y constante todo lo que la sociedad de esta zona del estado requiera en cuestiones de salud y atenci\u00f3n m\u00e9dica.<\/span><\/p>\n<p style=\"text-align: justify;\">&nbsp;<\/p>\n<p class=\"x_MsoNormal\" style=\"text-align: justify;\"><span style=\"font-size: 14pt; font-family: arial, helvetica, sans-serif;\">\u201cPor instrucci\u00f3n directa de nuestro Secretario, Dr. Efr\u00e9n Encinas Torres, se le dio nombramiento como director al Dr. Francisco Javier Prado Yuriar, quien desde este d\u00eda fungir\u00e1 en el \u00e1rea de la direcci\u00f3n, asimismo, en presencia del \u00e1rea jur\u00eddica del \u00f3rgano de control interno y de Notario P\u00fablico se hizo la apertura de las oficinas administrativas respetando plenamente conforme a derecho lo marca la apertura de estas \u00e1reas para que este hospital siga brindando una atenci\u00f3n expedita, con calidad y que ya opere de manera normal\u201d, se\u00f1al\u00f3.<\/span><\/p>\n<p style=\"text-align: justify;\">&nbsp;<\/p>\n<p class=\"x_MsoNormal\" style=\"text-align: justify;\"><span style=\"font-size: 14pt; font-family: arial, helvetica, sans-serif;\">El nuevo director del Hospital General de Escuinapa dialog\u00f3 con el personal, recibiendo peticiones directas de los mismos trabajadores como sugerencias de aquellas personas que deber\u00edan ocupar las diferentes \u00e1reas que esta instituci\u00f3n necesita para su funcionamiento, de inmediato se proceder\u00e1 al an\u00e1lisis de los perfiles por parte del nuevo Director y planteado con las autoridades correspondientes acatando la normatividad de los Servicios de Salud y reglamentos se har\u00e1n los cambios pertinentes.<\/span><\/p>\n<p style=\"text-align: justify;\">&nbsp;<\/p>\n<p class=\"x_MsoNormal\" style=\"text-align: justify;\"><span style=\"font-size: 14pt; font-family: arial, helvetica, sans-serif;\">Es importante se\u00f1alar que el \u00c1rea Jur\u00eddica del \u00d3rgano de Control Interno de los Servicios de Salud se har\u00e1 responsable a partir de este d\u00eda de las oficinas administrativas del Hospital General de Escuinapa, lo cual permitir\u00e1 que las acciones de salud de este centro se desarrollen a plenitud, respetando conforme a derecho la garant\u00eda de la salud a la poblaci\u00f3n.<\/span><\/p>\n<p style=\"text-align: justify;\">&nbsp;<\/p>\n<p style=\"text-align: justify;\"><span style=\"font-size: 14pt; font-family: arial, helvetica, sans-serif;\">Tambi\u00e9n estuvieron presentes en el hospital el Subsecretario de Atenci\u00f3n M\u00e9dica, Dr. V\u00edctor Hugo S\u00e1nchez Malof; el Director Jur\u00eddico de los Servicios de Salud de Salud de Sinaloa, Lic. Melvin No\u00e9 M\u00e1rquez Harper; as\u00ed como el titular del \u00d3rgano Interno de Control, \u00d3scar Samuel S\u00e1nchez, y representantes del \u00e1rea sindical.<\/span><\/p>\n<p style=\"text-align: justify;\">&nbsp;<\/p>\n<p style=\"text-align: justify;\">&nbsp;<\/p>\n<p style=\"text-align: justify;\"><span style=\"font-size: 14pt; font-family: arial, helvetica, sans-serif;\">REDACCI\u00d3N\/VISI\u00d3N CIUDADANA.<\/span><\/p>\n","protected":false},"excerpt":{"rendered":"<p>&nbsp; Los Servicios de Salud de Sinaloa en su firme inter\u00e9s de garantizar la atenci\u00f3n en este rubro a toda la poblaci\u00f3n del estado informa que el Hospital General de Escuinapa estar\u00e1 a disposici\u00f3n de las personas que necesiten acudir para recibir los cuidados o servicios que en materia de salud les sean indispensables. &nbsp; [&hellip;]<\/p>\n","protected":false},"author":1,"featured_media":973,"comment_status":"closed","ping_status":"closed","sticky":false,"template":"","format":"standard","meta":{"footnotes":""},"categories":[24],"tags":[],"ppma_author":[31],"class_list":["post-17116","post","type-post","status-publish","format-standard","has-post-thumbnail","hentry","category-relevantes"],"aioseo_notices":[],"authors":[{"term_id":31,"user_id":1,"is_guest":0,"slug":"ivan3vino","display_name":"Iv\u00e1n Trevi\u00f1o","avatar_url":{"url":"https:\/\/visionciudadana.com.mx\/oficial\/wp-content\/uploads\/2025\/09\/columna-ivan-Trevino.png","url2x":"https:\/\/visionciudadana.com.mx\/oficial\/wp-content\/uploads\/2025\/09\/columna-ivan-Trevino.png"},"0":null,"1":"","2":"","3":"","4":"","5":"","6":"","7":"","8":""}],"_links":{"self":[{"href":"https:\/\/visionciudadana.com.mx\/oficial\/wp-json\/wp\/v2\/posts\/17116","targetHints":{"allow":["GET"]}}],"collection":[{"href":"https:\/\/visionciudadana.com.mx\/oficial\/wp-json\/wp\/v2\/posts"}],"about":[{"href":"https:\/\/visionciudadana.com.mx\/oficial\/wp-json\/wp\/v2\/types\/post"}],"author":[{"embeddable":true,"href":"https:\/\/visionciudadana.com.mx\/oficial\/wp-json\/wp\/v2\/users\/1"}],"replies":[{"embeddable":true,"href":"https:\/\/visionciudadana.com.mx\/oficial\/wp-json\/wp\/v2\/comments?post=17116"}],"version-history":[{"count":1,"href":"https:\/\/visionciudadana.com.mx\/oficial\/wp-json\/wp\/v2\/posts\/17116\/revisions"}],"predecessor-version":[{"id":30902,"href":"https:\/\/visionciudadana.com.mx\/oficial\/wp-json\/wp\/v2\/posts\/17116\/revisions\/30902"}],"wp:featuredmedia":[{"embeddable":true,"href":"https:\/\/visionciudadana.com.mx\/oficial\/wp-json\/wp\/v2\/posts\/973"}],"wp:attachment":[{"href":"https:\/\/visionciudadana.com.mx\/oficial\/wp-json\/wp\/v2\/media?parent=17116"}],"wp:term":[{"taxonomy":"category","embeddable":true,"href":"https:\/\/visionciudadana.com.mx\/oficial\/wp-json\/wp\/v2\/categories?post=17116"},{"taxonomy":"post_tag","embeddable":true,"href":"https:\/\/visionciudadana.com.mx\/oficial\/wp-json\/wp\/v2\/tags?post=17116"},{"taxonomy":"author","embeddable":true,"href":"https:\/\/visionciudadana.com.mx\/oficial\/wp-json\/wp\/v2\/ppma_author?post=17116"}],"curies":[{"name":"wp","href":"https:\/\/api.w.org\/{rel}","templated":true}]}}