{"id":17115,"date":"2021-06-28T21:06:17","date_gmt":"2021-06-28T21:06:17","guid":{"rendered":"https:\/\/visionciudadana.com.mx\/chio\/2021\/06\/28\/firma-quirino-convenio-con-el-snte-53-para-mejoras-salariales-y-prestaciones\/"},"modified":"2025-06-25T00:12:05","modified_gmt":"2025-06-25T00:12:05","slug":"firma-quirino-convenio-con-el-snte-53-para-mejoras-salariales-y-prestaciones","status":"publish","type":"post","link":"https:\/\/visionciudadana.com.mx\/oficial\/2021\/06\/28\/firma-quirino-convenio-con-el-snte-53-para-mejoras-salariales-y-prestaciones\/","title":{"rendered":"Firma Quirino convenio con el SNTE 53 para mejoras salariales y prestaciones"},"content":{"rendered":"<p><img fetchpriority=\"high\" decoding=\"async\" src=\"images\/2021\/junio21\/firmas-quiri.jpg\" alt=\"firmas quiri\" width=\"780\" height=\"420\" style=\"display: block; margin: 20px auto;\" \/><\/p>\n<p>&nbsp;<\/p>\n<p class=\"x_MsoNormal\" style=\"text-align: justify;\"><span style=\"font-size: 14pt; font-family: arial, helvetica, sans-serif;\">Con la firma del acuerdo entre el Gobierno del Estado y el Sindicato Nacional de Trabajadores de la Educaci\u00f3n (SNTE) Secci\u00f3n 53, suscrito por el gobernador Quirino Ordaz Coppel y el l\u00edder magisterial, Fernando Sandoval Angulo, se otorga certeza laboral a 17 mil trabajadores activos y a otros 10 mil jubilados y pensionados.<\/span><\/p>\n<p style=\"text-align: justify;\">&nbsp;<\/p>\n<p class=\"x_MsoNormal\" style=\"text-align: justify;\"><span style=\"font-size: 14pt; font-family: arial, helvetica, sans-serif;\">El mandatario estatal recibi\u00f3 en Palacio de Gobierno a los miembros del Comit\u00e9 Ejecutivo del SNTE 53, encabezados por su dirigente, para ser testigos de la firma del acuerdo que contempla una aportaci\u00f3n del Gobierno del Estado por un total de 53.4 millones de pesos, que ser\u00e1n destinados al pago diferencial de sueldo entre plazas federalizadas y estatales, al pago de gratificaci\u00f3n por jubilaci\u00f3n a docentes del Cobaes, al incremento del bono del D\u00eda del Maestro, a la creaci\u00f3n de 50 nuevas plazas y la adquisici\u00f3n de dos predios en Los Mochis y Mazatl\u00e1n para la construcci\u00f3n de centros recreativos del SNTE.<\/span><\/p>\n<p style=\"text-align: justify;\">&nbsp;<\/p>\n<p class=\"x_MsoNormal\" style=\"text-align: justify;\"><span style=\"font-size: 14pt; font-family: arial, helvetica, sans-serif;\">En su mensaje a los maestros, Ordaz Coppel record\u00f3 las acciones que su gobierno ha emprendido a favor del magisterio, pues de entrada se atendi\u00f3 una deuda heredada de la pasada administraci\u00f3n con el FigloSnte por 380 millones de pesos, la cual se subsan\u00f3 en esta administraci\u00f3n, adem\u00e1s de la reactivaci\u00f3n del Fondo de Vivienda para Trabajadores de la Educaci\u00f3n, que ya ha otorgado cr\u00e9ditos por 480 millones de pesos.<\/span><\/p>\n<p style=\"text-align: justify;\">&nbsp;<\/p>\n<p class=\"x_MsoNormal\" style=\"text-align: justify;\"><span style=\"font-size: 14pt; font-family: arial, helvetica, sans-serif;\">El gobernador del estado destac\u00f3 que esto sienta las bases para que la siguiente administraci\u00f3n estatal siga atendiendo este valioso derecho a la vivienda que les corresponde a los trabajadores de la educaci\u00f3n.<\/span><\/p>\n<p style=\"text-align: justify;\">&nbsp;<\/p>\n<p class=\"x_MsoNormal\" style=\"text-align: justify;\"><span style=\"font-size: 14pt; font-family: arial, helvetica, sans-serif;\">\u201cPara m\u00ed, este convenio es importante porque da certidumbre a ustedes, la confianza en que las cosas se van a ir cumpliendo, y aqu\u00ed van a quedar plasmadas, y dejar el equipaje m\u00e1s ligero, que no entre la pr\u00f3xima administraci\u00f3n como nosotros llegamos con una carga muy fuerte de deuda, sino que traten nada m\u00e1s de ver lo que sigue en pagos y compromisos\u201d, precis\u00f3.<\/span><\/p>\n<p style=\"text-align: justify;\">&nbsp;<\/p>\n<p class=\"x_MsoNormal\" style=\"text-align: justify;\"><span style=\"font-size: 14pt; font-family: arial, helvetica, sans-serif;\">A su vez, el secretario general del SNTE 53, Fernando Sandoval Angulo, se\u00f1al\u00f3 que el Comit\u00e9 Ejecutivo que encabeza se siente muy honrado por la firma de este convenio. \u201cHoy nuevamente usted demuestra a Sinaloa, le demuestra a los trabajadores de la educaci\u00f3n, que se pueden hacer las cosas cuando hay voluntad, cuando hay sensibilidad, pues usted hoy en esta firma de acuerdo le da certeza laboral a 17 mil activos y m\u00e1s de 10 mil jubilados\u201d, reconoci\u00f3.<\/span><\/p>\n<p style=\"text-align: justify;\">&nbsp;<\/p>\n<p class=\"x_MsoNormal\" style=\"text-align: justify;\"><span style=\"font-size: 14pt; font-family: arial, helvetica, sans-serif;\">\u201cUna vez m\u00e1s el gobierno de Quirino Ordaz Coppel, y lo puedo decir con mucha amplitud, con mucha satisfacci\u00f3n y todos los elementos, que se le da respuesta a los activos y a los jubilados\u201d, a\u00f1adi\u00f3.<\/span><\/p>\n<p style=\"text-align: justify;\">&nbsp;<\/p>\n<p class=\"x_MsoNormal\" style=\"text-align: justify;\"><span style=\"font-size: 14pt; font-family: arial, helvetica, sans-serif;\">El l\u00edder magisterial aprovech\u00f3 la ocasi\u00f3n para agradecerle personalmente al gobernador del estado el pago puntual al incremento salarial por el orden de 56 millones de pesos, que se hizo efectivo el pasado d\u00eda 15, e igualmente se refiri\u00f3 a los 40 millones de pesos que se destinaron a ISSSTEESIN.<\/span><\/p>\n<p style=\"text-align: justify;\">&nbsp;<\/p>\n<p class=\"x_MsoNormal\" style=\"text-align: justify;\"><span style=\"font-size: 14pt; font-family: arial, helvetica, sans-serif;\">Sandoval Angulo se refiri\u00f3 de manera muy puntual al hecho de haber homologado el salario de personal, jefes de sector y supervisores con la Federaci\u00f3n, lo cual era una a\u00f1eja e hist\u00f3rica demanda que ten\u00eda estos trabajadores, y que gracias a la firma de este convenio a partir de esta quincena se hizo realidad.<\/span><\/p>\n<p style=\"text-align: justify;\">&nbsp;<\/p>\n<p class=\"x_MsoNormal\" style=\"text-align: justify;\"><span style=\"font-size: 14pt; font-family: arial, helvetica, sans-serif;\">Al dar la bienvenida, el secretario de Administraci\u00f3n y Finanzas, Luis Alberto de la Vega, explic\u00f3 el contenido del acuerdo que consiste en e<span lang=\"ES\">l pago diferencial del sueldo entre plazas federalizadas y estatales para jefes de sector, inspectores y supervisores de educaci\u00f3n b\u00e1sica, la creaci\u00f3n de 50 nuevas plazas: 20 de prefectura, 10 de auxiliar administrativo, 10 de auxiliar de intendencia y 10 de auxiliar de educadora.<\/span><\/span><\/p>\n<p class=\"x_MsoNormal\" style=\"text-align: justify;\"><span lang=\"ES\" style=\"font-size: 14pt; font-family: arial, helvetica, sans-serif;\"><\/span><\/p>\n<p class=\"x_MsoNormal\" style=\"text-align: justify;\"><span lang=\"ES\" style=\"font-size: 14pt; font-family: arial, helvetica, sans-serif;\">De igual manera, hacer efectivo el recurso de 30 millones de pesos para seguir cumpliendo con el pago de gratificaci\u00f3n por jubilaci\u00f3n y de renuncia a los pensionados por vejez de acuerdo al manual de prestaciones del COBAES. El aumento del Bono de D\u00eda del Maestro para trabajadores jubilados, pasando de 600 a 1,000 pesos a partir del a\u00f1o 2022.<\/span><\/p>\n<p class=\"x_MsoNormal\" style=\"text-align: justify;\"><span lang=\"ES\" style=\"font-size: 14pt; font-family: arial, helvetica, sans-serif;\"><\/span><\/p>\n<p class=\"x_MsoNormal\" style=\"text-align: justify;\"><span lang=\"ES\" style=\"font-size: 14pt; font-family: arial, helvetica, sans-serif;\">Y la aportaci\u00f3n de ocho millones de pesos para la adquisici\u00f3n de dos predios ubicados en las ciudades de Mazatl\u00e1n y Los Mochis, donde se construir\u00e1n centros recreativos.<\/span><\/p>\n<p style=\"text-align: justify;\">&nbsp;<\/p>\n<p style=\"text-align: justify;\">&nbsp;<\/p>\n<p style=\"text-align: justify;\">&nbsp;<\/p>\n<p style=\"text-align: justify;\"><span style=\"font-size: 14pt; font-family: arial, helvetica, sans-serif;\">REDACCI\u00d3N\/VISI\u00d3N CIUDADANA.<\/span><\/p>\n","protected":false},"excerpt":{"rendered":"<p>&nbsp; Con la firma del acuerdo entre el Gobierno del Estado y el Sindicato Nacional de Trabajadores de la Educaci\u00f3n (SNTE) Secci\u00f3n 53, suscrito por el gobernador Quirino Ordaz Coppel y el l\u00edder magisterial, Fernando Sandoval Angulo, se otorga certeza laboral a 17 mil trabajadores activos y a otros 10 mil jubilados y pensionados. &nbsp; [&hellip;]<\/p>\n","protected":false},"author":1,"featured_media":971,"comment_status":"closed","ping_status":"closed","sticky":false,"template":"","format":"standard","meta":{"footnotes":""},"categories":[24],"tags":[],"ppma_author":[31],"class_list":["post-17115","post","type-post","status-publish","format-standard","has-post-thumbnail","hentry","category-relevantes"],"aioseo_notices":[],"authors":[{"term_id":31,"user_id":1,"is_guest":0,"slug":"ivan3vino","display_name":"Iv\u00e1n Trevi\u00f1o","avatar_url":{"url":"https:\/\/visionciudadana.com.mx\/oficial\/wp-content\/uploads\/2025\/09\/columna-ivan-Trevino.png","url2x":"https:\/\/visionciudadana.com.mx\/oficial\/wp-content\/uploads\/2025\/09\/columna-ivan-Trevino.png"},"0":null,"1":"","2":"","3":"","4":"","5":"","6":"","7":"","8":""}],"_links":{"self":[{"href":"https:\/\/visionciudadana.com.mx\/oficial\/wp-json\/wp\/v2\/posts\/17115","targetHints":{"allow":["GET"]}}],"collection":[{"href":"https:\/\/visionciudadana.com.mx\/oficial\/wp-json\/wp\/v2\/posts"}],"about":[{"href":"https:\/\/visionciudadana.com.mx\/oficial\/wp-json\/wp\/v2\/types\/post"}],"author":[{"embeddable":true,"href":"https:\/\/visionciudadana.com.mx\/oficial\/wp-json\/wp\/v2\/users\/1"}],"replies":[{"embeddable":true,"href":"https:\/\/visionciudadana.com.mx\/oficial\/wp-json\/wp\/v2\/comments?post=17115"}],"version-history":[{"count":1,"href":"https:\/\/visionciudadana.com.mx\/oficial\/wp-json\/wp\/v2\/posts\/17115\/revisions"}],"predecessor-version":[{"id":30903,"href":"https:\/\/visionciudadana.com.mx\/oficial\/wp-json\/wp\/v2\/posts\/17115\/revisions\/30903"}],"wp:featuredmedia":[{"embeddable":true,"href":"https:\/\/visionciudadana.com.mx\/oficial\/wp-json\/wp\/v2\/posts\/971"}],"wp:attachment":[{"href":"https:\/\/visionciudadana.com.mx\/oficial\/wp-json\/wp\/v2\/media?parent=17115"}],"wp:term":[{"taxonomy":"category","embeddable":true,"href":"https:\/\/visionciudadana.com.mx\/oficial\/wp-json\/wp\/v2\/categories?post=17115"},{"taxonomy":"post_tag","embeddable":true,"href":"https:\/\/visionciudadana.com.mx\/oficial\/wp-json\/wp\/v2\/tags?post=17115"},{"taxonomy":"author","embeddable":true,"href":"https:\/\/visionciudadana.com.mx\/oficial\/wp-json\/wp\/v2\/ppma_author?post=17115"}],"curies":[{"name":"wp","href":"https:\/\/api.w.org\/{rel}","templated":true}]}}