{"id":17114,"date":"2021-06-28T21:00:53","date_gmt":"2021-06-28T21:00:53","guid":{"rendered":"https:\/\/visionciudadana.com.mx\/chio\/2021\/06\/28\/el-virus-sars-cov-2-que-produce-la-enfermedad-del-covid-19-esta-haciendo-estragos-en-sinaloa-y-mexico\/"},"modified":"2025-06-25T00:12:05","modified_gmt":"2025-06-25T00:12:05","slug":"el-virus-sars-cov-2-que-produce-la-enfermedad-del-covid-19-esta-haciendo-estragos-en-sinaloa-y-mexico","status":"publish","type":"post","link":"https:\/\/visionciudadana.com.mx\/oficial\/2021\/06\/28\/el-virus-sars-cov-2-que-produce-la-enfermedad-del-covid-19-esta-haciendo-estragos-en-sinaloa-y-mexico\/","title":{"rendered":"El virus SARS-CoV-2 que produce la enfermedad del COVID 19 est\u00e1 haciendo estragos en Sinaloa y M\u00e9xico."},"content":{"rendered":"<p>&nbsp;<\/p>\n<div><img fetchpriority=\"high\" decoding=\"async\" src=\"images\/2021\/junio21\/el-virus.jpg\" alt=\"el virus\" width=\"780\" height=\"420\" style=\"display: block; margin-left: auto; margin-right: auto;\" \/><\/p>\n<\/div>\n<div style=\"text-align: justify;\"><span style=\"font-size: 14pt; font-family: arial, helvetica, sans-serif;\">En Sinaloa y M\u00e9xico vivimos un pico muy alto de contagios de COVID 19, el virus que ocasiona esta enfermedad est\u00e1 haciendo estragos en nuestro estado y en todo M\u00e9xico, aumentan considerablemente los contagios y las \u00b4p\u00e9rdidas de vida, aun cuando los datos oficiales no reflejan la realidad que est\u00e1 pasando, coment\u00f3 H\u00e9ctor Melesio Cu\u00e9n Ojeda, presidente del Partido Sinaloense.<\/span><\/div>\n<div style=\"text-align: justify;\">\n<p><span style=\"font-size: 14pt; font-family: arial, helvetica, sans-serif;\">\u201cAqu\u00ed en Sinaloa ya est\u00e1bamos en sem\u00e1foro verde, sin embargo, debido al descuido que nosotros hemos tenido como ciudadanos y los diferentes \u00f3rganos de gobierno donde le han dado prioridad a la econom\u00eda, el estado vive un serio retroceso\u201d, fue la forma en que lo expres\u00f3 Cu\u00e9n Ojeda.<\/span><\/div>\n<div style=\"text-align: justify;\">\n<p><span style=\"font-size: 14pt; font-family: arial, helvetica, sans-serif;\">A nivel mundial tenemos serios problemas debido a que el virus, es decir el agente pat\u00f3geno est\u00e1 permanentemente mutando (cambiando) y con ello se est\u00e1n generando nuevas variedades que disminuyen la eficiencia de las vacunas, junto a lo anterior, aqu\u00ed en Sinaloa se agrava el problema porque tan solo tenemos vacunados al 20 % de la poblaci\u00f3n, muy por debajo de lo recomendado para alcanzar una inmunidad importante.<\/span><\/div>\n<div style=\"text-align: justify;\">\n<p><span style=\"font-size: 14pt; font-family: arial, helvetica, sans-serif;\">Es muy importante que nos sigamos cuidando, que sigamos el protocolo que indican las autoridades de salud, principalmente el uso del cubrebocas y guardar la sana distancia, recordemos que todas las vacunas tienen una eficiencia inferior al 100 %.<\/span><\/div>\n<div style=\"text-align: justify;\">\n<p><span style=\"font-size: 14pt; font-family: arial, helvetica, sans-serif;\">Requerimos que en Sinaloa y en M\u00e9xico tengamos lo que se denomina inmunidad colectiva o tambi\u00e9n conocida como inmunidad de reba\u00f1o, lo cual se alcanza vacunando al 70 % de la poblaci\u00f3n, para lo cual nos falta mucho.<\/span><\/div>\n<div style=\"text-align: justify;\">\n<p><span style=\"font-size: 14pt; font-family: arial, helvetica, sans-serif;\">Una variante del virus que provoca el COVID 19 se debe a la mutaci\u00f3n del virus, que implica un cambio en la prote\u00edna de su superficie, lo cual hace que la vacuna pierda su eficiencia; los anticuerpos que genera la vacuna. Ya tenemos 4 variantes de virus, la \u00faltima se identifica como delta y es 97 % m\u00e1s contagiosa que la cepa original.<\/span><\/div>\n<div style=\"text-align: justify;\">\n<p><span style=\"font-size: 14pt; font-family: arial, helvetica, sans-serif;\">Finalmente, Cu\u00e9n Ojeda se\u00f1al\u00f3 categ\u00f3ricamente que lo que tenemos que hacer es vacunarnos y aun as\u00ed guardar los protocolos de cuidado.<\/span><\/div>\n<div style=\"text-align: justify;\">&nbsp;<\/div>\n<div style=\"text-align: justify;\">&nbsp;<\/div>\n<div style=\"text-align: justify;\">&nbsp;<\/div>\n<div style=\"text-align: justify;\"><span style=\"font-size: 14pt; font-family: arial, helvetica, sans-serif;\">REDACCI\u00d3N\/VISI\u00d3N CIUDADANA.<\/span><\/div>\n","protected":false},"excerpt":{"rendered":"<p>&nbsp; En Sinaloa y M\u00e9xico vivimos un pico muy alto de contagios de COVID 19, el virus que ocasiona esta enfermedad est\u00e1 haciendo estragos en nuestro estado y en todo M\u00e9xico, aumentan considerablemente los contagios y las \u00b4p\u00e9rdidas de vida, aun cuando los datos oficiales no reflejan la realidad que est\u00e1 pasando, coment\u00f3 H\u00e9ctor Melesio [&hellip;]<\/p>\n","protected":false},"author":1,"featured_media":969,"comment_status":"closed","ping_status":"closed","sticky":false,"template":"","format":"standard","meta":{"footnotes":""},"categories":[24],"tags":[],"ppma_author":[31],"class_list":["post-17114","post","type-post","status-publish","format-standard","has-post-thumbnail","hentry","category-relevantes"],"aioseo_notices":[],"authors":[{"term_id":31,"user_id":1,"is_guest":0,"slug":"ivan3vino","display_name":"Iv\u00e1n Trevi\u00f1o","avatar_url":{"url":"https:\/\/visionciudadana.com.mx\/oficial\/wp-content\/uploads\/2025\/09\/columna-ivan-Trevino.png","url2x":"https:\/\/visionciudadana.com.mx\/oficial\/wp-content\/uploads\/2025\/09\/columna-ivan-Trevino.png"},"0":null,"1":"","2":"","3":"","4":"","5":"","6":"","7":"","8":""}],"_links":{"self":[{"href":"https:\/\/visionciudadana.com.mx\/oficial\/wp-json\/wp\/v2\/posts\/17114","targetHints":{"allow":["GET"]}}],"collection":[{"href":"https:\/\/visionciudadana.com.mx\/oficial\/wp-json\/wp\/v2\/posts"}],"about":[{"href":"https:\/\/visionciudadana.com.mx\/oficial\/wp-json\/wp\/v2\/types\/post"}],"author":[{"embeddable":true,"href":"https:\/\/visionciudadana.com.mx\/oficial\/wp-json\/wp\/v2\/users\/1"}],"replies":[{"embeddable":true,"href":"https:\/\/visionciudadana.com.mx\/oficial\/wp-json\/wp\/v2\/comments?post=17114"}],"version-history":[{"count":1,"href":"https:\/\/visionciudadana.com.mx\/oficial\/wp-json\/wp\/v2\/posts\/17114\/revisions"}],"predecessor-version":[{"id":30904,"href":"https:\/\/visionciudadana.com.mx\/oficial\/wp-json\/wp\/v2\/posts\/17114\/revisions\/30904"}],"wp:featuredmedia":[{"embeddable":true,"href":"https:\/\/visionciudadana.com.mx\/oficial\/wp-json\/wp\/v2\/posts\/969"}],"wp:attachment":[{"href":"https:\/\/visionciudadana.com.mx\/oficial\/wp-json\/wp\/v2\/media?parent=17114"}],"wp:term":[{"taxonomy":"category","embeddable":true,"href":"https:\/\/visionciudadana.com.mx\/oficial\/wp-json\/wp\/v2\/categories?post=17114"},{"taxonomy":"post_tag","embeddable":true,"href":"https:\/\/visionciudadana.com.mx\/oficial\/wp-json\/wp\/v2\/tags?post=17114"},{"taxonomy":"author","embeddable":true,"href":"https:\/\/visionciudadana.com.mx\/oficial\/wp-json\/wp\/v2\/ppma_author?post=17114"}],"curies":[{"name":"wp","href":"https:\/\/api.w.org\/{rel}","templated":true}]}}